{"id":39707,"date":"2025-06-02T08:08:37","date_gmt":"2025-06-02T08:08:37","guid":{"rendered":"https:\/\/calatorinromania.com\/?p=39707"},"modified":"2025-06-02T08:08:37","modified_gmt":"2025-06-02T08:08:37","slug":"fiica-mea-sofia-si-fiica-mea-vitrega-ana-sunt-ca-niste-gemene","status":"publish","type":"post","link":"https:\/\/calatorinromania.com\/?p=39707","title":{"rendered":"Fiica mea Sofia \u0219i fiica mea vitreg\u0103 Ana sunt ca ni\u0219te gemene"},"content":{"rendered":"\n<p>Uneori, oamenii care ar trebui s\u0103 ne iubeasc\u0103 cel mai mult se dovedesc a fi cei mai cruzi. Nu mi-am imaginat niciodat\u0103 c\u0103 cineva ar putea fi at\u00e2t de crud cu un copil. \u00cen diminea\u021ba concursului \u0219colar, rochia fiicei mele a fost distrus\u0103. Ceea ce a durut cel mai mult nu a fost paguba\u2026 ci s\u0103 \u0219tiu exact cine a f\u0103cut-o \u0219i de ce.<\/p>\n\n\n\n<p><\/p>\n\n\n\n<p>Cronometrul din buc\u0103t\u0103rie a sunat \u00een timp ce am scos ultima tav\u0103 cu pr\u0103jituri cu ciocolat\u0103, aroma dulce umpl\u00e2nd casa noastr\u0103 modest\u0103 din suburbie. Sus, chicoteli pluteau pe coridor unde fiicele mele erau \u00eentinse pe covor, pl\u0103nuind \u021binutele pentru concursul \u0219colar.<\/p>\n\n\n\n<p><\/p>\n\n\n\n<p>La \u0219ase ani de la c\u0103s\u0103toria mea cu David, acele sunete \u00eenc\u0103 \u00eemi umpleau inima de bucurie. S\u0103 le v\u0103d pe fiicele noastre, Sofia \u0219i Ana \u2014 tehnic, fiica mea \u0219i fiica lui din c\u0103s\u0103toriile noastre anterioare \u2014 devenind inseparabile a fost cel mai mare dar al acestei familii unite.<\/p>\n\n\n\n<p><\/p>\n\n\n\n<p>\u201eMama! Putem s\u0103 lu\u0103m pr\u0103jituri acum?\u201d a strigat Sofia de sus.<\/p>\n\n\n\n<p><\/p>\n\n\n\n<p>\u201eDoar dac\u0103 a\u021bi terminat temele!\u201d am strigat \u00eenapoi.<\/p>\n\n\n\n<p><\/p>\n\n\n\n<p>Pa\u0219i tunitoari au cobor\u00e2t sc\u0103rile \u00een timp ce ambele fete, acum de 15 ani, au n\u0103v\u0103lit \u00een buc\u0103t\u0103rie, r\u00e2z\u00e2nd.<\/p>\n\n\n\n<p><\/p>\n\n\n\n<p>\u201eMurim de foame,\u201d a proclamat Ana dramatic, \u00eentinz\u00e2nd m\u00e2na dup\u0103 o pr\u0103jitur\u0103. Buclele ei \u00eenchise la culoare sem\u0103nau cu ale tat\u0103lui ei, \u00een timp ce pletele blonde ale Sofiei veneau de la mine.<\/p>\n\n\n\n<p><\/p>\n\n\n\n<p>\u201eTata o s\u0103 \u00eent\u00e2rzie din nou, nu-i a\u0219a?\u201d a \u00eentrebat Sofia, a\u0219ez\u00e2ndu-se pe un scaun de bar.<\/p>\n\n\n\n<p><\/p>\n\n\n\n<p>Am dat din cap, \u00eemping\u00e2nd pahare cu lapte spre ele. \u201e\u0218edin\u021b\u0103 de buget. A spus s\u0103 nu-l a\u0219tept\u0103m.\u201d<\/p>\n\n\n\n<p><\/p>\n\n\n\n<p>\u201eHei, a\u021bi v\u0103zut flutura\u0219ul? Pentru Concursul de Prim\u0103var\u0103?\u201d a \u00eentrebat Ana, ochii ei str\u0103lucind de entuziasm. \u201eAr trebui s\u0103 particip\u0103m cu adev\u0103rat.\u201d<\/p>\n\n\n\n<p><\/p>\n\n\n\n<p>Sofia a ezitat. \u201eNu \u0219tiu\u2026\u201d<\/p>\n\n\n\n<p><\/p>\n\n\n\n<p>\u201eHai! Am putea purta rochii identice \u0219i tot,\u201d a insistat Ana.<\/p>\n\n\n\n<p><\/p>\n\n\n\n<p>\u201e\u0218i cine o s\u0103 fac\u0103 aceste rochii identice?\u201d am ridicat o spr\u00e2ncean\u0103, \u0219tiind deja c\u0103 m\u0103 voi oferi voluntar.<\/p>\n\n\n\n<p><\/p>\n\n\n\n<p>Am\u00e2ndou\u0103 s-au \u00eentors spre mine cu expresii identice de rug\u0103minte.<\/p>\n\n\n\n<p><\/p>\n\n\n\n<p>\u201eTe rog, mama? E\u0219ti grozav\u0103 cu ma\u0219ina de cusut,\u201d a spus Sofia.<\/p>\n\n\n\n<p><\/p>\n\n\n\n<p>\u201eTe rog, Elena?\u201d a f\u0103cut ecou Ana. Nu m-a numit niciodat\u0103 \u201emama,\u201d dar felul \u00een care \u00eemi spunea numele purta aceea\u0219i c\u0103ldur\u0103.<\/p>\n\n\n\n<p><\/p>\n\n\n\n<p>Cum puteam s\u0103 spun nu la acele fe\u021be?<\/p>\n\n\n\n<p><\/p>\n\n\n\n<p>\u201eBine,\u201d am r\u00e2s. \u201eDar m\u0103 ajuta\u021bi am\u00e2ndou\u0103 cu designul.\u201d<\/p>\n\n\n\n<p>Mai t\u00e2rziu \u00een noaptea aceea, \u00een timp ce David s-a strecurat \u00een pat l\u00e2ng\u0103 mine, am \u0219optit: \u201eFetele vor s\u0103 participe la Concursul de Prim\u0103var\u0103. \u00cempreun\u0103.\u201d<\/p>\n\n\n\n<p>M-a tras aproape. \u201eE grozav. Mama a sunat, apropo. Ne vrea pe to\u021bi duminic\u0103 la cin\u0103.\u201d<\/p>\n\n\n\n<p>Mi s-a str\u00e2ns stomacul. \u201eWendy ne-a invitat pe to\u021bi?\u201d<\/p>\n\n\n\n<p>Chiar \u0219i \u00een \u00eentuneric, am sim\u021bit ezitarea lui. \u201eEi bine, a \u00eentrebat specific de Ana, dar\u2014\u201d<\/p>\n\n\n\n<p>\u201eE \u00een regul\u0103,\u201d l-am \u00eentrerupt. \u201eMergem to\u021bi. Au trecut s\u0103pt\u0103m\u00e2ni de la ultimul ei\u2026 comentariu.\u201d<\/p>\n\n\n\n<p>David a oftat. \u201eAm vorbit cu ea de at\u00e2tea ori, Elena. Nu \u0219tiu ce altceva s\u0103 fac.\u201d<\/p>\n\n\n\n<p>I-am str\u00e2ns m\u00e2na. \u201eContinu\u0103m s\u0103-i ar\u0103t\u0103m c\u0103 suntem o familie\u2026 cu to\u021bii.\u201d<\/p>\n\n\n\n<p>Cina de duminic\u0103 la casa colonial\u0103 \u00eentins\u0103 a lui Wendy era \u00eentotdeauna un exerci\u021biu de autocontrol. \u0218i ziua aceea nu a fost o excep\u021bie.<\/p>\n\n\n\n<p>\u201eAna, drag\u0103, \u021bi-am luat ceva,\u201d a anun\u021bat dup\u0103 ce am terminat friptura ei faimoas\u0103. A scos o cutie mic\u0103 de bijuterii \u0219i i-a dat-o nepoatei sale.<\/p>\n\n\n\n<p>Ana a deschis-o \u0219i a g\u0103sit o br\u0103\u021bar\u0103 de argint delicat\u0103 cu un charm \u00een form\u0103 de inim\u0103. \u201eUau, mul\u021bumesc, bunico!\u201d<\/p>\n\n\n\n<p>Sofia a stat \u00een t\u0103cere l\u00e2ng\u0103 ea, ochii tri\u0219ti fixa\u021bi pe farfuria ei goal\u0103. Am sim\u021bit o arsur\u0103 familiar\u0103 \u00een piept.<\/p>\n\n\n\n<p>\u201eFetele au ve\u0219ti interesante,\u201d am spus, for\u021b\u00e2nd str\u0103lucire \u00een vocea mea. \u201eAm\u00e2ndou\u0103 particip\u0103 la Concursul de Prim\u0103var\u0103 de la \u0219coal\u0103.\u201d<\/p>\n\n\n\n<p>\u201eC\u00e2t de frumos,\u201d a r\u0103spuns Wendy, z\u00e2mbetul ei estomp\u00e2ndu-se u\u0219or. \u201eAna, vei fi minunat\u0103 pe scen\u0103. Ai gra\u021bia mamei tale decedate.\u201d<\/p>\n\n\n\n<p>David \u0219i-a dr\u0103g\u0103lit g\u00e2tul. \u201eAm\u00e2ndou\u0103 fetele vor fi minunate.\u201d<\/p>\n\n\n\n<p>\u201eDesigur,\u201d a spus Wendy cu dispre\u021buire, apoi s-a \u00eentors spre Ana. \u201ePor\u021bi rochia albastr\u0103 pe care am v\u0103zut-o la mall luna trecut\u0103?\u201d<\/p>\n\n\n\n<p>\u201eDe fapt,\u201d am intervenit, \u201ele fac rochiile. Identice.\u201d<\/p>\n\n\n\n<p>Spr\u00e2ncenele lui Wendy s-au ridicat brusc. \u201eIdentice? Dar Ana ar trebui s\u0103 ias\u0103 \u00een eviden\u021b\u0103. Are aspectul potrivit.\u201d<\/p>\n\n\n\n<p>\u201eMama?\u201d a avertizat David.<\/p>\n\n\n\n<p>\u201eCe? Spun doar c\u0103 unele fete sunt \u00een mod natural mai potrivite pentru astfel de lucruri. E genetic\u0103.\u201d<\/p>\n\n\n\n<p>Sofia \u0219i-a \u00eempins scaunul pu\u021bin \u00eenapoi. \u201ePot s\u0103 fiu scuzat\u0103? Trebuie s\u0103 merg la baie.\u201d<\/p>\n\n\n\n<p>Dup\u0103 ce a plecat, m-am aplecat \u00eenainte. \u201eWendy, am discutat despre asta. Am\u00e2ndou\u0103 fetele merit\u0103 tratament egal.\u201d<\/p>\n\n\n\n<p>\u201eTratament egal?\u201d A r\u00e2s. \u201eElena, drag\u0103, nu sunt crud\u0103. Sunt realist\u0103. Sofia este fiica TA. Nu a lui David. De ce s\u0103 ne prefacem altfel?\u201d<\/p>\n\n\n\n<p>\u201ePentru c\u0103 suntem o familie,\u201d a spus David ferm. \u201eCu to\u021bii.\u201d<\/p>\n\n\n\n<p>\u201eFamilia \u00eenseamn\u0103 s\u00e2nge,\u201d a \u0219uierat Wendy, vocea ei tare ca piatra. \u201eNu po\u021bi schimba asta cu g\u00e2ndire wishful. Sofia nu este nepoata mea. \u0218i nu va fi niciodat\u0103.\u201d<\/p>\n\n\n\n<p>\u201eMama, po\u021bi te rog s\u0103\u2014\u201d<\/p>\n\n\n\n<p>\u201eDavid, e \u00een regul\u0103.\u201d L-am \u00eentrerupt bl\u00e2nd, \u00eentorc\u00e2ndu-m\u0103 deja spre sc\u0103ri. \u201eS\u0103 mergem acas\u0103.\u201d<\/p>\n\n\n\n<p>M-am \u00eendreptat sus s\u0103 iau fetele.<\/p>\n\n\n\n<hr class=\"wp-block-separator has-alpha-channel-opacity\"\/>\n\n\n\n<p>S\u0103pt\u0103m\u00e2ni \u00eentregi, am stat treaz p\u00e2n\u0103 t\u00e2rziu lucr\u00e2nd la rochii \u2014 satin albastru deschis cu flori brodate manual pe corsaje. Fetele le probau, \u00eenv\u00e2rtindu-se \u00een fa\u021ba oglinzii, f\u0103c\u00e2nd planuri pentru p\u0103r \u0219i machiaj.<\/p>\n\n\n\n<p>\u201eAcestea sunt cele mai frumoase rochii din lume!\u201d a exclamat Sofia \u00een timpul probei finale, trec\u00e2ndu-\u0219i degetele de-a lungul dantelei delicate.<\/p>\n\n\n\n<p>\u201eElena, e\u0219ti un geniu!\u201d a fost de acord Ana, examin\u00e2ndu-\u0219i reflexia.<\/p>\n\n\n\n<p>Am z\u00e2mbit, epuizat\u0103 dar m\u00e2ndr\u0103. \u201eAm\u00e2ndou\u0103 ve\u021bi fura spectacolul.\u201d<\/p>\n\n\n\n<p>Concursul era programat s\u00e2mb\u0103t\u0103 diminea\u021ba la centrul comunitar de l\u00e2ng\u0103 cartierul lui Wendy. Din moment ce era o plecare devreme, David a sugerat s\u0103 st\u0103m la mama lui \u00een noaptea de dinainte.<\/p>\n\n\n\n<p>\u201eAre sens,\u201d a spus c\u00e2nd mi-am exprimat \u00eengrijorarea. \u201eE la cinci minute de loca\u021bia evenimentului. Ar trebui s\u0103 plec\u0103m de acas\u0103 \u00een zori altfel.\u201d<\/p>\n\n\n\n<p>\u201eDar rochiile\u2014\u201d<\/p>\n\n\n\n<p>\u201eLe vom lua cu noi \u0219i le vom p\u0103stra \u00een siguran\u021b\u0103. E o noapte, Elena.\u201d<\/p>\n\n\n\n<p>Am cedat, spun\u00e2ndu-mi c\u0103 sunt paranoic\u0103. Wendy nu s-ar cobori at\u00e2t de jos \u00eenc\u00e2t s\u0103 saboteze momentul unui copil. Nu-i a\u0219a?<\/p>\n\n\n\n<hr class=\"wp-block-separator has-alpha-channel-opacity\"\/>\n\n\n\n<p>Vineri seara ne-am instalat \u00een camerele de oaspe\u021bi ale lui Wendy. Am at\u00e2rnat cu grij\u0103 am\u00e2ndou\u0103 rochiile \u00een dulapul din camera fetelor, asigur\u00e2ndu-m\u0103 c\u0103 nu se vor \u0219ifona peste noapte.<\/p>\n\n\n\n<p>La cin\u0103, Wendy a fost neobi\u0219nuit de pl\u0103cut\u0103, \u00eentreb\u00e2nd fetele despre \u0219coal\u0103 \u0219i preg\u0103tirile pentru concurs. Am \u00eenceput s\u0103 m\u0103 relaxez, g\u00e2ndind c\u0103 poate am judecat-o gre\u0219it.<\/p>\n\n\n\n<p>Dup\u0103 desert, Sofia s-a \u00eentors spre Wendy. \u201eBunico, pot s\u0103-mi \u00eencerc rochia \u00eenc\u0103 o dat\u0103? Doar s\u0103 m\u0103 asigur c\u0103 totul e perfect?\u201d<\/p>\n\n\n\n<p>Camera a devenit t\u0103cut\u0103. Era prima dat\u0103 c\u00e2nd Sofia o numea \u201ebunico\u201d direct.<\/p>\n\n\n\n<p>Z\u00e2mbetul lui Wendy s-a \u00eencordat. \u201eNu cred c\u0103 e o idee bun\u0103. Ai putea s\u0103 p\u0103tezi ceva pe ea.\u201d<\/p>\n\n\n\n<p>\u201eVoi fi super atent\u0103,\u201d a promis Sofia.<\/p>\n\n\n\n<p>\u201eAm spus nu.\u201d Vocea lui Wendy a devenit rece. \u201e\u00cen plus, feti\u021ba mea, aceste concursuri sunt despre gra\u021bie \u0219i frumuse\u021be natural\u0103. Unele fete pur \u0219i simplu o au, iar altele\u2026\u201d A l\u0103sat propozi\u021bia s\u0103 at\u00e2rne.<\/p>\n\n\n\n<p>Fa\u021ba Sofiei s-a \u00eencre\u021bit u\u0219or \u00eenainte s\u0103 se recompun\u0103. \u201eAi dreptate. Mai bine s-o p\u0103strez pentru m\u00e2ine.\u201d<\/p>\n\n\n\n<p>Mai t\u00e2rziu, \u00een timp ce le culcam pe fete, Sofia a \u0219optit: \u201eM\u0103 ur\u0103\u0219te, nu-i a\u0219a?\u201d<\/p>\n\n\n\n<p>\u201eNu, drag\u0103,\u201d am min\u021bit. \u201eEa doar\u2026 nu \u0219tie \u00eenc\u0103 cum s\u0103 fie bunic\u0103 pentru am\u00e2ndou\u0103.\u201d<\/p>\n\n\n\n<p>\u201eAu trecut \u0219ase ani, mama.\u201d<\/p>\n\n\n\n<p>Nu am avut niciun r\u0103spuns pentru asta.<\/p>\n\n\n\n<hr class=\"wp-block-separator has-alpha-channel-opacity\"\/>\n\n\n\n<p>Haosul dimine\u021bii a \u00eenceput fix la 7 diminea\u021ba cu du\u0219uri, micul dejun, p\u0103rul\u2026 totul. Toat\u0103 lumea se gr\u0103bea s\u0103 fie gata p\u00e2n\u0103 la nou\u0103. \u00cen momentul \u00een care am ajuns la loca\u021bia evenimentului, fetele au fugit la camera de schimb, iar David a r\u0103mas \u00een urm\u0103 s\u0103 descarce ma\u0219ina.<\/p>\n\n\n\n<p>\u00cemi aranjam cerceii c\u00e2nd Sofia a ie\u0219it \u00een grab\u0103 din camer\u0103, cu lacrimi \u0219iroind pe fa\u021b\u0103.<\/p>\n\n\n\n<p>\u201eMAMA?? Rochia mea\u2026\u201d<\/p>\n\n\n\n<p>Inima mi s-a oprit. \u201eCe s-a \u00eent\u00e2mplat, drag\u0103?\u201d<\/p>\n\n\n\n<p>\u201eE DISTRUS\u0102.\u201d<\/p>\n\n\n\n<p>M-am repezit la camera fetelor. Ana st\u0103tea acolo \u00een rochia ei perfect\u0103, p\u0103r\u00e2nd \u0219ocat\u0103. \u0218i acolo, pe mas\u0103, z\u0103cea rochia Sofiei. O ruptur\u0103 alerga de-a lungul cus\u0103turii laterale, o pat\u0103 ur\u00e2t\u0103 maro \u00eentins\u0103 pe corsaj, \u0219i cel mai r\u0103u, o zon\u0103 ars\u0103 trecea chiar prin florile brodate.<\/p>\n\n\n\n<p>\u201eOh, Dumnezeule\u2026 ce s-a \u00eent\u00e2mplat?\u201d am \u0219optit, ridic\u00e2nd-o cu m\u00e2ini tremur\u0103toare.<\/p>\n\n\n\n<p>\u201eNu \u0219tiu,\u201d a s\u00e2ngerat Sofia. \u201eEra bine c\u00e2nd am v\u0103zut-o \u00een dulap asear\u0103. Dar c\u00e2nd am scos-o din pung\u0103 s\u0103 m\u0103 \u00eembrac, era a\u0219a.\u201d<\/p>\n\n\n\n<p>M-am uitat prin camer\u0103 c\u00e2nd un tu\u0219it u\u0219or a venit din pragul u\u0219ii. Wendy st\u0103tea acolo, \u00eembr\u0103cat\u0103 impecabil, uit\u00e2ndu-se la noi.<\/p>\n\n\n\n<p>\u201eCe p\u0103cat,\u201d a spus, vocea ei picur\u00e2nd de o simpatie fals\u0103. \u201eDar unele lucruri nu sunt menite s\u0103 fie. Poate c\u0103 e un semn.\u201d<\/p>\n\n\n\n<p>\u201eUn semn de ce?\u201d am pocnit.<\/p>\n\n\n\n<p>\u201eC\u0103 unele fete nu-\u0219i au locul pe acea scen\u0103. Nu-\u021bi face griji, Sofia. Po\u021bi s\u0103 o prive\u0219ti pe Ana cum str\u0103luce\u0219te.\u201d<\/p>\n\n\n\n<p>David a ap\u0103rut \u00een spatele mamei sale. \u201eCe se \u00eent\u00e2mpl\u0103? Spectacolul \u00eencepe \u00een cinci minute.\u201d<\/p>\n\n\n\n<p>\u00cenainte s\u0103 pot r\u0103spunde, Ana a f\u0103cut un pas \u00eenainte, fa\u021ba ei hot\u0103r\u00e2t\u0103. \u201eCred c\u0103 bunica a stricat rochia Sofiei.\u201d<\/p>\n\n\n\n<p>\u201eCe?\u201d David s-a uitat \u00eentre toate. \u201eMama, tu ai\u2026?\u201d<\/p>\n\n\n\n<p>\u201eDesigur c\u0103 nu,\u201d a r\u00e2s pe nas Wendy. \u201eNu fi ridicol.\u201d<\/p>\n\n\n\n<p>\u201eTe-am v\u0103zut,\u201d a replicat Ana. \u201eAsear\u0103. Ai intrat c\u00e2nd credeai c\u0103 dormim. Ai luat rochia Sofiei. Am crezut c\u0103 o c\u0103lcai.\u201d<\/p>\n\n\n\n<p>Camera a devenit t\u0103cut\u0103, \u0219i fa\u021ba lui Wendy s-a \u00eent\u0103rit.<\/p>\n\n\n\n<p>\u201eAna, drag\u0103, trebuie s\u0103 fi visat.\u201d<\/p>\n\n\n\n<p>\u201eNu visam.\u201d Vocea Anei nu a tremurat. Apoi, spre \u0219ocul tuturor, a \u00eentins m\u00e2na \u00een spate \u0219i \u0219i-a dat jos fermoarul rochiei, ie\u0219ind din ea. St\u00e2nd \u00een combinezon \u0219i ciorapi, i-a \u00eentins rochia albastr\u0103 Sofiei.<\/p>\n\n\n\n<p>\u201eUite, ia-o pe a mea.\u201d<\/p>\n\n\n\n<p>Sofia s-a dat \u00eenapoi. \u201eNu, nu pot\u2014\u201d<\/p>\n\n\n\n<p>\u201eBa da, po\u021bi,\u201d a insistat Ana, \u00eembr\u0103\u021bi\u0219\u00e2nd-o. \u201eSuntem surori. Asta fac surorile.\u201d<\/p>\n\n\n\n<p>\u201eAna!\u201d a r\u0103mas f\u0103r\u0103 respira\u021bie Wendy. \u201e\u00cembrac\u0103 rochia aia \u00eenapoi imediat!\u201d<\/p>\n\n\n\n<p>Ana a ignorat-o, ajut\u00e2nd-o pe Sofia s\u0103 intre \u00een rochie. \u201eNu conteaz\u0103 care dintre noi o poart\u0103. Am\u00e2ndou\u0103 ne-au locul pe acea scen\u0103.\u201d<\/p>\n\n\n\n<p>\u201eNu voi permite asta.\u201d<\/p>\n\n\n\n<p>David \u0219i-a g\u0103sit \u00een sf\u00e2r\u0219it vocea. \u201eBa da, vei permite. Sau po\u021bi explica tuturor de la concurs exact de ce o rochie e distrus\u0103 \u0219i nepoata ta nu particip\u0103.\u201d<\/p>\n\n\n\n<p>Fa\u021ba lui Wendy a devenit alb\u0103. \u201eEa nu este nepoata mea.\u201d<\/p>\n\n\n\n<p>\u201eBa da, este,\u201d a spus Ana cu \u00eenver\u0219unare. \u201e\u0218i dac\u0103 nu po\u021bi vedea asta, apoi poate c\u0103 nu vreau s\u0103 fiu nici eu nepoata ta.\u201d<\/p>\n\n\n\n<p>Centrul comunitar vibra de entuziasm \u00een timp ce familiile umpleau auditoriul. \u00cen spatele scenei, am ajutat s\u0103 ajustez rochia \u00eemprumutat\u0103 a Sofiei \u00een timp ce Ana \u0219edea aproape \u00een jeans \u0219i bluz\u0103.<\/p>\n\n\n\n<p>\u201eNu trebuie s\u0103 faci asta,\u201d i-a spus din nou Sofia.<\/p>\n\n\n\n<p>Ana a ridicat din umeri. \u201eVor fi alte concursuri. Dar exist\u0103 doar una ca tine.\u201d<\/p>\n\n\n\n<p>C\u00e2nd Sofia a p\u0103\u0219it pe acea scen\u0103, s-a purtat cu o gra\u021bie n\u0103scut\u0103 din \u0219tiin\u021ba c\u0103 era cu adev\u0103rat iubit\u0103. Nu de toat\u0103 lumea\u2026 dar de oamenii care contau cel mai mult.<\/p>\n\n\n\n<p>Nu a c\u00e2\u0219tigat primul loc. A venit pe locul doi, chiar \u00een spatele Emmei \u0219i a rochiei ei croite profesional. Dar c\u00e2nd fetele s-au retras de pe scen\u0103, cu coroanele \u00een m\u00e2n\u0103, m\u00e2ndria din ochii Sofiei valora mai mult dec\u00e2t orice trofeu.<\/p>\n\n\n\n<p>Wendy a plecat \u00eenainte s\u0103 se termine ceremonia, strecur\u00e2ndu-se pe o u\u0219\u0103 lateral\u0103 f\u0103r\u0103 s\u0103-\u0219i ia r\u0103mas bun.<\/p>\n\n\n\n<p>\u00cen seara aceea, \u00een timp ce noi patru s\u0103rb\u0103toream cu pizza \u00een sufrageria noastr\u0103, telefonul lui David a sunat cu un mesaj de la mama lui: \u201eSper c\u0103 e\u0219ti fericit cu alegerea ta.\u201d<\/p>\n\n\n\n<p>Mi l-a ar\u0103tat, apoi a r\u0103spuns: \u201eSunt. E timpul s\u0103-\u021bi faci \u0219i tu alegerea.\u201d<\/p>\n\n\n\n<p>Nu am v\u0103zut-o pe Wendy \u0219ase luni dup\u0103 aceea. C\u00e2nd a sunat \u00een sf\u00e2r\u0219it, a cerut s\u0103 ne vizitez. Apoi, a sosit cu dou\u0103 pungi de cadouri identice \u2014 una pentru Ana \u0219i una pentru Sofia.<\/p>\n\n\n\n<p>Nu era o scuz\u0103 de iertare. Nu era acceptare. Dar era un \u00eenceput.<\/p>\n\n\n\n<p>S\u00e2ngele nu face o familie. Dragostea o face. \u0218i uneori, e nevoie de un copil s\u0103-i \u00eenve\u021be pe un adult ce \u00eenseamn\u0103 cu adev\u0103rat asta.<\/p>\n\n\n\n<p><strong>Dac\u0103 \u021bi-a pl\u0103cut povestea, nu uita s\u0103 o distribui cu prietenii t\u0103i! \u00cempreun\u0103 putem duce mai departe emo\u021bia \u0219i inspira\u021bia.<\/strong><\/p>\n\n\n\n<h2>Navigare \u00een articole<\/h2>\n","protected":false},"excerpt":{"rendered":"<p>Uneori, oamenii care ar trebui s\u0103 ne iubeasc\u0103 cel mai mult se dovedesc a fi cei mai cruzi. Nu mi-am imaginat niciodat\u0103 c\u0103 cineva ar<\/p>\n","protected":false},"author":1,"featured_media":39588,"comment_status":"closed","ping_status":"closed","sticky":false,"template":"","format":"standard","meta":[],"categories":[1],"tags":[],"_links":{"self":[{"href":"https:\/\/calatorinromania.com\/index.php?rest_route=\/wp\/v2\/posts\/39707"}],"collection":[{"href":"https:\/\/calatorinromania.com\/index.php?rest_route=\/wp\/v2\/posts"}],"about":[{"href":"https:\/\/calatorinromania.com\/index.php?rest_route=\/wp\/v2\/types\/post"}],"author":[{"embeddable":true,"href":"https:\/\/calatorinromania.com\/index.php?rest_route=\/wp\/v2\/users\/1"}],"replies":[{"embeddable":true,"href":"https:\/\/calatorinromania.com\/index.php?rest_route=%2Fwp%2Fv2%2Fcomments&post=39707"}],"version-history":[{"count":1,"href":"https:\/\/calatorinromania.com\/index.php?rest_route=\/wp\/v2\/posts\/39707\/revisions"}],"predecessor-version":[{"id":39708,"href":"https:\/\/calatorinromania.com\/index.php?rest_route=\/wp\/v2\/posts\/39707\/revisions\/39708"}],"wp:featuredmedia":[{"embeddable":true,"href":"https:\/\/calatorinromania.com\/index.php?rest_route=\/wp\/v2\/media\/39588"}],"wp:attachment":[{"href":"https:\/\/calatorinromania.com\/index.php?rest_route=%2Fwp%2Fv2%2Fmedia&parent=39707"}],"wp:term":[{"taxonomy":"category","embeddable":true,"href":"https:\/\/calatorinromania.com\/index.php?rest_route=%2Fwp%2Fv2%2Fcategories&post=39707"},{"taxonomy":"post_tag","embeddable":true,"href":"https:\/\/calatorinromania.com\/index.php?rest_route=%2Fwp%2Fv2%2Ftags&post=39707"}],"curies":[{"name":"wp","href":"https:\/\/api.w.org\/{rel}","templated":true}]}}