{"id":39703,"date":"2025-06-02T08:03:25","date_gmt":"2025-06-02T08:03:25","guid":{"rendered":"https:\/\/calatorinromania.com\/?p=39703"},"modified":"2025-06-02T08:03:26","modified_gmt":"2025-06-02T08:03:26","slug":"un-om-de-afaceri-bogat-gaseste-un-baietel-la-mormantul-fiului-sau","status":"publish","type":"post","link":"https:\/\/calatorinromania.com\/?p=39703","title":{"rendered":"Un om de afaceri bogat g\u0103se\u0219te un b\u0103ie\u021bel la morm\u00e2ntul fiului s\u0103u!"},"content":{"rendered":"\n<p>A doua zi diminea\u021b\u0103, Victor \u00eel a\u0219tepta \u00een ma\u0219in\u0103, cu un dosar pe genunchi.<\/p>\n\n\n\n<p><\/p>\n\n\n\n<p>\u2014 L-am g\u0103sit, \u0219efu\u2019, \u2014 spuse el f\u0103r\u0103 ocoli\u0219uri. \u2014 Copilul. Se nume\u0219te Luca. Tr\u0103ie\u0219te \u00eentr-un ad\u0103post improvizat la marginea ora\u0219ului. N-are p\u0103rin\u021bi. Dar\u2026 uita\u021bi asta.<\/p>\n\n\n\n<p><\/p>\n\n\n\n<p>Victor deschise dosarul \u0219i scoase o fotografie veche, g\u0103sit\u0103 \u00een rucsacul b\u0103iatului. Andrei \u00eenlemni. Era o poz\u0103 cu Radu. Fiul lui, la v\u00e2rsta de vreo \u0219apte ani, \u021bin\u00e2nd de m\u00e2n\u0103 un alt b\u0103ie\u021bel\u2026 era Luca. Erau aproape identici.<\/p>\n\n\n\n<p><\/p>\n\n\n\n<p>\u2014 Nu se poate, \u2014 \u0219opti Andrei, alb la fa\u021b\u0103.<\/p>\n\n\n\n<p><\/p>\n\n\n\n<p>Victor d\u0103du din cap, cu o expresie serioas\u0103.<\/p>\n\n\n\n<p><\/p>\n\n\n\n<p>\u2014 Am f\u0103cut \u0219i testul ADN. Luca\u2026 e fratele geam\u0103n al lui Radu.<\/p>\n\n\n\n<p><\/p>\n\n\n\n<p>Andrei sim\u021bi c\u0103 totul se \u00eenv\u00e2rte \u00een jurul lui. Nimeni nu-i spusese vreodat\u0103 c\u0103 Radu avusese un frate. Cine l-a ascuns? De ce? \u0218i, mai ales\u2026 ce va face el acum, c\u00e2nd via\u021ba \u00eei mai oferea o \u0219ans\u0103?<\/p>\n\n\n\n<p><\/p>\n\n\n\n<p>Privirea i se opri pe fereastra aburit\u0103. \u00cen acea diminea\u021b\u0103 ploioas\u0103, pentru prima dat\u0103 dup\u0103 cinci ani, sim\u021bea c\u0103 inima i se treze\u0219te din nou.<\/p>\n\n\n\n<p><\/p>\n\n\n\n<p>\u2014 Adu-l la mine, \u2014 rosti, hot\u0103r\u00e2t. \u2014 Acas\u0103. Acolo unde trebuia s\u0103 fie dintotdeauna.<\/p>\n\n\n\n<p><\/p>\n\n\n\n<p><strong>Dac\u0103 \u021bi-a pl\u0103cut povestea, nu uita s\u0103 o distribui cu prietenii t\u0103i! \u00cempreun\u0103 putem duce mai departe emo\u021bia \u0219i inspira\u021bia.<\/strong><\/p>\n","protected":false},"excerpt":{"rendered":"<p>A doua zi diminea\u021b\u0103, Victor \u00eel a\u0219tepta \u00een ma\u0219in\u0103, cu un dosar pe genunchi. \u2014 L-am g\u0103sit, \u0219efu\u2019, \u2014 spuse el f\u0103r\u0103 ocoli\u0219uri. \u2014 Copilul.<\/p>\n","protected":false},"author":1,"featured_media":39588,"comment_status":"closed","ping_status":"closed","sticky":false,"template":"","format":"standard","meta":[],"categories":[1],"tags":[],"_links":{"self":[{"href":"https:\/\/calatorinromania.com\/index.php?rest_route=\/wp\/v2\/posts\/39703"}],"collection":[{"href":"https:\/\/calatorinromania.com\/index.php?rest_route=\/wp\/v2\/posts"}],"about":[{"href":"https:\/\/calatorinromania.com\/index.php?rest_route=\/wp\/v2\/types\/post"}],"author":[{"embeddable":true,"href":"https:\/\/calatorinromania.com\/index.php?rest_route=\/wp\/v2\/users\/1"}],"replies":[{"embeddable":true,"href":"https:\/\/calatorinromania.com\/index.php?rest_route=%2Fwp%2Fv2%2Fcomments&post=39703"}],"version-history":[{"count":1,"href":"https:\/\/calatorinromania.com\/index.php?rest_route=\/wp\/v2\/posts\/39703\/revisions"}],"predecessor-version":[{"id":39704,"href":"https:\/\/calatorinromania.com\/index.php?rest_route=\/wp\/v2\/posts\/39703\/revisions\/39704"}],"wp:featuredmedia":[{"embeddable":true,"href":"https:\/\/calatorinromania.com\/index.php?rest_route=\/wp\/v2\/media\/39588"}],"wp:attachment":[{"href":"https:\/\/calatorinromania.com\/index.php?rest_route=%2Fwp%2Fv2%2Fmedia&parent=39703"}],"wp:term":[{"taxonomy":"category","embeddable":true,"href":"https:\/\/calatorinromania.com\/index.php?rest_route=%2Fwp%2Fv2%2Fcategories&post=39703"},{"taxonomy":"post_tag","embeddable":true,"href":"https:\/\/calatorinromania.com\/index.php?rest_route=%2Fwp%2Fv2%2Ftags&post=39703"}],"curies":[{"name":"wp","href":"https:\/\/api.w.org\/{rel}","templated":true}]}}