{"id":39696,"date":"2025-06-02T07:16:16","date_gmt":"2025-06-02T07:16:16","guid":{"rendered":"https:\/\/calatorinromania.com\/?p=39696"},"modified":"2025-06-02T07:16:16","modified_gmt":"2025-06-02T07:16:16","slug":"parintii-au-fost-ingroziti-cand-au-aflat-ca-fiica-lor-se-marita-cu-un-barbat-in-scaun-cu-rotile-dar-in-ziua-nuntii-s-a-intamplat-ceva-neasteptat","status":"publish","type":"post","link":"https:\/\/calatorinromania.com\/?p=39696","title":{"rendered":"P\u0103rin\u021bii au fost \u00eengrozi\u021bi c\u00e2nd au aflat c\u0103 fiica lor se m\u0103rit\u0103 cu un b\u0103rbat \u00een scaun cu rotile, dar \u00een ziua nun\u021bii s-a \u00eent\u00e2mplat ceva nea\u0219teptat"},"content":{"rendered":"\n<p><strong>P\u0103rin\u021bii au fost \u00eengrozi\u021bi c\u00e2nd au aflat c\u0103 fiica lor se m\u0103rit\u0103 cu un b\u0103rbat \u00een scaun cu rotile, dar \u00een ziua nun\u021bii s-a \u00eent\u00e2mplat ceva nea\u0219teptat\u00a0<\/strong><\/p>\n\n\n\n<p><\/p>\n\n\n\n<p>C\u00e2nd Sofia a anun\u021bat c\u0103 se va c\u0103s\u0103tori cu un b\u0103rbat aflat \u00eentr-un scaun cu rotile, via\u021ba ei a fost cuprins\u0103 de o furtun\u0103 care nu s-a potolit s\u0103pt\u0103m\u00e2ni \u00eentregi. P\u0103rin\u021bii au r\u0103mas \u0219oca\u021bi, prietenii au amu\u021bit de nedumerire, iar rudele mai \u00eendep\u0103rtate au organizat, \u00een t\u0103cere, o adev\u0103rat\u0103 \u201eadunare de urgen\u021b\u0103\u201d a familiei.<\/p>\n\n\n\n<p><\/p>\n\n\n\n<p>To\u021bi, f\u0103r\u0103 excep\u021bie, \u00eencercau s\u0103 o opreasc\u0103.<\/p>\n\n\n\n<p><\/p>\n\n\n\n<p>\u2014 Tu meri\u021bi ceva mai bun! Ce ar putea s\u0103-\u021bi ofere el?<\/p>\n\n\n\n<p><\/p>\n\n\n\n<p>\u0218i totul doar pentru c\u0103 Sofia \u2014 o t\u00e2n\u0103r\u0103 de 27 de ani, promi\u021b\u0103toare, inteligent\u0103 \u0219i respectat\u0103 \u00een domeniul ei \u2014 alesese un om pe care \u00eel iubea cu adev\u0103rat. Omul acela era un fost sportiv, antrenor, lider carismatic, a c\u0103rui lume s-a pr\u0103bu\u0219it \u00eentr-o noapte fatidic\u0103.<\/p>\n\n\n\n<p><\/p>\n\n\n\n<p><strong>Un accident. Un diagnostic implacabil. Leziuni ale m\u0103duvei spin\u0103rii.<\/strong>\u00a0Tot ce cl\u0103dise s-a n\u0103ruit \u00eentr-o clip\u0103. De la medalii \u2014 la un scaun cu rotile.<\/p>\n\n\n\n<p><\/p>\n\n\n\n<p>Exact \u00een acea stare l-a cunoscut Sofia.<\/p>\n\n\n\n<p><\/p>\n\n\n\n<p>Pentru ea, el a fost prima iubire. L\u00e2ng\u0103 el putea fi ea \u00eens\u0103\u0219i.<\/p>\n\n\n\n<p><\/p>\n\n\n\n<p>C\u00e2nd le-a spus p\u0103rin\u021bilor c\u0103 \u00eel iube\u0219te, a \u00eenceput furtuna. Mama a izbucnit \u00een lacrimi. Tat\u0103l a amenin\u021bat-o c\u0103 o va dezmo\u0219teni. Prietenele au \u201escos-o cu delicate\u021be\u201d din grupurile comune. Chiar \u0219i colegii au \u00eenceput s-o priveasc\u0103 cu mil\u0103.<\/p>\n\n\n\n<p><\/p>\n\n\n\n<p>\u2014 O s\u0103 ajungi infirmiera lui, nu so\u021bia lui!<\/p>\n\n\n\n<p><\/p>\n\n\n\n<p>Dar Sofia, pentru prima oar\u0103 \u00een via\u021b\u0103, nu a avut nicio \u00eendoial\u0103. \u0218i-au planificat nunta.<\/p>\n\n\n\n<p><\/p>\n\n\n\n<p>\u0218i iat\u0103 c\u0103 a venit ziua ceremoniei. Sofia \u2014 \u00een rochie, a\u0219a cum visas<\/p>\n\n\n\n<p><\/p>\n\n\n\n<p><strong>B\u0103rbatul pe care \u00eel iubea\u2026 s-a ridicat \u00een picioare.<\/strong>\u00a0Un pas. \u00cenc\u0103 unul. \u0218i \u00eenc\u0103 unul. Se sprijinea \u00een baston, dar\u00a0<strong>st\u0103tea \u00een picioare.<\/strong><\/p>\n\n\n\n<p><\/p>\n\n\n\n<p>\u2014 Am vrut s\u0103 te \u00eent\u00e2mpin \u00een picioare, \u2014 i-a \u0219optit el, c\u00e2nd a ajuns l\u00e2ng\u0103 el. \u2014 Chiar \u0219i pentru o clip\u0103.<\/p>\n\n\n\n<p><\/p>\n\n\n\n<p><strong>El urma, \u00een secret, un program de recuperare.<\/strong>\u00a0Se antrena nop\u021bile, c\u0103dea \u0219i se ridica din nou \u2014 doar ca s\u0103-i ofere ei \u0219ansa de a se sim\u021bi, m\u0103car o clip\u0103, ca orice mireas\u0103, al\u0103turi de un b\u0103rbat \u201eobi\u0219nuit\u201d.<\/p>\n\n\n\n<p><\/p>\n\n\n\n<p><strong>\u0218i \u00een acel moment, niciun p\u0103rinte, prieten sau invitat nu mai putea spune nimic. Dragostea adev\u0103rat\u0103 st\u0103tea \u00een fa\u021ba lor. \u0218i mergea.<\/strong><\/p>\n\n\n\n<p><\/p>\n\n\n\n<p><strong>Dac\u0103 \u021bi-a pl\u0103cut povestea, nu uita s\u0103 o distribui cu prietenii t\u0103i! \u00cempreun\u0103 putem duce mai departe emo\u021bia \u0219i inspira\u021bia.<\/strong><\/p>\n\n\n\n<p><\/p>\n\n\n\n<h2><\/h2>\n","protected":false},"excerpt":{"rendered":"<p>P\u0103rin\u021bii au fost \u00eengrozi\u021bi c\u00e2nd au aflat c\u0103 fiica lor se m\u0103rit\u0103 cu un b\u0103rbat \u00een scaun cu rotile, dar \u00een ziua nun\u021bii s-a \u00eent\u00e2mplat<\/p>\n","protected":false},"author":1,"featured_media":39588,"comment_status":"closed","ping_status":"closed","sticky":false,"template":"","format":"standard","meta":[],"categories":[1],"tags":[],"_links":{"self":[{"href":"https:\/\/calatorinromania.com\/index.php?rest_route=\/wp\/v2\/posts\/39696"}],"collection":[{"href":"https:\/\/calatorinromania.com\/index.php?rest_route=\/wp\/v2\/posts"}],"about":[{"href":"https:\/\/calatorinromania.com\/index.php?rest_route=\/wp\/v2\/types\/post"}],"author":[{"embeddable":true,"href":"https:\/\/calatorinromania.com\/index.php?rest_route=\/wp\/v2\/users\/1"}],"replies":[{"embeddable":true,"href":"https:\/\/calatorinromania.com\/index.php?rest_route=%2Fwp%2Fv2%2Fcomments&post=39696"}],"version-history":[{"count":1,"href":"https:\/\/calatorinromania.com\/index.php?rest_route=\/wp\/v2\/posts\/39696\/revisions"}],"predecessor-version":[{"id":39697,"href":"https:\/\/calatorinromania.com\/index.php?rest_route=\/wp\/v2\/posts\/39696\/revisions\/39697"}],"wp:featuredmedia":[{"embeddable":true,"href":"https:\/\/calatorinromania.com\/index.php?rest_route=\/wp\/v2\/media\/39588"}],"wp:attachment":[{"href":"https:\/\/calatorinromania.com\/index.php?rest_route=%2Fwp%2Fv2%2Fmedia&parent=39696"}],"wp:term":[{"taxonomy":"category","embeddable":true,"href":"https:\/\/calatorinromania.com\/index.php?rest_route=%2Fwp%2Fv2%2Fcategories&post=39696"},{"taxonomy":"post_tag","embeddable":true,"href":"https:\/\/calatorinromania.com\/index.php?rest_route=%2Fwp%2Fv2%2Ftags&post=39696"}],"curies":[{"name":"wp","href":"https:\/\/api.w.org\/{rel}","templated":true}]}}