{"id":39694,"date":"2025-06-02T07:11:53","date_gmt":"2025-06-02T07:11:53","guid":{"rendered":"https:\/\/calatorinromania.com\/?p=39694"},"modified":"2025-06-02T07:11:53","modified_gmt":"2025-06-02T07:11:53","slug":"sunt-fiica-unui-fermier-si-unii-cred-ca-asta-ma-face-mai-putin-valoroasa","status":"publish","type":"post","link":"https:\/\/calatorinromania.com\/?p=39694","title":{"rendered":"Sunt fiica unui fermier \u2014 \u0219i unii cred c\u0103 asta m\u0103 face mai pu\u021bin valoroas\u0103"},"content":{"rendered":"\n<p>**Am crescut la o ferm\u0103 de cartofi dulci, la zece mile de ora\u0219, unde dimine\u021bile \u00eencep \u00eenainte de r\u0103s\u0103rit, iar \u201etimpul liber\u201d \u00eenseamn\u0103 s\u0103 lucrezi la standul de la t\u00e2rgul jude\u021bean. P\u0103rin\u021bii mei sunt duri, cinsti\u021bi \u0219i acoperi\u021bi de genul de murd\u0103rie care vine din munca grea, f\u0103cut\u0103 cu m\u00e2inile. Obi\u0219nuiam s\u0103 cred c\u0103 asta e tot ce ai nevoie ca s\u0103 c\u00e2\u0219tigi respect.**<\/p>\n\n\n\n<p><\/p>\n\n\n\n<p>Apoi am primit o burs\u0103 la un liceu privat din ora\u0219.<\/p>\n\n\n\n<p><\/p>\n\n\n\n<p>\u00cen prima zi, am intrat \u00een clas\u0103 purt\u00e2nd blugi care \u00eenc\u0103 miroseau vag a grajd. O fat\u0103 cu o coad\u0103 perfect\u0103 a \u0219optit: \u201eEw, tr\u0103ie\u0219ti cumva la o ferm\u0103?\u201d N-am r\u0103spuns. Mi-am plecat capul \u0219i mi-am spus c\u0103 nu conteaz\u0103.<\/p>\n\n\n\n<p><\/p>\n\n\n\n<p>Dar comentariile au continuat.<\/p>\n\n\n\n<p><\/p>\n\n\n\n<p>\u2014 \u201eCe fel de pantofi sunt \u0103ia?\u201d<\/p>\n\n\n\n<p><br>\u2014 \u201eN-ai WiFi?\u201d<\/p>\n\n\n\n<p><br>\u2014 \u201eVii cu tractorul la \u0219coal\u0103?\u201d<\/p>\n\n\n\n<p><\/p>\n\n\n\n<p>N-am spus nimic. Am \u00eenv\u0103\u021bat din greu. Am t\u0103cut. \u0218i am \u00eencetat s\u0103 mai vorbesc despre acas\u0103. De\u0219i, acolo, nu eram \u201efata de la ferm\u0103\u201d \u2014 eram Mele, cea care \u0219tia s\u0103 schimbe o roat\u0103, s\u0103 prind\u0103 g\u0103ini \u0219i s\u0103 v\u00e2nd\u0103 toat\u0103 marfa din pia\u021b\u0103 \u00eenainte de pr\u00e2nz. Dar nimic din toate astea nu p\u0103rea s\u0103 conteze aici.<\/p>\n\n\n\n<p><\/p>\n\n\n\n<p>P\u00e2n\u0103 la str\u00e2ngerea de fonduri a \u0219colii.<\/p>\n\n\n\n<p><\/p>\n\n\n\n<p>To\u021bi au adus ceva de acas\u0103 pentru v\u00e2nzare. Eu am adus \u0219ase pl\u0103cinte cu cartof dulce \u2014 re\u021beta noastr\u0103 de familie.<\/p>\n\n\n\n<p><\/p>\n\n\n\n<p>S-au epuizat \u00een dou\u0103zeci de minute. Doamna Bell, consiliera \u0219colii, a z\u00e2mbit \u0219i mi-a spus: \u201eAceast\u0103 pl\u0103cint\u0103? Asta e\u0219ti tu. Fii m\u00e2ndr\u0103 de ea.\u201d<\/p>\n\n\n\n<p><\/p>\n\n\n\n<p>Nici n-am apucat s\u0103 r\u0103spund, c\u0103 Izan \u2014 b\u0103iatul t\u0103cut \u0219i respectat de to\u021bi \u2014 a venit la mine \u0219i m-a \u00eentrebat dac\u0103 poate comanda una pentru mama lui. Momentul acela aparent mic a cr\u0103pat ceva \u00een mine.<\/p>\n\n\n\n<p><\/p>\n\n\n\n<p>Luni, n-am mai adus doar o pl\u0103cint\u0103 \u2014 am adus pliante. \u201eR\u0103d\u0103cinile lui Mele: pl\u0103cinte de la ferm\u0103, \u00een fiecare vineri.\u201d Dou\u0103sprezece comenzi p\u00e2n\u0103 la pr\u00e2nz. O profesoar\u0103 a vrut o duzin\u0103 pentru cancelarie. O coleg\u0103 mi-a oferit o geac\u0103 de designer pentru trei (am refuzat \u2014 era oribil\u0103).<\/p>\n\n\n\n<p><\/p>\n\n\n\n<p>Totul a luat av\u00e2nt.<\/p>\n\n\n\n<p><\/p>\n\n\n\n<p>\u00cen fiecare joi, dup\u0103 teme, coceam \u00eempreun\u0103 cu p\u0103rin\u021bii. Vorbeam despre re\u021bete, ani de secet\u0103, sezoane de recoltare. Am \u00eenceput s\u0103 includ acele pove\u0219ti \u00een prezent\u0103rile \u0219i eseurile de la \u0219coal\u0103. \u0218i \u00eencet, oamenii au \u00eenceput s\u0103 asculte.<\/p>\n\n\n\n<p><\/p>\n\n\n\n<p>Chiar \u0219i fata cu coada perfect\u0103 m-a \u00eentrebat de re\u021bet\u0103.<\/p>\n\n\n\n<p><\/p>\n\n\n\n<p>\u00cen ultimul an, am realizat un scurtmetraj pentru proiectul final \u2014 despre ferm\u0103, p\u0103rin\u021bii mei, felul nostru de via\u021b\u0103. C\u00e2nd a rulat filmul, m\u0103 uitam \u00een podea. Dar c\u00e2nd s-a terminat, lumea a aplaudat. Unii chiar s-au ridicat \u00een picioare.<\/p>\n\n\n\n<p><\/p>\n\n\n\n<p>Izan mi-a dat o \u00eembr\u0103\u021bi\u0219are pe dup\u0103 um\u0103r \u0219i mi-a spus: \u201e\u021ai-am zis eu c\u0103 povestea ta conteaz\u0103.\u201d<\/p>\n\n\n\n<p><\/p>\n\n\n\n<p>Avea dreptate.<\/p>\n\n\n\n<p><\/p>\n\n\n\n<p>Obi\u0219nuiam s\u0103 cred c\u0103 oamenii nu m\u0103 vor respecta dac\u0103 vor \u0219ti de unde vin. Acum \u0219tiu: c\u00e2nd \u00ee\u021bi asumi povestea, ea devine for\u021ba ta \u2014 nu ru\u0219inea ta.<\/p>\n\n\n\n<p><\/p>\n\n\n\n<p>A\u0219a c\u0103 da \u2014 sunt fiica unui fermier. \u0218i asta nu m\u0103 face mai pu\u021bin.<\/p>\n\n\n\n<p><\/p>\n\n\n\n<p>M\u0103 face **\u00eenr\u0103d\u0103cinat\u0103**.<\/p>\n\n\n\n<p><\/p>\n\n\n\n<p>Dac\u0103 asta \u021bi-a amintit c\u00e2t de important e s\u0103 fii m\u00e2ndru de r\u0103d\u0103cinile tale, apas\u0103\u00a0\u00a0\u0219i trimite povestea cuiva care are nevoie s\u0103 o aud\u0103.<\/p>\n\n\n\n<p><\/p>\n\n\n\n<p><strong>Dac\u0103 \u021bi-a pl\u0103cut povestea, nu uita s\u0103 o distribui cu prietenii t\u0103i! \u00cempreun\u0103 putem duce mai departe emo\u021bia \u0219i inspira\u021bia.<\/strong><\/p>\n","protected":false},"excerpt":{"rendered":"<p>**Am crescut la o ferm\u0103 de cartofi dulci, la zece mile de ora\u0219, unde dimine\u021bile \u00eencep \u00eenainte de r\u0103s\u0103rit, iar \u201etimpul liber\u201d \u00eenseamn\u0103 s\u0103 lucrezi<\/p>\n","protected":false},"author":1,"featured_media":39588,"comment_status":"closed","ping_status":"closed","sticky":false,"template":"","format":"standard","meta":[],"categories":[1],"tags":[],"_links":{"self":[{"href":"https:\/\/calatorinromania.com\/index.php?rest_route=\/wp\/v2\/posts\/39694"}],"collection":[{"href":"https:\/\/calatorinromania.com\/index.php?rest_route=\/wp\/v2\/posts"}],"about":[{"href":"https:\/\/calatorinromania.com\/index.php?rest_route=\/wp\/v2\/types\/post"}],"author":[{"embeddable":true,"href":"https:\/\/calatorinromania.com\/index.php?rest_route=\/wp\/v2\/users\/1"}],"replies":[{"embeddable":true,"href":"https:\/\/calatorinromania.com\/index.php?rest_route=%2Fwp%2Fv2%2Fcomments&post=39694"}],"version-history":[{"count":1,"href":"https:\/\/calatorinromania.com\/index.php?rest_route=\/wp\/v2\/posts\/39694\/revisions"}],"predecessor-version":[{"id":39695,"href":"https:\/\/calatorinromania.com\/index.php?rest_route=\/wp\/v2\/posts\/39694\/revisions\/39695"}],"wp:featuredmedia":[{"embeddable":true,"href":"https:\/\/calatorinromania.com\/index.php?rest_route=\/wp\/v2\/media\/39588"}],"wp:attachment":[{"href":"https:\/\/calatorinromania.com\/index.php?rest_route=%2Fwp%2Fv2%2Fmedia&parent=39694"}],"wp:term":[{"taxonomy":"category","embeddable":true,"href":"https:\/\/calatorinromania.com\/index.php?rest_route=%2Fwp%2Fv2%2Fcategories&post=39694"},{"taxonomy":"post_tag","embeddable":true,"href":"https:\/\/calatorinromania.com\/index.php?rest_route=%2Fwp%2Fv2%2Ftags&post=39694"}],"curies":[{"name":"wp","href":"https:\/\/api.w.org\/{rel}","templated":true}]}}