{"id":39683,"date":"2025-06-02T07:00:08","date_gmt":"2025-06-02T07:00:08","guid":{"rendered":"https:\/\/calatorinromania.com\/?p=39683"},"modified":"2025-06-02T07:00:08","modified_gmt":"2025-06-02T07:00:08","slug":"%f0%9f%8d%ab%f0%9f%8c%b0-prajitura-cu-nuca-si-crema-de-ciocolata","status":"publish","type":"post","link":"https:\/\/calatorinromania.com\/?p=39683","title":{"rendered":"\ud83c\udf6b\ud83c\udf30 Pr\u0103jitur\u0103 cu Nuc\u0103 \u0219i Crem\u0103 de Ciocolat\u0103"},"content":{"rendered":"\n<p><strong>Un deliciu rafinat pentru zile speciale sau r\u0103sf\u0103\u021buri dulci acas\u0103!<\/strong><\/p>\n\n\n\n<p><\/p>\n\n\n\n<p>Aceast\u0103 pr\u0103jitur\u0103 cu blat pufos de nuc\u0103 \u0219i crem\u0103 fin\u0103 de ciocolat\u0103 este <strong>desertul perfect<\/strong> pentru a impresiona. Textura bogat\u0103 \u0219i gustul intens o transform\u0103 \u00eentr-o re\u021bet\u0103 care va deveni rapid favorita familiei! \u2764\ufe0f<\/p>\n\n\n\n<p><\/p>\n\n\n\n<h3>\ud83d\udcdd Ingrediente<\/h3>\n\n\n\n<p><\/p>\n\n\n\n<h4>\ud83d\udc49 Pentru blat:<\/h4>\n\n\n\n<p><\/p>\n\n\n\n<ul>\n<li>\ud83e\udd5a 6 ou\u0103<\/li>\n\n\n\n<li>\ud83c\udf5a 150 g zah\u0103r<\/li>\n\n\n\n<li>\ud83c\udf3e 150 g f\u0103in\u0103<\/li>\n\n\n\n<li>\ud83c\udf30 150 g nuc\u0103 m\u0103cinat\u0103<\/li>\n\n\n\n<li>\ud83e\uddc2 1 linguri\u021b\u0103 praf de copt<\/li>\n\n\n\n<li>\ud83c\udf66 1 linguri\u021b\u0103 esen\u021b\u0103 de vanilie<\/li>\n\n\n\n<li>\ud83e\uddc2 Un praf de sare<\/li>\n<\/ul>\n\n\n\n<p><\/p>\n\n\n\n<h4>\ud83d\udc49 Pentru crem\u0103:<\/h4>\n\n\n\n<p><\/p>\n\n\n\n<ul>\n<li>\ud83e\uddc8 200 g unt (la temperatura camerei)<\/li>\n\n\n\n<li>\ud83c\udf5a 150 g zah\u0103r pudr\u0103<\/li>\n\n\n\n<li>\ud83c\udf6b 200 g ciocolat\u0103 neagr\u0103<\/li>\n\n\n\n<li>\ud83c\udf6b 2 linguri cacao<\/li>\n\n\n\n<li>\ud83e\udd5b 50 ml lapte<\/li>\n<\/ul>\n\n\n\n<p><\/p>\n\n\n\n<h4>\ud83d\udc49 Pentru decor:<\/h4>\n\n\n\n<p><\/p>\n\n\n\n<ul>\n<li>\ud83c\udf30 100 g nuc\u0103 m\u0103cinat\u0103<\/li>\n<\/ul>\n\n\n\n<p><\/p>\n\n\n\n<h3>\ud83d\udc69\u200d\ud83c\udf73 Mod de preparare<\/h3>\n\n\n\n<p><\/p>\n\n\n\n<h4>1\ufe0f\u20e3 <strong>Blatul pufos cu nuc\u0103<\/strong><\/h4>\n\n\n\n<p><\/p>\n\n\n\n<ol>\n<li>Pre\u00eenc\u0103lze\u0219te cuptorul la <strong>180\u00b0C<\/strong> \u0219i tapeteaz\u0103 o tav\u0103 cu h\u00e2rtie de copt.<\/li>\n\n\n\n<li>Separ\u0103 ou\u0103le. Bate <strong>albu\u0219urile spum\u0103 cu sare<\/strong>, apoi adaug\u0103 zah\u0103rul treptat \u0219i mixeaz\u0103 p\u00e2n\u0103 ob\u021bii o bezea ferm\u0103.<\/li>\n\n\n\n<li>\u00cencorporeaz\u0103 <strong>g\u0103lbenu\u0219urile<\/strong>, unul c\u00e2te unul, amestec\u00e2nd cu grij\u0103.<\/li>\n\n\n\n<li>Adaug\u0103 f\u0103ina cernut\u0103, nuca m\u0103cinat\u0103 \u0219i praful de copt. Amestec\u0103 u\u0219or cu o spatul\u0103.<\/li>\n\n\n\n<li>Toarn\u0103 compozi\u021bia \u00een tav\u0103 \u0219i coace <strong>30\u201335 minute<\/strong>.<\/li>\n\n\n\n<li>Las\u0103 blatul s\u0103 se r\u0103ceasc\u0103 complet, apoi <strong>taie-l \u00een 3 foi egale<\/strong>.<\/li>\n<\/ol>\n\n\n\n<p><\/p>\n\n\n\n<h4>2\ufe0f\u20e3 <strong>Crema catifelat\u0103 de ciocolat\u0103<\/strong><\/h4>\n\n\n\n<ol>\n<li>Tope\u0219te ciocolata pe baie de aburi \u0219i las-o s\u0103 se r\u0103ceasc\u0103 pu\u021bin.<\/li>\n\n\n\n<li>Mixeaz\u0103 <strong>untul cu zah\u0103rul pudr\u0103<\/strong> p\u00e2n\u0103 devine pufos.<\/li>\n\n\n\n<li>Adaug\u0103 cacaoa cernut\u0103 \u0219i ciocolata topit\u0103.<\/li>\n\n\n\n<li>\u00cencorporeaz\u0103 treptat laptele \u0219i mixeaz\u0103 p\u00e2n\u0103 ob\u021bii o crem\u0103 fin\u0103, lucioas\u0103 \u0219i delicioas\u0103. \ud83c\udf6b<\/li>\n<\/ol>\n\n\n\n<p><\/p>\n\n\n\n<h4>3\ufe0f\u20e3 <strong>Asamblarea<\/strong><\/h4>\n\n\n\n<ol>\n<li>A\u0219az\u0103 prima foaie de blat pe un platou. \u00centinde un strat generos de crem\u0103.<\/li>\n\n\n\n<li>Continu\u0103 cu a doua \u0219i a treia foaie, altern\u00e2nd cu straturi de crem\u0103.<\/li>\n\n\n\n<li>\u00cembrac\u0103 pr\u0103jitura \u00een crema r\u0103mas\u0103.<\/li>\n\n\n\n<li>Presar\u0103 <strong>nuc\u0103 m\u0103cinat\u0103<\/strong> deasupra \u0219i pe margini pentru un decor crocant \u0219i apetisant.<\/li>\n\n\n\n<li>D\u0103 pr\u0103jitura la frigider <strong>cel pu\u021bin 2 ore<\/strong> pentru a se \u00eent\u0103ri \u0219i a se contopi aromele.<\/li>\n<\/ol>\n\n\n\n<p><\/p>\n\n\n\n<h3>\ud83c\udf89 Sfaturi utile:<\/h3>\n\n\n\n<ul>\n<li><strong>Pentru un gust \u0219i mai intens<\/strong>, adaug\u0103 1 lingur\u0103 de rom \u00een crem\u0103.<\/li>\n\n\n\n<li>Po\u021bi decora cu fulgi de ciocolat\u0103, nuci caramelizate sau chiar un strop de sare de mare pentru contrast!<\/li>\n\n\n\n<li>Se taie cel mai bine dup\u0103 ce st\u0103 peste noapte la rece. \ud83c\udf70<\/li>\n<\/ul>\n\n\n\n<p><\/p>\n\n\n\n<h3>\ud83d\udd25 Desert clasic cu gust de s\u0103rb\u0103toare!<\/h3>\n\n\n\n<p><\/p>\n\n\n\n<p>Aceast\u0103 <strong>Pr\u0103jitur\u0103 cu Nuc\u0103 \u0219i Crem\u0103 de Ciocolat\u0103<\/strong> este alegerea perfect\u0103 pentru anivers\u0103ri, Cr\u0103ciun, Pa\u0219te sau pur \u0219i simplu un weekend dulce.<\/p>\n\n\n\n<p><br><strong>Salveaz-o \u0219i \u00eencearc-o, sigur o vei repeta!<\/strong> \u2764\ufe0f<\/p>\n\n\n\n<p><\/p>\n\n\n\n<p>\ud83d\udccc <em>Poft\u0103 bun\u0103!<\/em><\/p>\n","protected":false},"excerpt":{"rendered":"<p>Un deliciu rafinat pentru zile speciale sau r\u0103sf\u0103\u021buri dulci acas\u0103! Aceast\u0103 pr\u0103jitur\u0103 cu blat pufos de nuc\u0103 \u0219i crem\u0103 fin\u0103 de ciocolat\u0103 este desertul perfect<\/p>\n","protected":false},"author":1,"featured_media":39684,"comment_status":"closed","ping_status":"closed","sticky":false,"template":"","format":"standard","meta":[],"categories":[1],"tags":[],"_links":{"self":[{"href":"https:\/\/calatorinromania.com\/index.php?rest_route=\/wp\/v2\/posts\/39683"}],"collection":[{"href":"https:\/\/calatorinromania.com\/index.php?rest_route=\/wp\/v2\/posts"}],"about":[{"href":"https:\/\/calatorinromania.com\/index.php?rest_route=\/wp\/v2\/types\/post"}],"author":[{"embeddable":true,"href":"https:\/\/calatorinromania.com\/index.php?rest_route=\/wp\/v2\/users\/1"}],"replies":[{"embeddable":true,"href":"https:\/\/calatorinromania.com\/index.php?rest_route=%2Fwp%2Fv2%2Fcomments&post=39683"}],"version-history":[{"count":1,"href":"https:\/\/calatorinromania.com\/index.php?rest_route=\/wp\/v2\/posts\/39683\/revisions"}],"predecessor-version":[{"id":39685,"href":"https:\/\/calatorinromania.com\/index.php?rest_route=\/wp\/v2\/posts\/39683\/revisions\/39685"}],"wp:featuredmedia":[{"embeddable":true,"href":"https:\/\/calatorinromania.com\/index.php?rest_route=\/wp\/v2\/media\/39684"}],"wp:attachment":[{"href":"https:\/\/calatorinromania.com\/index.php?rest_route=%2Fwp%2Fv2%2Fmedia&parent=39683"}],"wp:term":[{"taxonomy":"category","embeddable":true,"href":"https:\/\/calatorinromania.com\/index.php?rest_route=%2Fwp%2Fv2%2Fcategories&post=39683"},{"taxonomy":"post_tag","embeddable":true,"href":"https:\/\/calatorinromania.com\/index.php?rest_route=%2Fwp%2Fv2%2Ftags&post=39683"}],"curies":[{"name":"wp","href":"https:\/\/api.w.org\/{rel}","templated":true}]}}