{"id":39677,"date":"2025-06-01T08:06:55","date_gmt":"2025-06-01T08:06:55","guid":{"rendered":"https:\/\/calatorinromania.com\/?p=39677"},"modified":"2025-06-01T08:06:55","modified_gmt":"2025-06-01T08:06:55","slug":"%f0%9f%a5%a6%f0%9f%a5%95-prajitura-de-legume-delicioase-cremos-sanatos-si-satios","status":"publish","type":"post","link":"https:\/\/calatorinromania.com\/?p=39677","title":{"rendered":"\ud83e\udd66\ud83e\udd55 <em>Pr\u0103jitur\u0103 de Legume Delicioase<\/em> \u2013 Cremos, S\u0103n\u0103tos \u0219i S\u0103\u021bios!"},"content":{"rendered":"\n<p>Cau\u021bi o cin\u0103 <strong>s\u0103n\u0103toas\u0103, gustoas\u0103 \u0219i u\u0219or de f\u0103cut<\/strong>? Aceast\u0103 pr\u0103jitur\u0103 de legume este exact ce \u00ee\u021bi trebuie! Combin\u0103:<\/p>\n\n\n\n<p><\/p>\n\n\n\n<p>\u2705 <strong>textura crocant\u0103 a legumelor proaspete<\/strong><br>\u2705 cu <strong>cremozitatea br\u00e2nzei cheddar<\/strong>,<br>\u2705 \u00eentr-un preparat <strong>bogat \u00een fibre, s\u0103\u021bios \u0219i s\u0103rac \u00een calorii<\/strong>.<\/p>\n\n\n\n<p><\/p>\n\n\n\n<p>Este alegerea ideal\u0103 dac\u0103 vrei s\u0103 m\u0103n\u00e2nci echilibrat sau s\u0103 mai reduci din kilograme f\u0103r\u0103 compromis la gust! \ud83d\ude0b<\/p>\n\n\n\n<p><\/p>\n\n\n\n<h3>\ud83c\udf7d\ufe0f Ingrediente:<\/h3>\n\n\n\n<p><\/p>\n\n\n\n<p>\ud83e\uded2 <strong>4 linguri ulei (80 ml)<\/strong><br>\ud83e\uddc5 <strong>1 ceap\u0103 tocat\u0103 fin<\/strong><br>\ud83e\udd54 <strong>2 cartofi medii<\/strong>, cubule\u021be<br>\ud83e\udd6c <strong>400 g varz\u0103 tocat\u0103<\/strong><br>\ud83e\udd55 <strong>1 morcov ras<\/strong><br>\ud83c\udf36\ufe0f <strong>3 ardei verzi<\/strong>, cubule\u021be<br>\u2764\ufe0f <strong>1\/2 ardei ro\u0219u<\/strong>, cubule\u021be<br>\ud83c\udf36\ufe0f <strong>1 linguri\u021b\u0103 pudr\u0103 de chili (5 g)<\/strong><br>\u26ab <strong>1 linguri\u021b\u0103 piper negru (5 g)<\/strong><br>\ud83e\uddc2 <strong>1 linguri\u021b\u0103 sare (5 g)<\/strong><\/p>\n\n\n\n<p>\ud83e\udd5a <strong>3 ou\u0103<\/strong><br>\ud83e\udd5b <strong>170 ml lapte (pu\u021bin sub 1 can\u0103)<\/strong><br>\ud83e\udd63 <strong>170 ml iaurt<\/strong><br>\ud83e\uded2 <strong>45 ml ulei (1\/2 pahar)<\/strong><br>\ud83c\udf3e <strong>35 g f\u0103in\u0103 (2,5 linguri)<\/strong><br>\ud83e\uddc2 <strong>1 linguri\u021b\u0103 sare<\/strong><br>\u26ab <strong>1 linguri\u021b\u0103 piper negru<\/strong><br>\ud83d\udce6 <strong>1 plic praf de copt (10 g)<\/strong><br>\ud83c\udf3f <strong>1 praf de p\u0103trunjel uscat<\/strong><br>\ud83e\uddc0 <strong>200 g br\u00e2nz\u0103 cheddar ras\u0103<\/strong><\/p>\n\n\n\n<p><\/p>\n\n\n\n<h3>\ud83d\udc69\u200d\ud83c\udf73 Mod de preparare:<\/h3>\n\n\n\n<p><\/p>\n\n\n\n<h4>\ud83d\udd25 1. G\u0103te\u0219te legumele:<\/h4>\n\n\n\n<ol>\n<li>Pre\u00eenc\u0103lze\u0219te cuptorul la <strong>180\u00b0C<\/strong>.<\/li>\n\n\n\n<li>\u00centr-o tigaie mare, \u00eenc\u0103lze\u0219te uleiul.<\/li>\n\n\n\n<li>Adaug\u0103 ceapa \u2192 c\u0103le\u0219te p\u00e2n\u0103 devine sticloas\u0103.<\/li>\n\n\n\n<li>Pune cartofii \u2192 g\u0103te\u0219te 5 minute.<\/li>\n\n\n\n<li>Adaug\u0103 varza, morcovul, ardeii \u2192 mai g\u0103te\u0219te 5 minute.<\/li>\n\n\n\n<li>Condimenteaz\u0103 cu pudr\u0103 de chili, sare \u0219i piper \u2192 amestec\u0103 \u0219i ia de pe foc.<\/li>\n<\/ol>\n\n\n\n<p><\/p>\n\n\n\n<h4>\ud83e\udd44 2. Preg\u0103te\u0219te compozi\u021bia:<\/h4>\n\n\n\n<ol>\n<li>\u00centr-un bol, bate ou\u0103le.<\/li>\n\n\n\n<li>Adaug\u0103: laptele, iaurtul, uleiul, f\u0103ina, sarea, piperul, praful de copt \u2192 amestec\u0103 bine.<\/li>\n\n\n\n<li>\u00cencorporeaz\u0103 br\u00e2nza \u0219i p\u0103trunjelul uscat.<\/li>\n<\/ol>\n\n\n\n<p><\/p>\n\n\n\n<h4>\ud83e\uddc1 3. Asambleaz\u0103:<\/h4>\n\n\n\n<ol>\n<li>Unge o tav\u0103 cu ulei sau tapeteaz-o cu h\u00e2rtie de copt.<\/li>\n\n\n\n<li>Pune amestecul de legume \u2192 niveleaz\u0103.<\/li>\n\n\n\n<li>Toarn\u0103 compozi\u021bia cu ou \u0219i br\u00e2nz\u0103 deasupra.<\/li>\n<\/ol>\n\n\n\n<p><\/p>\n\n\n\n<h4>\ud83d\udd14 4. Coace:<\/h4>\n\n\n\n<p>Coace timp de <strong>40-45 de minute<\/strong>, p\u00e2n\u0103 c\u00e2nd pr\u0103jitura e <strong>aurie, pufoas\u0103 \u0219i bine \u00eenchegat\u0103<\/strong>.<\/p>\n\n\n\n<p><\/p>\n\n\n\n<p>\ud83e\uddca Las-o s\u0103 se r\u0103ceasc\u0103 pu\u021bin \u00eenainte s\u0103 o tai \u2013 se va t\u0103ia perfect!<\/p>\n\n\n\n<p><\/p>\n\n\n\n<h3>\ud83e\udde1 Beneficii nutri\u021bionale:<\/h3>\n\n\n\n<p>\u2714\ufe0f Plin\u0103 de <strong>fibre<\/strong> \u0219i <strong>antioxidan\u021bi<\/strong><br>\u2714\ufe0f S\u0103\u021bioas\u0103, dar <strong>cu doar 300 kcal\/por\u021bie<\/strong><br>\u2714\ufe0f Ideal\u0103 pentru cei ce vor s\u0103 sl\u0103beasc\u0103 sau s\u0103 m\u0103n\u00e2nce mai curat<\/p>\n\n\n\n<p><\/p>\n\n\n\n<p><\/p>\n\n\n\n<h3>\ud83d\udcca Valori nutri\u021bionale \/ por\u021bie:<\/h3>\n\n\n\n<ul>\n<li><strong>300 kcal<\/strong><\/li>\n\n\n\n<li><strong>35 g carbohidra\u021bi<\/strong><\/li>\n\n\n\n<li><strong>12 g proteine<\/strong><\/li>\n\n\n\n<li><strong>15 g gr\u0103simi<\/strong><\/li>\n\n\n\n<li><strong>5 g fibre<\/strong><\/li>\n\n\n\n<li><strong>8 g zah\u0103r<\/strong><\/li>\n<\/ul>\n\n\n\n<p><\/p>\n\n\n\n<p>Re\u021beta face <strong>6 por\u021bii<\/strong>. \u23f1\ufe0f Gata \u00een 65 minute (20 min preg\u0103tire + 45 min coacere)<\/p>\n\n\n\n<p><\/p>\n\n\n\n<p><\/p>\n\n\n\n<h3>\ud83e\udde0 Sfaturi utile:<\/h3>\n\n\n\n<p>\ud83d\udd50 <strong>Planific\u0103 din timp:<\/strong> T\u0103ie legumele cu o sear\u0103 \u00eenainte.<br>\ud83e\uddc0 <strong>Experimenteaz\u0103 cu br\u00e2nza:<\/strong> \u00cencearc\u0103 cu mozzarella pentru extra elasticitate sau gouda afumat\u0103 pentru un gust intens!<br>\ud83e\udd57 <strong>Serve\u0219te cu:<\/strong> O salat\u0103 verde u\u0219oar\u0103 \ud83e\udd6c sau o felie de p\u00e2ine integral\u0103 proasp\u0103t\u0103 \ud83e\udd56.<\/p>\n\n\n\n<h3>\ud83e\udd70 Gust, s\u0103n\u0103tate \u0219i bucurie \u00eentr-o singur\u0103 tav\u0103!<\/h3>\n\n\n\n<p>Aceast\u0103 <em>Pr\u0103jitur\u0103 de Legume Delicioase<\/em> va deveni rapid una dintre re\u021betele tale preferate \u2013 perfect\u0103 pentru un pr\u00e2nz de weekend sau o cin\u0103 de familie s\u0103n\u0103toas\u0103.<\/p>\n\n\n\n<p><strong>\u00cencearc-o \u0219i spune-mi cum \u021bi-a ie\u0219it!<\/strong> \ud83d\udcac\ud83d\udc47<\/p>\n","protected":false},"excerpt":{"rendered":"<p>Cau\u021bi o cin\u0103 s\u0103n\u0103toas\u0103, gustoas\u0103 \u0219i u\u0219or de f\u0103cut? Aceast\u0103 pr\u0103jitur\u0103 de legume este exact ce \u00ee\u021bi trebuie! Combin\u0103: \u2705 textura crocant\u0103 a legumelor proaspete\u2705<\/p>\n","protected":false},"author":1,"featured_media":39678,"comment_status":"closed","ping_status":"closed","sticky":false,"template":"","format":"standard","meta":[],"categories":[1],"tags":[],"_links":{"self":[{"href":"https:\/\/calatorinromania.com\/index.php?rest_route=\/wp\/v2\/posts\/39677"}],"collection":[{"href":"https:\/\/calatorinromania.com\/index.php?rest_route=\/wp\/v2\/posts"}],"about":[{"href":"https:\/\/calatorinromania.com\/index.php?rest_route=\/wp\/v2\/types\/post"}],"author":[{"embeddable":true,"href":"https:\/\/calatorinromania.com\/index.php?rest_route=\/wp\/v2\/users\/1"}],"replies":[{"embeddable":true,"href":"https:\/\/calatorinromania.com\/index.php?rest_route=%2Fwp%2Fv2%2Fcomments&post=39677"}],"version-history":[{"count":1,"href":"https:\/\/calatorinromania.com\/index.php?rest_route=\/wp\/v2\/posts\/39677\/revisions"}],"predecessor-version":[{"id":39679,"href":"https:\/\/calatorinromania.com\/index.php?rest_route=\/wp\/v2\/posts\/39677\/revisions\/39679"}],"wp:featuredmedia":[{"embeddable":true,"href":"https:\/\/calatorinromania.com\/index.php?rest_route=\/wp\/v2\/media\/39678"}],"wp:attachment":[{"href":"https:\/\/calatorinromania.com\/index.php?rest_route=%2Fwp%2Fv2%2Fmedia&parent=39677"}],"wp:term":[{"taxonomy":"category","embeddable":true,"href":"https:\/\/calatorinromania.com\/index.php?rest_route=%2Fwp%2Fv2%2Fcategories&post=39677"},{"taxonomy":"post_tag","embeddable":true,"href":"https:\/\/calatorinromania.com\/index.php?rest_route=%2Fwp%2Fv2%2Ftags&post=39677"}],"curies":[{"name":"wp","href":"https:\/\/api.w.org\/{rel}","templated":true}]}}