{"id":39665,"date":"2025-06-01T07:29:24","date_gmt":"2025-06-01T07:29:24","guid":{"rendered":"https:\/\/calatorinromania.com\/?p=39665"},"modified":"2025-06-01T07:29:24","modified_gmt":"2025-06-01T07:29:24","slug":"salutare-tuturor-eu-sunt-gabriel-iar-aceasta-este-fiica-mea-sofia","status":"publish","type":"post","link":"https:\/\/calatorinromania.com\/?p=39665","title":{"rendered":"Salutare tuturor, eu sunt Gabriel, iar aceasta este fiica mea, Sofia"},"content":{"rendered":"\n<p>Acum treisprezece ani, o singur\u0103 fotografie a schimbat totul. \u00cen ea, fiica mea nou-n\u0103scut\u0103, Sofia, \u00eemi str\u00e2nge degetul. Ziua aceea ar fi trebuit s\u0103 fie cea mai fericit\u0103 din via\u021ba mea \u2014 dar mama ei, iubirea vie\u021bii mele, a murit \u00een timpul na\u0219terii. Nu am pl\u0103nuit niciodat\u0103 s\u0103 fiu \u0219i mam\u0103, \u0219i tat\u0103, dar din acel moment nu am avut de ales. S\u0103 o cresc pe Sofia singur a devenit scopul meu \u00een via\u021b\u0103. Mi-am rev\u0103rsat toat\u0103 dragostea, disciplina \u0219i fiecare strop de energie pentru a-i oferi o via\u021b\u0103 sigur\u0103 \u0219i stabil\u0103.<\/p>\n\n\n\n<p><\/p>\n\n\n\n<p>Am \u021binut romantismul \u0219i distragerile departe. Ea era lumea mea. Acum Sofia are cincisprezece ani, este istea\u021b\u0103 \u0219i curioas\u0103, transform\u00e2ndu-se \u00eentr-o t\u00e2n\u0103r\u0103 domni\u0219oar\u0103. Recent, s-a \u00eendr\u0103gostit de un b\u0103iat pe nume Marius \u2014 un copil imigrant de la \u0219coal\u0103. Am presupus c\u0103 era ceva inocent. O dragoste de copii. P\u00e2n\u0103 \u00een ziua \u00een care \u0219i-a uitat telefonul acas\u0103.<\/p>\n\n\n\n<p><\/p>\n\n\n\n<p>Un mesaj a ap\u0103rut. Nu inten\u021bionam s\u0103 cotrob\u0103i, dar curiozitatea m-a \u00eenvins. Ceea ce am citit m-a zguduit.<\/p>\n\n\n\n<p><\/p>\n\n\n\n<p>Nu erau mesaje superficiale \u2014 vorbeau despre sentimente profunde, \u00eent\u00e2lniri secrete \u0219i vise pe care le construiser\u0103 f\u0103r\u0103 mine. Mi s-a pr\u0103bu\u0219it inima. Am sim\u021bit team\u0103, tr\u0103dare\u2026 \u0219i e\u0219ec.<\/p>\n\n\n\n<p><\/p>\n\n\n\n<p>\u00cen acea sear\u0103, am chemat-o pe Sofia \u0219i, cu bl\u00e2nde\u021be, i-am ar\u0103tat mesajul. A pl\u00e2ns. A m\u0103rturisit. Nu-mi spusese pentru c\u0103 nu voia s\u0103 m\u0103 r\u0103neasc\u0103. Marius, spunea ea, o f\u0103cea s\u0103 se simt\u0103 v\u0103zut\u0103, \u00een siguran\u021b\u0103 \u0219i iubit\u0103.<\/p>\n\n\n\n<p><\/p>\n\n\n\n<p>A fost cea mai grea conversa\u021bie pe care am avut-o vreodat\u0103. Dar \u00een acel moment, am \u00een\u021beles ceva esen\u021bial: s\u0103 fii un tat\u0103 bun nu \u00eenseamn\u0103 s\u0103 controlezi. \u00censeamn\u0103 s\u0103 ascul\u021bi, s\u0103 la\u0219i de la tine \u0219i s\u0103 \u00eenve\u021bi cum s\u0103 cre\u0219ti al\u0103turi de copilul pe care \u00eel iube\u0219ti cel mai mult.<\/p>\n\n\n\n<p><\/p>\n\n\n\n<p><strong>Dac\u0103 \u021bi-a pl\u0103cut povestea, nu uita s\u0103 o distribui cu prietenii t\u0103i! \u00cempreun\u0103 putem duce mai departe emo\u021bia \u0219i inspira\u021bia.<\/strong><\/p>\n","protected":false},"excerpt":{"rendered":"<p>Acum treisprezece ani, o singur\u0103 fotografie a schimbat totul. \u00cen ea, fiica mea nou-n\u0103scut\u0103, Sofia, \u00eemi str\u00e2nge degetul. Ziua aceea ar fi trebuit s\u0103 fie<\/p>\n","protected":false},"author":1,"featured_media":39588,"comment_status":"closed","ping_status":"closed","sticky":false,"template":"","format":"standard","meta":[],"categories":[1],"tags":[],"_links":{"self":[{"href":"https:\/\/calatorinromania.com\/index.php?rest_route=\/wp\/v2\/posts\/39665"}],"collection":[{"href":"https:\/\/calatorinromania.com\/index.php?rest_route=\/wp\/v2\/posts"}],"about":[{"href":"https:\/\/calatorinromania.com\/index.php?rest_route=\/wp\/v2\/types\/post"}],"author":[{"embeddable":true,"href":"https:\/\/calatorinromania.com\/index.php?rest_route=\/wp\/v2\/users\/1"}],"replies":[{"embeddable":true,"href":"https:\/\/calatorinromania.com\/index.php?rest_route=%2Fwp%2Fv2%2Fcomments&post=39665"}],"version-history":[{"count":1,"href":"https:\/\/calatorinromania.com\/index.php?rest_route=\/wp\/v2\/posts\/39665\/revisions"}],"predecessor-version":[{"id":39666,"href":"https:\/\/calatorinromania.com\/index.php?rest_route=\/wp\/v2\/posts\/39665\/revisions\/39666"}],"wp:featuredmedia":[{"embeddable":true,"href":"https:\/\/calatorinromania.com\/index.php?rest_route=\/wp\/v2\/media\/39588"}],"wp:attachment":[{"href":"https:\/\/calatorinromania.com\/index.php?rest_route=%2Fwp%2Fv2%2Fmedia&parent=39665"}],"wp:term":[{"taxonomy":"category","embeddable":true,"href":"https:\/\/calatorinromania.com\/index.php?rest_route=%2Fwp%2Fv2%2Fcategories&post=39665"},{"taxonomy":"post_tag","embeddable":true,"href":"https:\/\/calatorinromania.com\/index.php?rest_route=%2Fwp%2Fv2%2Ftags&post=39665"}],"curies":[{"name":"wp","href":"https:\/\/api.w.org\/{rel}","templated":true}]}}