{"id":39615,"date":"2025-05-29T07:28:07","date_gmt":"2025-05-29T07:28:07","guid":{"rendered":"https:\/\/calatorinromania.com\/?p=39615"},"modified":"2025-05-29T07:28:08","modified_gmt":"2025-05-29T07:28:08","slug":"vocea-ei-ma-dezarma","status":"publish","type":"post","link":"https:\/\/calatorinromania.com\/?p=39615","title":{"rendered":"\u2026Vocea ei m\u0103 dezarma."},"content":{"rendered":"\n<p>\u2026Vocea ei m\u0103 dezarma. Nu era ironic\u0103. Nu era rece. Era fragil\u0103. Umil\u0103.<\/p>\n\n\n\n<p><\/p>\n\n\n\n<p>Am r\u0103mas cu m\u00e2na pe m\u00e2nerul valizei, cu g\u00e2tul str\u00e2ns, neput\u00e2nd rosti un cuv\u00e2nt. Am \u00eencuviin\u021bat din cap, iar \u00een ochii ei a trecut o umbr\u0103 pe care nu o mai v\u0103zusem niciodat\u0103: remu\u0219care.<\/p>\n\n\n\n<p><\/p>\n\n\n\n<p>\u2014 Nu \u0219tiam\u2026 \u2014 a spus ea abia auzit. \u2014 Credeam c\u0103 e\u0219ti aici pentru bani. Doar bani. Ca toate celelalte.<\/p>\n\n\n\n<p><\/p>\n\n\n\n<p>\u2014 Sunt aici pentru bani. Dar nu pentru mine. Niciodat\u0103 pentru mine, \u2014 am spus.<\/p>\n\n\n\n<p><\/p>\n\n\n\n<p>Am sim\u021bit lacrimile venind, dar le-am \u00eenghi\u021bit. Nu mai voiam s\u0103 par slab\u0103. Era t\u00e2rziu pentru scuze. Eram hot\u0103r\u00e2t\u0103 s\u0103 plec.<\/p>\n\n\n\n<p><\/p>\n\n\n\n<p>Dar doamna Vittoria \u0219i-a \u00eendreptat spatele, a apucat de marginea fotoliului \u0219i s-a ridicat cu greu. A f\u0103cut un pas spre mine. Tremura. Nu mai era acea femeie rece \u0219i t\u0103ioas\u0103. Acum p\u0103rea doar\u2026 o b\u0103tr\u00e2n\u0103 singur\u0103.<\/p>\n\n\n\n<p><\/p>\n\n\n\n<p>\u2014 R\u0103m\u00e2i\u2026 m\u0103car pentru o cea\u0219c\u0103 de ceai? \u2014 a \u0219optit.<\/p>\n\n\n\n<p><\/p>\n\n\n\n<p>Am ezitat. Ceva \u00een mine voia s\u0103 o lase acolo, s\u0103 \u00eenchid\u0103 u\u0219a, s\u0103 uite. Dar altceva\u2026 poate bunul sim\u021b, poate o r\u0103m\u0103\u0219i\u021b\u0103 de compasiune\u2026 m-a oprit.<\/p>\n\n\n\n<p><\/p>\n\n\n\n<p>Am l\u0103sat valiza jos. F\u0103r\u0103 cuvinte, am intrat \u00een buc\u0103t\u0103rie \u0219i am pus apa la fiert. C\u00e2nd m-am \u00eentors, ea st\u0103tea la mas\u0103. Nu mai ridica privirea, ci doar \u00ee\u0219i freca m\u00e2inile una de alta.<\/p>\n\n\n\n<p>\u2014 Fiica mea\u2026 Alessandra\u2026 nu m\u0103 mai iube\u0219te, \u2014 a spus ea \u00eencet. \u2014 Sau poate c\u0103 nu mai \u0219tie cum. Am fost prea dur\u0103 cu ea. Cum sunt \u0219i cu tine. C\u00e2nd so\u021bul meu a murit, am devenit piatr\u0103. Ca s\u0103 nu simt. Ca s\u0103 nu cad. \u0218i am uitat\u2026 am uitat cum s\u0103 fiu om.<\/p>\n\n\n\n<p>Am a\u0219ezat cea\u0219tile pe mas\u0103. Ceaiul aburea \u00eentre noi.<\/p>\n\n\n\n<p>\u2014 Poate c\u0103 dac\u0103 pleci, nu va mai avea pe cine s\u0103 trimit\u0103. Poate va veni ea. \u0218i poate \u00eemi va spune \u00een fa\u021b\u0103 c\u0103 m\u0103 ur\u0103\u0219te, m\u0103 dispre\u021buie\u0219te. Dar m\u0103car va vorbi cu mine. M\u0103car o voi vedea. \u00cemi e dor de nepo\u021bii mei, de casa mea veche, de tot ce am fost\u2026 \u0219i nu mai sunt.<\/p>\n\n\n\n<p>\u2014 E t\u00e2rziu, \u2014 am spus. \u2014 Dar nu imposibil.<\/p>\n\n\n\n<p>\u2014 Tu\u2026 ai un suflet frumos. Eu \u021bi l-am c\u0103lcat \u00een picioare. \u0218i totu\u0219i, e\u0219ti aici. Faci ce trebuie. Mai mult dec\u00e2t ar fi f\u0103cut propria mea fiic\u0103.<\/p>\n\n\n\n<p>Am sorbit din ceai. Era amar. Dar \u00een t\u0103cerea aceea, amarul se sim\u021bea sincer.<\/p>\n\n\n\n<p>Am r\u0103mas. Nu din mil\u0103, ci din \u00een\u021belegere. \u00cen urm\u0103toarele s\u0103pt\u0103m\u00e2ni, doamna Vittoria s-a schimbat. \u00cencet, cu pa\u0219i mici. A \u00eenceput s\u0103 m\u0103 \u00eentrebe de mama. Mi-a cerut o poz\u0103 cu ea. A \u00eenceput s\u0103-mi spun\u0103 \u201edraga mea\u201d \u0219i s\u0103-mi lase pe mas\u0103 o bucat\u0103 de biscui\u021bi, \u201ec\u0103 poate \u021bi-e poft\u0103 dup\u0103 at\u00e2ta alergat\u201d.<\/p>\n\n\n\n<p>Am sim\u021bit c\u0103 se rupe ceva \u00een ea \u2014 o coaj\u0103 groas\u0103, veche de zeci de ani. \u0218i sub ea\u2026 era o femeie r\u0103nit\u0103, care nu \u0219tia cum s\u0103 cear\u0103 iertare.<\/p>\n\n\n\n<p>\u00centr-o sear\u0103, m-a \u00eentrebat:<\/p>\n\n\n\n<p>\u2014 Pot s\u0103-\u021bi scriu mama o scrisoare? N-am cui s\u0103 scriu, dar a\u0219 vrea s\u0103-i spun ceva\u2026 unei mame care merit\u0103.<\/p>\n\n\n\n<p>I-am dat o h\u00e2rtie. A scris cu litere tremurate, iar c\u00e2nd a terminat, mi-a cerut s-o citesc cu voce tare. Era o scrisoare despre iubire, despre r\u0103ni, despre speran\u021b\u0103. \u0218i era semnat\u0103: \u201ecu recuno\u0219tin\u021b\u0103, Vittoria \u2014 cea care a \u00eenv\u0103\u021bat prea t\u00e2rziu, dar totu\u0219i a \u00eenv\u0103\u021bat.\u201d<\/p>\n\n\n\n<p>Timpul a trecut. \u00cen prim\u0103var\u0103, s\u0103n\u0103tatea ei s-a \u00eenr\u0103ut\u0103\u021bit. Am chemat doctori, am vegheat-o nop\u021bi \u00eentregi. \u00centr-o diminea\u021b\u0103, dup\u0103 ce o sp\u0103lasem cu grij\u0103 \u0219i o piept\u0103nasem, m-a prins de m\u00e2n\u0103.<\/p>\n\n\n\n<p>\u2014 Dac\u0103 plec\u2026 \u00ee\u021bi promit c\u0103 nu o fac f\u0103r\u0103 s\u0103 las ceva \u00een urm\u0103.<\/p>\n\n\n\n<p>\u2014 Nu trebuie s\u0103-mi la\u0219i nimic. Doar lini\u0219te. At\u00e2t.<\/p>\n\n\n\n<p>Dar ea a insistat. Mi-a \u00eenm\u00e2nat o cheie. O cutie mic\u0103, veche, era \u00een dulapul din camera ei. A zis c\u0103 s\u0103 o deschid doar dup\u0103\u2026<\/p>\n\n\n\n<p>Trei s\u0103pt\u0103m\u00e2ni mai t\u00e2rziu, s-a stins \u00een somn. Cu un z\u00e2mbet slab pe buze \u0219i cu m\u00e2na mea str\u00e2ns\u0103 \u00een a ei.<\/p>\n\n\n\n<p>Dup\u0103 \u00eenmorm\u00e2ntare, Alessandra a venit pentru acte. P\u0103rea obosit\u0103, dar nu rece. Mi-a mul\u021bumit pentru tot. \u00cen prezen\u021ba notarului, a fost deschis testamentul. O parte din lucruri mergeau la fiica ei, normal. Dar ultimul paragraf era pentru mine.<\/p>\n\n\n\n<p>\u201ePentru Maria, femeia care mi-a ar\u0103tat cum arat\u0103 umanitatea, dup\u0103 ce am uitat-o: \u00ee\u021bi las aceast\u0103 cas\u0103. Nu pentru c\u0103 ai avut grij\u0103 de mine, ci pentru c\u0103 ai avut grij\u0103 de sufletul meu. \u0218i poate\u2026 poate ai reu\u0219it s\u0103-mi aduci pu\u021bin\u0103 m\u00e2ntuire.\u201d<\/p>\n\n\n\n<p>Am izbucnit \u00een pl\u00e2ns.<\/p>\n\n\n\n<p>Nu pentru c\u0103 \u00eemi l\u0103sase casa. Ci pentru c\u0103, \u00eentr-un final, o inim\u0103 at\u00e2t de \u00eenchis\u0103 a ales s\u0103 se deschid\u0103. M\u0103car pu\u021bin. M\u0103car \u00eenainte de plecare.<\/p>\n\n\n\n<p>Ast\u0103zi tr\u0103iesc \u00een aceea\u0219i cas\u0103. \u00cen sufragerie e aceea\u0219i lamp\u0103 cu abajur bej, pe masa de cafea \u2014 albumele vechi cu fotografii. Din c\u00e2nd \u00een c\u00e2nd, primesc scrisori de la Alessandra. Ne-am apropiat. Uneori vine cu copiii ei, \u0219i le povestez cum era bunica lor \u00een ultimele luni \u2014 z\u00e2mbitoare, cald\u0103, altfel dec\u00e2t au cunoscut-o.<\/p>\n\n\n\n<p>\u0218i mama? A f\u0103cut opera\u021bia. E bine acum. \u00cemi scrie \u00een fiecare duminic\u0103. \u0218i de fiecare dat\u0103 \u00eencheie cu:<\/p>\n\n\n\n<p>\u201eTe iubesc, fata mea curajoas\u0103. E\u0219ti dovada vie c\u0103 r\u0103bdarea \u0219i bun\u0103tatea pot schimba chiar \u0219i o inim\u0103 de piatr\u0103.\u201d<\/p>\n\n\n\n<p>\u2014 Sf\u00e2r\u0219it. \u2764\ufe0f<\/p>\n","protected":false},"excerpt":{"rendered":"<p>\u2026Vocea ei m\u0103 dezarma. Nu era ironic\u0103. Nu era rece. Era fragil\u0103. Umil\u0103. Am r\u0103mas cu m\u00e2na pe m\u00e2nerul valizei, cu g\u00e2tul str\u00e2ns, neput\u00e2nd rosti<\/p>\n","protected":false},"author":1,"featured_media":39588,"comment_status":"closed","ping_status":"closed","sticky":false,"template":"","format":"standard","meta":[],"categories":[1],"tags":[],"_links":{"self":[{"href":"https:\/\/calatorinromania.com\/index.php?rest_route=\/wp\/v2\/posts\/39615"}],"collection":[{"href":"https:\/\/calatorinromania.com\/index.php?rest_route=\/wp\/v2\/posts"}],"about":[{"href":"https:\/\/calatorinromania.com\/index.php?rest_route=\/wp\/v2\/types\/post"}],"author":[{"embeddable":true,"href":"https:\/\/calatorinromania.com\/index.php?rest_route=\/wp\/v2\/users\/1"}],"replies":[{"embeddable":true,"href":"https:\/\/calatorinromania.com\/index.php?rest_route=%2Fwp%2Fv2%2Fcomments&post=39615"}],"version-history":[{"count":1,"href":"https:\/\/calatorinromania.com\/index.php?rest_route=\/wp\/v2\/posts\/39615\/revisions"}],"predecessor-version":[{"id":39616,"href":"https:\/\/calatorinromania.com\/index.php?rest_route=\/wp\/v2\/posts\/39615\/revisions\/39616"}],"wp:featuredmedia":[{"embeddable":true,"href":"https:\/\/calatorinromania.com\/index.php?rest_route=\/wp\/v2\/media\/39588"}],"wp:attachment":[{"href":"https:\/\/calatorinromania.com\/index.php?rest_route=%2Fwp%2Fv2%2Fmedia&parent=39615"}],"wp:term":[{"taxonomy":"category","embeddable":true,"href":"https:\/\/calatorinromania.com\/index.php?rest_route=%2Fwp%2Fv2%2Fcategories&post=39615"},{"taxonomy":"post_tag","embeddable":true,"href":"https:\/\/calatorinromania.com\/index.php?rest_route=%2Fwp%2Fv2%2Ftags&post=39615"}],"curies":[{"name":"wp","href":"https:\/\/api.w.org\/{rel}","templated":true}]}}