{"id":39598,"date":"2025-05-29T05:44:44","date_gmt":"2025-05-29T05:44:44","guid":{"rendered":"https:\/\/calatorinromania.com\/?p=39598"},"modified":"2025-05-29T05:44:45","modified_gmt":"2025-05-29T05:44:45","slug":"femeia-elegant-imbracata-da-ochii-peste-cap-cand-vede-un-tata-epuizat-urcand-cu-un-bebelus-in-clasa-intai","status":"publish","type":"post","link":"https:\/\/calatorinromania.com\/?p=39598","title":{"rendered":"FEMEIA ELEGANT \u00ceMBR\u0102CAT\u0102 D\u0102 OCHII PESTE CAP C\u00c2ND VEDE UN TAT\u0102 EPUIZAT URC\u00c2ND CU UN BEBELU\u0218 \u00ceN CLASA \u00ceNT\u00c2I"},"content":{"rendered":"\n<p>\u2014 Serios? Un bebelu\u0219 la clasa \u00eent\u00e2i? \u2014 a pufnit femeia \u00een timp ce urcam la bord, jongl\u00e2nd cu un rucsac pentru scutece, un c\u0103rucior \u0219i fiica mea de patru luni prins\u0103 la piept.<\/p>\n\n\n\n<p><\/p>\n\n\n\n<p>Era \u00eembr\u0103cat\u0103 impecabil \u2014 geant\u0103 de designer, parfum scump, genul de persoan\u0103 care p\u0103rea ofensat\u0103 de firimituri, zgomot sau de umanitate \u00een general.<\/p>\n\n\n\n<p><\/p>\n\n\n\n<p>Am ignorat-o c\u00e2t am putut. Eram prea obosit ca s\u0103-mi pese. So\u021bia mea murise cu patru s\u0103pt\u0103m\u00e2ni \u00eenainte. Aceast\u0103 c\u0103l\u0103torie nu era despre lux \u2014 era despre a le prezenta fiica noastr\u0103 bunicilor care nu o cunoscuser\u0103 niciodat\u0103.<\/p>\n\n\n\n<p><\/p>\n\n\n\n<p>M-am a\u0219ezat pe loc \u0219i am \u00eencercat s\u0103 o lini\u0219tesc pe cea mic\u0103, iar femeia s-a aplecat spre \u00eenso\u021bitoarea de bord \u0219i a morm\u0103it:<\/p>\n\n\n\n<p><\/p>\n\n\n\n<p>\u2014 De ce las\u0103 oameni ca el aici? Ar trebui s\u0103 fie la economic, cu restul.<\/p>\n\n\n\n<p>\u00censo\u021bitoarea i-a oferit un z\u00e2mbet for\u021bat \u0219i nu a spus nimic.<\/p>\n\n\n\n<p>Femeia continua s\u0103 m\u0103 fixeze de fiecare dat\u0103 c\u00e2nd feti\u021ba scotea un sunet. \u00cemi ceream scuze. Ea d\u0103dea ochii peste cap.<\/p>\n\n\n\n<p>Am decolat.<\/p>\n\n\n\n<p>Cam la jum\u0103tatea zborului, c\u0103pitanul a vorbit la interfon.<\/p>\n\n\n\n<p>\u2014 Doamnelor \u0219i domnilor, v\u0103 mul\u021bumim c\u0103 a\u021bi ales s\u0103 zbura\u021bi cu noi ast\u0103zi. De asemenea, dorim s\u0103 adres\u0103m un salut special unuia dintre pasagerii no\u0219tri din locul 3A.<\/p>\n\n\n\n<p>Am \u00eencremenit. Acela era locul meu.<\/p>\n\n\n\n<p>\u2014 Domnul Andrei \u0219i fiica sa zboar\u0103 ast\u0103zi \u00een condi\u021bii speciale, a continuat c\u0103pitanul. So\u021bia lui a trecut \u00een nefiin\u021b\u0103 luna trecut\u0103, iar el face aceast\u0103 c\u0103l\u0103torie pentru a-i \u00eendeplini dorin\u021ba \u2014 aceea de a le prezenta bunicilor feti\u021ba lor, pentru prima dat\u0103.<\/p>\n\n\n\n<p>Cabina a devenit complet t\u0103cut\u0103.<\/p>\n\n\n\n<p>\u2014 \u0218i, domnule Andrei \u2014 a ad\u0103ugat c\u0103pitanul \u2014, so\u021bia dumneavoastr\u0103 mi-a fost copilot timp de \u0219ase ani. Spunea mereu c\u0103 familia era zborul ei de care era cea mai m\u00e2ndr\u0103.<\/p>\n\n\n\n<p>To\u021bi s-au \u00eentors s\u0103 se uite la mine.<\/p>\n\n\n\n<p>To\u021bi, \u00een afar\u0103 de femeia de l\u00e2ng\u0103 mine \u2014 care, dintr-odat\u0103, nu mai putea ridica deloc privirea.<\/p>\n\n\n\n<p>St\u0103tea \u00eencordat\u0103, cu m\u00e2inile str\u00e2nse \u00een poal\u0103, privind fix spre gura de aerisire, de parc\u0103 aceasta ar fi avut ceva s\u0103-i spun\u0103. Sim\u021beam greutatea a o sut\u0103 de priviri asupra mea, dar nu \u00eentr-un mod r\u0103u. \u00cen acea lini\u0219te era c\u0103ldur\u0103. Un fel de respect \u00eemp\u0103rt\u0103\u0219it. Am v\u0103zut un b\u0103rbat din locul 2D \u00eenclin\u00e2nd u\u0219or capul spre mine, iar cineva din spate mi-a atins u\u0219or um\u0103rul ca s\u0103-mi \u00eenm\u00e2neze biberonul pe care-l sc\u0103pasem mai devreme. Fiica mea, Eliza, a sc\u00e2ncit, iar eu am leg\u0103nat-o u\u0219or. Pentru prima dat\u0103 \u00een s\u0103pt\u0103m\u00e2ni, nu m-am sim\u021bit complet singur.<\/p>\n\n\n\n<p>Femeia de l\u00e2ng\u0103 mine a tu\u0219it u\u0219or, f\u0103r\u0103 s\u0103-mi \u00eent\u00e2lneasc\u0103 privirea.<\/p>\n\n\n\n<p>\u2014 \u00cemi pare\u2026 \u00eemi pare r\u0103u pentru pierderea dumneavoastr\u0103, a spus ea \u00eencet. Cuvintele sunau ciudat venind de la ea, dar am apreciat efortul.<\/p>\n\n\n\n<p>\u2014 Mul\u021bumesc, am r\u0103spuns la fel de \u00eencet.<\/p>\n\n\n\n<p>A fost o pauz\u0103, \u0219i am crezut c\u0103 asta a fost tot. Dar apoi a vorbit din nou:<\/p>\n\n\n\n<p>\u2014 Mi-am pierdut so\u021bul anul trecut. Cancer pancreatic. Rapid. \u00centr-o zi era aici, \u00een urm\u0103toarea nu mai era. Vocea i s-a fr\u00e2nt, doar pu\u021bin.<\/p>\n\n\n\n<p>Am privit-o cu adev\u0103rat pentru prima dat\u0103. Nu era at\u00e2t de t\u00e2n\u0103r\u0103 pe c\u00e2t crezusem. Machiajul, \u021binuta \u2014 poate c\u0103 erau o armur\u0103. Poate c\u0103 era felul ei de a se \u021bine tare.<\/p>\n\n\n\n<p>\u2014 \u00cemi pare r\u0103u, am spus, \u0219i chiar am sim\u021bit asta.<\/p>\n\n\n\n<p>Restul zborului a decurs \u00eentr-o lini\u0219te aproape pa\u0219nic\u0103. Eliza a dormit \u00een mare parte din timp, iar c\u00e2nd a devenit agitat\u0103, femeia de l\u00e2ng\u0103 mine nu s-a mai \u00eencruntat. Ba chiar s-a oferit s\u0103 o \u021bin\u0103 \u00een bra\u021be c\u00e2t timp am mers la toalet\u0103. Asta m-a l\u0103sat f\u0103r\u0103 cuvinte. Am privit-o cum o leg\u0103na u\u0219or pe Eliza, fredon\u00e2nd ceva bl\u00e2nd \u2014 probabil un c\u00e2ntec de leag\u0103n de demult.<\/p>\n\n\n\n<p>C\u00e2nd am aterizat, \u00eenso\u021bitoarea de bord mi-a \u00eentins un bilet \u00eemp\u0103turit.<\/p>\n\n\n\n<p>\u2014 De la c\u0103pitan, mi-a \u0219optit.<\/p>\n\n\n\n<p>L-am deschis dup\u0103 ce am cobor\u00e2t din avion \u0219i ne-am a\u0219ezat l\u00e2ng\u0103 banda de bagaje. Biletul spunea:<\/p>\n\n\n\n<p>\u201eSo\u021bia ta vorbea despre tine \u0219i Eliza la fiecare zbor. Odat\u0103 mi-a spus: \u00abDac\u0103 mi se \u00eent\u00e2mpl\u0103 ceva vreodat\u0103, asigur\u0103-te c\u0103 \u0219tiu c\u00e2t de mult i-am iubit.\u00bb O faci m\u00e2ndr\u0103. Fii tare. \u2014 C\u0103pitanul Henson.\u201d<\/p>\n\n\n\n<p>A trebuit s\u0103-mi \u0219terg ochii \u00eenainte s\u0103 o pot lua din nou pe Eliza \u00een bra\u021be.<\/p>\n\n\n\n<p>Dar povestea nu s-a \u00eencheiat acolo.<\/p>\n\n\n\n<p>\u00cen timp ce a\u0219teptam s\u0103 ajung\u0103 socrii mei, femeia din avion s-a apropiat. \u021ainea \u00een m\u00e2n\u0103 geanta ei elegant\u0103 \u0219i \u00eencerca s\u0103 par\u0103 relaxat\u0103, dar mersul ei avea un aer hot\u0103r\u00e2t.<\/p>\n\n\n\n<p>\u2014 Ascult\u0103, a spus ea, \u2014 am fost deplasat\u0103 mai devreme. Nu e o scuz\u0103, dar durerea te face dur \u00een moduri la care nu te a\u0219tep\u021bi. Te-am v\u0103zut lupt\u00e2ndu-te, \u0219i \u00een loc s\u0103 te ajut, te-am judecat. Nu e asta persoana care vreau s\u0103 fiu.<\/p>\n\n\n\n<p>Am \u00eencuviin\u021bat din cap. \u2014 Apreciez asta.<\/p>\n\n\n\n<p>A ezitat, apoi mi-a \u00eentins m\u00e2na.<\/p>\n\n\n\n<p>\u2014 Viviana.<\/p>\n\n\n\n<p>\u2014 Liam, am spus, str\u00e2ng\u00e2ndu-i m\u00e2na.<\/p>\n\n\n\n<p>Apoi a f\u0103cut ceva nea\u0219teptat. A scos o carte de vizit\u0103.<\/p>\n\n\n\n<p>\u2014 Conduc o funda\u021bie \u2014 mic\u0103, dar ajut\u0103m p\u0103rin\u021bi singuri s\u0103 se redreseze dup\u0103 pierdere. Avem resurse \u2014 consiliere, grupuri de sprijin, chiar \u0219i burse pe termen scurt pentru \u00eengrijirea copilului. Dac\u0103 vreodat\u0103 ai nevoie de ajutor, sau doar de cineva cu care s\u0103 vorbe\u0219ti\u2026 contacteaz\u0103-m\u0103.<\/p>\n\n\n\n<p>Am privit cartea. Avea numele ei complet: Viviana Hartswell, Fondator, Funda\u021bia Al Doilea Zbor.<\/p>\n\n\n\n<p>\u2014 Nu\u2026 nu \u0219tiu ce s\u0103 zic, am spus.<\/p>\n\n\n\n<p>\u2014 Doar ai grij\u0103 de fiica ta, a spus ea, z\u00e2mbind bl\u00e2nd.<\/p>\n\n\n\n<p>\u00cen acea sear\u0103, \u00een timp ce o priveam pe Eliza fiind \u021binut\u0103 \u00een bra\u021be de bunica ei pentru prima dat\u0103, am sim\u021bit c\u0103 ceva s-a schimbat. O lic\u0103rire de speran\u021b\u0103, ca o chibrit aprins \u00een \u00eentuneric.<\/p>\n\n\n\n<p>C\u00e2teva s\u0103pt\u0103m\u00e2ni mai t\u00e2rziu, am contactat-o pe Viviana. Nu pentru bani, ci pentru c\u0103 m\u0103 \u00eenecam \u00een t\u0103cerea din cas\u0103. M-a pus \u00een leg\u0103tur\u0103 personal cu un grup local pentru p\u0103rin\u021bi v\u0103duvi. Grupul acela a devenit ancora mea. Am cunoscut al\u021bi oameni \u2014 ta\u021bi \u0219i mame care \u00eencercau \u0219i ei doar s\u0103 supravie\u021buiasc\u0103 zilelor. Ne ajutam cu copiii, povesteam, pl\u00e2ngeam uneori, dar r\u00e2deam mai des dec\u00e2t credeam c\u0103 putem.<\/p>\n\n\n\n<p>Viviana nu mi-a dat doar o carte \u2014 mi-a schimbat direc\u021bia vie\u021bii.<\/p>\n\n\n\n<p>Un an mai t\u00e2rziu, am vorbit la unul dintre evenimentele funda\u021biei ei. Am spus povestea noastr\u0103 \u2014 nu doar a mea \u0219i a Elizei, ci cum un moment de judecat\u0103 s-a transformat \u00eentr-un act de generozitate. Am \u00eencheiat cu cuvintele c\u0103pitanului: \u201eFamilia ta este zborul de care e\u0219ti cel mai m\u00e2ndru.\u201d<\/p>\n\n\n\n<p>Dup\u0103 aceea, Viviana a venit la mine cu lacrimi \u00een ochi.<\/p>\n\n\n\n<p>\u2014 O faci m\u00e2ndr\u0103, a spus ea. \u0218i acum \u00eei aju\u021bi \u0219i pe al\u021bii. Asta e tot ce putem spera, cu adev\u0103rat.<\/p>\n\n\n\n<p>E ciudat cum se a\u0219az\u0103 lucrurile. M-am urcat \u00een acel avion crez\u00e2nd c\u0103 lumea e rece, c\u0103 bun\u0103tatea e un lucru din trecut. Dar m-am \u00een\u0219elat. Compasiunea nu vine \u00eentotdeauna \u00een forma \u00een care ne a\u0219tept\u0103m \u2014 uneori e ascuns\u0103 \u00een spatele unor ochi da\u021bi peste cap \u0219i al unor gen\u021bi de firm\u0103.<\/p>\n\n\n\n<p>\u0218i uneori, oamenii de la care ne a\u0219tept\u0103m cel mai pu\u021bin sunt cei care ne \u00eentind m\u00e2na c\u00e2nd c\u0103dem.<\/p>\n\n\n\n<p>Dac\u0103 ai r\u0103mas cu ceva din aceast\u0103 poveste, s\u0103 fie asta: to\u021bi purt\u0103m poveri pe care al\u021bii nu le pot vedea. Durere. Epuizare. Regret. Fii bl\u00e2nd. Nu presupune. \u0218i c\u00e2nd ai dubii \u2014 ofer\u0103 bun\u0103tate. Nu \u0219tii niciodat\u0103 c\u00e2nd cel mai mic gest al t\u0103u poate deveni colacul de salvare al cuiva.<\/p>\n\n\n\n<p>Dac\u0103 aceast\u0103 poveste te-a mi\u0219cat, te rog d\u0103-i un like \u0219i distribuie-o. Nu \u0219tii cine are nevoie s\u0103 o citeasc\u0103 ast\u0103zi.<\/p>\n\n\n\n<p><strong>Dac\u0103 \u021bi-a pl\u0103cut povestea, nu uita s\u0103 o distribui cu prietenii t\u0103i! \u00cempreun\u0103 putem duce mai departe emo\u021bia \u0219i inspira\u021bia.<\/strong> <\/p>\n","protected":false},"excerpt":{"rendered":"<p>\u2014 Serios? Un bebelu\u0219 la clasa \u00eent\u00e2i? \u2014 a pufnit femeia \u00een timp ce urcam la bord, jongl\u00e2nd cu un rucsac pentru scutece, un c\u0103rucior<\/p>\n","protected":false},"author":1,"featured_media":39588,"comment_status":"closed","ping_status":"closed","sticky":false,"template":"","format":"standard","meta":[],"categories":[1],"tags":[],"_links":{"self":[{"href":"https:\/\/calatorinromania.com\/index.php?rest_route=\/wp\/v2\/posts\/39598"}],"collection":[{"href":"https:\/\/calatorinromania.com\/index.php?rest_route=\/wp\/v2\/posts"}],"about":[{"href":"https:\/\/calatorinromania.com\/index.php?rest_route=\/wp\/v2\/types\/post"}],"author":[{"embeddable":true,"href":"https:\/\/calatorinromania.com\/index.php?rest_route=\/wp\/v2\/users\/1"}],"replies":[{"embeddable":true,"href":"https:\/\/calatorinromania.com\/index.php?rest_route=%2Fwp%2Fv2%2Fcomments&post=39598"}],"version-history":[{"count":1,"href":"https:\/\/calatorinromania.com\/index.php?rest_route=\/wp\/v2\/posts\/39598\/revisions"}],"predecessor-version":[{"id":39599,"href":"https:\/\/calatorinromania.com\/index.php?rest_route=\/wp\/v2\/posts\/39598\/revisions\/39599"}],"wp:featuredmedia":[{"embeddable":true,"href":"https:\/\/calatorinromania.com\/index.php?rest_route=\/wp\/v2\/media\/39588"}],"wp:attachment":[{"href":"https:\/\/calatorinromania.com\/index.php?rest_route=%2Fwp%2Fv2%2Fmedia&parent=39598"}],"wp:term":[{"taxonomy":"category","embeddable":true,"href":"https:\/\/calatorinromania.com\/index.php?rest_route=%2Fwp%2Fv2%2Fcategories&post=39598"},{"taxonomy":"post_tag","embeddable":true,"href":"https:\/\/calatorinromania.com\/index.php?rest_route=%2Fwp%2Fv2%2Ftags&post=39598"}],"curies":[{"name":"wp","href":"https:\/\/api.w.org\/{rel}","templated":true}]}}