{"id":39594,"date":"2025-05-29T05:34:16","date_gmt":"2025-05-29T05:34:16","guid":{"rendered":"https:\/\/calatorinromania.com\/?p=39594"},"modified":"2025-05-29T05:34:17","modified_gmt":"2025-05-29T05:34:17","slug":"domnule-va-rog-luati-o-pe-surioara-mea-cea-mica-nu-a-mai-mancat-de-mult-el-s-a-intors-brusc-si-a-incremenit-de-uimire","status":"publish","type":"post","link":"https:\/\/calatorinromania.com\/?p=39594","title":{"rendered":"\u2014 Domnule, v\u0103 rog, lua\u021bi-o pe surioara mea cea mic\u0103 \u2014 nu a mai m\u00e2ncat de mult \u2014 el s-a \u00eentors brusc \u0219i a \u00eencremenit de uimire!"},"content":{"rendered":"\n<p>\u2014 Domnule, v\u0103 rog\u2026 lua\u021bi-o pe sora mea. Este foarte fl\u0103m\u00e2nd\u0103\u2026<\/p>\n\n\n\n<p><\/p>\n\n\n\n<p>Acea chemare t\u0103cut\u0103, plin\u0103 de disperare, care a str\u0103b\u0103tut zgomotul str\u0103zii, l-a luat prin surprindere pe Igor Levsin.<\/p>\n\n\n\n<p><\/p>\n\n\n\n<p>Se gr\u0103bea \u2014 nu, alerga literalmente, de parc\u0103 ar fi fost urm\u0103rit de un du\u0219man invizibil.<\/p>\n\n\n\n<p><\/p>\n\n\n\n<p>Timpul \u00eel presa: milioane de dolari depindeau de o singur\u0103 decizie, care trebuia luat\u0103 chiar azi, \u00een cadrul \u0219edin\u021bei.<\/p>\n\n\n\n<p><\/p>\n\n\n\n<p>De c\u00e2nd Rita \u2014 so\u021bia lui, lumina lui, sprijinul lui \u2014 a p\u0103r\u0103sit aceast\u0103 lume, munca devenise singurul sens r\u0103mas \u00een via\u021ba lui.<\/p>\n\n\n\n<p><\/p>\n\n\n\n<p>Dar acel glas\u2026<\/p>\n\n\n\n<p><\/p>\n\n\n\n<p>Igor s-a \u00eentors. \u00cen fa\u021ba lui st\u0103tea un copil de aproximativ \u0219apte ani.<\/p>\n\n\n\n<p><\/p>\n\n\n\n<p>Sl\u0103bu\u021b, ciufulit, cu ochii \u00eenl\u0103crima\u021bi.<\/p>\n\n\n\n<p><\/p>\n\n\n\n<p>\u00cen bra\u021be \u021binea un mic ghemotoc, din care se z\u0103rea chipul unei feti\u021be.<\/p>\n\n\n\n<p><\/p>\n\n\n\n<p>Feti\u021ba, \u00eenvelit\u0103 \u00eentr-o p\u0103tur\u0103 veche \u0219i uzat\u0103, sc\u00e2ncea u\u0219or, iar b\u0103iatul o \u021binea str\u00e2ns, de parc\u0103 era singura ei protec\u021bie \u00eentr-o lume lipsit\u0103 de empatie.<\/p>\n\n\n\n<p><\/p>\n\n\n\n<p>Igor ezit\u0103. \u0218tia c\u0103 nu poate pierde timp, trebuia s\u0103 mearg\u0103.<\/p>\n\n\n\n<p><\/p>\n\n\n\n<p>Dar ceva \u00een privirea acelui copil sau \u00een simplitatea acelui \u201ev\u0103 rog\u201d a atins o parte ad\u00e2nc \u00eengropat\u0103 a sufletului s\u0103u.<\/p>\n\n\n\n<p>\u2014 Unde e mama ta? \u2014 \u00eentreb\u0103 el bl\u00e2nd, aplec\u00e2ndu-se l\u00e2ng\u0103 copil.<\/p>\n\n\n\n<p>\u2014 A promis c\u0103 se \u00eentoarce\u2026 dar au trecut deja dou\u0103 zile.<\/p>\n\n\n\n<p>O a\u0219tept aici, poate vine, \u2014 vocea b\u0103iatului tremura, \u0219i m\u00e2na lui la fel.<\/p>\n\n\n\n<p>Numele lui este Maxim. Pe micu\u021b\u0103 o cheam\u0103 Taisia. Au r\u0103mas complet singuri.<\/p>\n\n\n\n<p>Niciun bilet, nicio explica\u021bie \u2014 doar speran\u021ba de care b\u0103ie\u021belul de \u0219apte ani se ag\u0103\u021ba ca de un fir de pai.<\/p>\n\n\n\n<p>Igor i-a propus s\u0103 cumpere m\u00e2ncare, s\u0103 cheme poli\u021bia, s\u0103 anun\u021be serviciile sociale.<\/p>\n\n\n\n<p>Dar la men\u021bionarea poli\u021biei, Maxim s-a cutremurat \u0219i a \u0219optit cu durere:<\/p>\n\n\n\n<p>\u2014 V\u0103 rog, nu ne lua\u021bi.<\/p>\n\n\n\n<p>O vor lua pe Taisia\u2026<\/p>\n\n\n\n<p>\u0218i \u00een acel moment, Igor a \u00een\u021beles: nu mai putea pleca pur \u0219i simplu.<\/p>\n\n\n\n<p>La cea mai apropiat\u0103 cafenea, Maxim m\u00e2nca cu l\u0103comie, iar Igor \u00eei d\u0103dea cu grij\u0103 lui Taisia lapte praf cump\u0103rat de la farmacie.<\/p>\n\n\n\n<p>Ceva din el \u00eencepea s\u0103 se trezeasc\u0103 \u2014 ceva ce fusese \u00eengropat demult sub o carapace rece.<\/p>\n\n\n\n<p>A sunat la asistent\u0103:<\/p>\n\n\n\n<p>\u2014 Anula\u021bi toate \u00eent\u00e2lnirile.<\/p>\n\n\n\n<p>Ast\u0103zi \u0219i m\u00e2ine, de asemenea. Dup\u0103 un timp, au venit poli\u021bi\u0219tii \u2014 Gerasimov \u0219i Naumova.<\/p>\n\n\n\n<p>\u00centreb\u0103ri obi\u0219nuite, proceduri standard.<\/p>\n\n\n\n<p>Maxim a str\u00e2ns cu disperare m\u00e2na lui Igor:<\/p>\n\n\n\n<p>\u2014 Nu ne ve\u021bi trimite la orfelinat, nu-i a\u0219a?<\/p>\n\n\n\n<p>Igor nici nu s-a a\u0219teptat s\u0103 rosteasc\u0103 acele cuvinte:<\/p>\n\n\n\n<p>\u2014 Nu.<\/p>\n\n\n\n<p>Promit. La sec\u021bie au \u00eenceput formalit\u0103\u021bile.<\/p>\n\n\n\n<p>La caz s-a al\u0103turat Larisa Petrovna \u2014 o veche prieten\u0103 \u0219i asistent social cu experien\u021b\u0103.<\/p>\n\n\n\n<p>Datorit\u0103 ei, au reu\u0219it s\u0103 finalizeze rapid actele \u2014 tutel\u0103 temporar\u0103.<\/p>\n\n\n\n<p>\u2014 Doar p\u00e2n\u0103 c\u00e2nd o g\u0103sesc pe mam\u0103, \u2014 repeta Igor, mai mult pentru sine.<\/p>\n\n\n\n<p>\u2014 Doar temporar.<\/p>\n\n\n\n<p>I-a dus pe copii acas\u0103. \u00cen ma\u0219in\u0103 era lini\u0219te ca \u00eentr-un morm\u00e2nt.<\/p>\n\n\n\n<p>Maxim o \u021binea str\u00e2ns pe sor\u0103-sa, f\u0103r\u0103 \u00eentreb\u0103ri, \u0219optindu-i doar cuvinte bl\u00e2nde, lini\u0219titoare, familiare.<\/p>\n\n\n\n<p>Apartamentul lui Igor i-a \u00eent\u00e2mpinat cu spa\u021biu, covoare moi \u0219i ferestre panoramice ce ofereau o priveli\u0219te asupra \u00eentregului ora\u0219.<\/p>\n\n\n\n<p>Pentru Maxim, era ca un basm \u2014 via\u021ba lui nu cunoscuse niciodat\u0103 at\u00e2ta c\u0103ldur\u0103 \u0219i confort.<\/p>\n\n\n\n<p>Igor se sim\u021bea pierdut. Nu \u0219tia nimic despre formulele de lapte, scutece \u0219i program zilnic.<\/p>\n\n\n\n<p>Se \u00eempiedica de scutece, uita c\u00e2nd s\u0103-i hr\u0103neasc\u0103, c\u00e2nd s\u0103-i culce.<\/p>\n\n\n\n<p>Dar Maxim era acolo. T\u0103cut, atent, \u00eencordat.<\/p>\n\n\n\n<p>\u00cel urm\u0103rea pe Igor ca pe un str\u0103in care ar putea disp\u0103rea \u00een orice clip\u0103.<\/p>\n\n\n\n<p>Dar \u00een acela\u0219i timp, \u00eel ajuta \u2014 o leg\u0103na cu grij\u0103 pe sora lui, \u00eei c\u00e2nta c\u00e2ntece de leag\u0103n, o punea la somn cu at\u00e2ta grij\u0103, cum numai cineva care a f\u0103cut-o de multe ori \u0219tie s\u0103 o fac\u0103.<\/p>\n\n\n\n<p>\u00centr-o sear\u0103, Ta\u00edsia nu putea adormi. Pl\u00e2ngea, se mi\u0219ca nelini\u0219tit\u0103 \u00een p\u0103tu\u021b.<\/p>\n\n\n\n<p>Atunci Maxim s-a apropiat de ea, a luat-o cu grij\u0103 \u00een bra\u021be \u0219i a \u00eenceput s\u0103-i c\u00e2nte \u00eenceti\u0219or.<\/p>\n\n\n\n<p>Dup\u0103 c\u00e2teva minute, feti\u021ba dormea lini\u0219tit\u0103.<\/p>\n\n\n\n<p>\u2014 E\u0219ti uimitor, \u0219tii s\u0103 o lini\u0219te\u0219ti at\u00e2t de bine, \u2014 spuse Igor, privind scena cu c\u0103ldur\u0103 \u00een suflet.<\/p>\n\n\n\n<p>\u2014 A trebuit s\u0103 \u00eenv\u0103\u021b, \u2014 r\u0103spunse simplu b\u0103iatul.<\/p>\n\n\n\n<p>Nu cu sup\u0103rare, nu cu pl\u00e2ngere \u2014 ci ca un fapt de via\u021b\u0103.<\/p>\n\n\n\n<p>\u0218i \u00een acel moment a sunat telefonul. Era Larisa Petrovna.<\/p>\n\n\n\n<p>\u2014 Am g\u0103sit-o pe mama lor.<\/p>\n\n\n\n<p>Este \u00een via\u021b\u0103, dar urmeaz\u0103 o reabilitare \u2014 dependen\u021b\u0103 de droguri, stare grav\u0103.<\/p>\n\n\n\n<p>Dac\u0103 \u00ee\u0219i va termina tratamentul \u0219i va dovedi c\u0103 poate avea grij\u0103 de copii, \u00eei vor fi \u00eenapoia\u021bi.<\/p>\n\n\n\n<p>Altfel \u2014 statul va prelua tutela. Sau\u2026 tu. Igor a t\u0103cut. Ceva \u00een el s-a str\u00e2ns.<\/p>\n\n\n\n<p>\u2014 Po\u021bi ob\u021bine tutela oficial\u0103.<\/p>\n\n\n\n<p>Sau chiar s\u0103-i adop\u021bi. Dac\u0103 asta e ceea ce \u00ee\u021bi dore\u0219ti cu adev\u0103rat.<\/p>\n\n\n\n<p>Nu era sigur c\u0103 e preg\u0103tit s\u0103 devin\u0103 tat\u0103.<\/p>\n\n\n\n<p>Dar \u0219tia un lucru: nu voia s\u0103-i piard\u0103 pe ace\u0219ti copii.<\/p>\n\n\n\n<p>\u00cen acea sear\u0103, Maxim st\u0103tea \u00eentr-un col\u021b al sufrageriei \u0219i desena atent cu creionul.<\/p>\n\n\n\n<p>\u2014 Ce se va \u00eent\u00e2mpla cu noi? \u2014 \u00eentreb\u0103 el, f\u0103r\u0103 s\u0103-\u0219i ridice privirea de pe foaie.<\/p>\n\n\n\n<p>Dar \u00een vocea lui se sim\u021bea totul \u2014 fric\u0103, durere, speran\u021b\u0103 \u0219i teama de a fi p\u0103r\u0103sit din nou.<\/p>\n\n\n\n<p>\u2014 Nu \u0219tiu, \u2014 r\u0103spunse sincer Igor, a\u0219ez\u00e2ndu-se l\u00e2ng\u0103 el.<\/p>\n\n\n\n<p>\u2014 Dar voi face tot ce pot ca s\u0103 fi\u021bi \u00een siguran\u021b\u0103.<\/p>\n\n\n\n<p>Maxim a t\u0103cut pu\u021bin.<\/p>\n\n\n\n<p>\u2014 Ne vor lua din nou?<\/p>\n\n\n\n<p>Ne vor lua casa, pe tine?<\/p>\n\n\n\n<p>Igor l-a \u00eembr\u0103\u021bi\u0219at. Str\u00e2ns. F\u0103r\u0103 cuvinte.<\/p>\n\n\n\n<p>A vrut s\u0103-i transmit\u0103 prin acea \u00eembr\u0103\u021bi\u0219are: nu mai e\u0219ti singur. Niciodat\u0103.<\/p>\n\n\n\n<p>\u2014 Nu v\u0103 voi da.<\/p>\n\n\n\n<p>Promit. Niciodat\u0103.<\/p>\n\n\n\n<p>\u0218i exact \u00een acel moment, a \u00een\u021beles: ace\u0219ti copii nu mai erau \u00eent\u00e2mpl\u0103tori pentru el.<\/p>\n\n\n\n<p>Deveniser\u0103 o parte din el \u00eensu\u0219i.<\/p>\n\n\n\n<p>A doua zi diminea\u021b\u0103, Igor a sunat-o pe Larisa Petrovna:<\/p>\n\n\n\n<p>\u2014 Vreau s\u0103 devin tutorele lor legal.<\/p>\n\n\n\n<p>Pe deplin. Procesul n-a fost u\u0219or: verific\u0103ri, interviuri, vizite la domiciliu, \u00eentreb\u0103ri nesf\u00e2r\u0219ite.<\/p>\n\n\n\n<p>Dar Igor a trecut prin toate \u2014 pentru c\u0103 acum avea un scop adev\u0103rat.<\/p>\n\n\n\n<p>Dou\u0103 nume: Maxim \u0219i Ta\u00edsia.<\/p>\n\n\n\n<p>C\u00e2nd tutela temporar\u0103 s-a transformat \u00een ceva mai mult, Igor a decis s\u0103 se mute.<\/p>\n\n\n\n<p>A cump\u0103rat o cas\u0103 \u00een afara ora\u0219ului \u2014 cu o gr\u0103din\u0103, o verand\u0103 spa\u021bioas\u0103, ciripit de p\u0103s\u0103ri diminea\u021ba \u0219i miros de iarb\u0103 dup\u0103 ploaie.<\/p>\n\n\n\n<p>Maxim \u00eenflorea sub ochii lui.<\/p>\n\n\n\n<p>R\u00e2dea, construia corturi din perne, citea cu voce tare, aducea desene pe care le at\u00e2rna m\u00e2ndru pe frigider.<\/p>\n\n\n\n<p>Tr\u0103ia \u2014 cu adev\u0103rat, liber, f\u0103r\u0103 fric\u0103.<\/p>\n\n\n\n<p>\u00centr-o sear\u0103, c\u00e2nd \u00eel punea la somn, Igor l-a acoperit cu p\u0103tura \u0219i i-a m\u00e2ng\u00e2iat cu bl\u00e2nde\u021be p\u0103rul.<\/p>\n\n\n\n<p>Maxim s-a uitat la el de jos \u00een sus \u0219i a rostit \u00eencet:<\/p>\n\n\n\n<p>\u2014 Noapte bun\u0103, tat\u0103.<\/p>\n\n\n\n<p>Ceva s-a \u00eenc\u0103lzit \u00een interiorul lui Igor, iar ochii i s-au umezit.<\/p>\n\n\n\n<p>\u2014 Noapte bun\u0103, fiule.<\/p>\n\n\n\n<p>Prim\u0103vara a avut loc adop\u021bia oficial\u0103.<\/p>\n\n\n\n<p>Semn\u0103tura judec\u0103torului a consfin\u021bit statutul, dar \u00een inima lui Igor, totul fusese deja decis.<\/p>\n\n\n\n<p>Primul cuv\u00e2nt al Ta\u00edsiei \u2014 \u201eTata!\u201d \u2014 a \u00eensemnat mai mult dec\u00e2t orice succes \u00een afaceri.<\/p>\n\n\n\n<p>Maxim \u0219i-a f\u0103cut prieteni, s-a \u00eenscris la fotbal, uneori venea acas\u0103 cu o ga\u0219c\u0103 zgomotoas\u0103.<\/p>\n\n\n\n<p>Iar Igor \u00eenv\u0103\u021ba s\u0103 \u00eempleteasc\u0103 codi\u021be, s\u0103 fac\u0103 micul dejun, s\u0103 asculte, s\u0103 r\u00e2d\u0103\u2026 \u0219i s\u0103 se simt\u0103 din nou viu.<\/p>\n\n\n\n<p>Nu a pl\u0103nuit niciodat\u0103 s\u0103 devin\u0103 tat\u0103. Nu c\u0103uta asta.<\/p>\n\n\n\n<p>Dar acum nu-\u0219i putea imagina via\u021ba f\u0103r\u0103 ei. A fost greu.<\/p>\n\n\n\n<p>A fost nea\u0219teptat. Dar a devenit cel mai frumos lucru care i s-a \u00eent\u00e2mplat vreodat\u0103.<\/p>\n","protected":false},"excerpt":{"rendered":"<p>\u2014 Domnule, v\u0103 rog\u2026 lua\u021bi-o pe sora mea. Este foarte fl\u0103m\u00e2nd\u0103\u2026 Acea chemare t\u0103cut\u0103, plin\u0103 de disperare, care a str\u0103b\u0103tut zgomotul str\u0103zii, l-a luat prin<\/p>\n","protected":false},"author":1,"featured_media":39588,"comment_status":"closed","ping_status":"closed","sticky":false,"template":"","format":"standard","meta":[],"categories":[1],"tags":[],"_links":{"self":[{"href":"https:\/\/calatorinromania.com\/index.php?rest_route=\/wp\/v2\/posts\/39594"}],"collection":[{"href":"https:\/\/calatorinromania.com\/index.php?rest_route=\/wp\/v2\/posts"}],"about":[{"href":"https:\/\/calatorinromania.com\/index.php?rest_route=\/wp\/v2\/types\/post"}],"author":[{"embeddable":true,"href":"https:\/\/calatorinromania.com\/index.php?rest_route=\/wp\/v2\/users\/1"}],"replies":[{"embeddable":true,"href":"https:\/\/calatorinromania.com\/index.php?rest_route=%2Fwp%2Fv2%2Fcomments&post=39594"}],"version-history":[{"count":1,"href":"https:\/\/calatorinromania.com\/index.php?rest_route=\/wp\/v2\/posts\/39594\/revisions"}],"predecessor-version":[{"id":39595,"href":"https:\/\/calatorinromania.com\/index.php?rest_route=\/wp\/v2\/posts\/39594\/revisions\/39595"}],"wp:featuredmedia":[{"embeddable":true,"href":"https:\/\/calatorinromania.com\/index.php?rest_route=\/wp\/v2\/media\/39588"}],"wp:attachment":[{"href":"https:\/\/calatorinromania.com\/index.php?rest_route=%2Fwp%2Fv2%2Fmedia&parent=39594"}],"wp:term":[{"taxonomy":"category","embeddable":true,"href":"https:\/\/calatorinromania.com\/index.php?rest_route=%2Fwp%2Fv2%2Fcategories&post=39594"},{"taxonomy":"post_tag","embeddable":true,"href":"https:\/\/calatorinromania.com\/index.php?rest_route=%2Fwp%2Fv2%2Ftags&post=39594"}],"curies":[{"name":"wp","href":"https:\/\/api.w.org\/{rel}","templated":true}]}}