{"id":39587,"date":"2025-05-28T07:38:37","date_gmt":"2025-05-28T07:38:37","guid":{"rendered":"https:\/\/calatorinromania.com\/?p=39587"},"modified":"2025-05-28T07:38:37","modified_gmt":"2025-05-28T07:38:37","slug":"unchiule-pot-sa-i-redau-fiicei-tale-o-viata-normala-a-spus-baiatul-pe-strada-afaceristul-s-a-uitat-in-jur-si","status":"publish","type":"post","link":"https:\/\/calatorinromania.com\/?p=39587","title":{"rendered":"\u2013 Unchiule, pot s\u0103-i redau fiicei tale o via\u021b\u0103 normal\u0103, \u2013 a spus b\u0103iatul pe strad\u0103.Afaceristul s-a uitat \u00een jur \u0219i\u2026"},"content":{"rendered":"\n<p><strong>\u2013 Unchiule, pot s\u0103-i redau fiicei tale o via\u021b\u0103 normal\u0103, \u2013 a spus b\u0103iatul pe strad\u0103.<\/strong><\/p>\n\n\n\n<p><\/p>\n\n\n\n<p>Afaceristul s-a uitat \u00een jur \u0219i&#8230; pur \u0219i simplu!&#8230; \ud83d\ude31\ud83d\ude31\ud83d\ude31<\/p>\n\n\n\n<p><br>St\u0103tea \u00een mijlocul Kievului \u2013 elegant, ca \u00eentotdeauna, hot\u0103r\u00e2t, neatins. Cravata \u2013 perfect a\u0219ezat\u0103, costumul \u2013 din ultima colec\u021bie, c\u0103ma\u0219a \u2013 croit manual.<\/p>\n\n\n\n<p><\/p>\n\n\n\n<p>Pe pia\u021ba energetic\u0103 era numit \u201erechinul\u201d. Pentru unii \u2013 filantrop. Pentru al\u021bii \u2013 un juc\u0103tor rece \u0219i lipsit de inim\u0103.<\/p>\n\n\n\n<p><br>Dar nimeni nu \u0219tia c\u0103 \u00een fiecare sear\u0103 \u021binea o fotografie cu fiica lui \u00een m\u00e2n\u0103 \u0219i \u0219optea acela\u0219i nume: \u201eSalomeea&#8230;\u201d<\/p>\n\n\n\n<p><\/p>\n\n\n\n<p>Nu se sim\u021bise niciodat\u0103 ap\u0103sat de mul\u021bime. Oamenii mereu se d\u0103deau la o parte.<\/p>\n\n\n\n<p><br>Dar azi&#8230; azi era diferit.<\/p>\n\n\n\n<p>\u2013 Unchiule&#8230; \u2013 o voce slab\u0103, aproape o \u0219oapt\u0103, din st\u00e2nga. \u2013 Domnule, v\u0103 rog&#8230;<\/p>\n\n\n\n<p>Oleg Ivanovici n-a realizat imediat c\u0103 i se adresa lui.<br>Mergea ca de obicei \u2013 f\u0103r\u0103 s\u0103 se g\u00e2ndeasc\u0103.<br>Dar ceva \u00een vocea aia l-a f\u0103cut s\u0103 ezite \u2013 pentru prima dat\u0103 \u00een ani.<\/p>\n\n\n\n<p>S-a \u00eentors. Un b\u0103iat, poate de vreo 18-19 ani, murdar, cu adida\u0219i uza\u021bi \u0219i geac\u0103 rupt\u0103. P\u0103rul \u00eei at\u00e2rna pe frunte, ochii tri\u0219ti, dar fermi.<br>\u2013 \u0218tiu ce s-a \u00eent\u00e2mplat cu Salomeea, a zis el.<br>Oleg a \u00eenghe\u021bat.<br>\u2013 Cum \u0219tii tu de fiica mea? \u2013 a \u00eentrebat cu voce joas\u0103, dar tensionat\u0103.<\/p>\n\n\n\n<p>\u2013 Am fost cu ea. La institut. \u00cenainte s\u0103&#8230; \u2013 b\u0103iatul a t\u0103cut o secund\u0103. \u2013 \u00cenainte s\u0103 dispar\u0103.<\/p>\n\n\n\n<p>Un trec\u0103tor s-a lovit u\u0219or de Oleg \u0219i a murmurat o scuz\u0103, dar afaceristul nici n-a clipit.<br>\u2013 Dac\u0103 min\u021bi&#8230;<\/p>\n\n\n\n<p>\u2013 Nu mint, unchiule. Am dovezi. \u0218i mai mult de-at\u00e2t \u2013 am o solu\u021bie. Pot s-o ajut.<\/p>\n\n\n\n<p>Oleg a sim\u021bit o presiune \u00een piept. De ani de zile investea \u00een clinici, \u00een speciali\u0219ti, \u00een detectivi. Dar totul p\u0103rea \u00een zadar. Salomeea&#8230; nu mai era ea. Tr\u0103ia, dar&#8230; nu tr\u0103ia.<\/p>\n\n\n\n<p>\u2013 Hai cu mine, \u2013 i-a zis Oleg scurt, duc\u00e2ndu-l \u00eentr-un BMW negru parcat l\u00e2ng\u0103 bordur\u0103.<\/p>\n\n\n\n<p>\u00cen ma\u0219in\u0103, b\u0103iatul a \u00eenceput s\u0103-i povesteasc\u0103. Despre un profesor retras din Odesa, care lucra la o metod\u0103 experimental\u0103 de tratare a traumelor severe. Despre cum Salomeea ajunsese acolo, dar tratamentul fusese \u00eentrerupt din lips\u0103 de fonduri. Despre cum profesorul credea c\u0103, dac\u0103 ar mai avea dou\u0103 luni, ar putea s-o readuc\u0103 complet.<\/p>\n\n\n\n<p>\u2013 \u0218i de ce vii tu la mine? \u2013 l-a \u00eentrebat Oleg.<\/p>\n\n\n\n<p>\u2013 Pentru c\u0103 o iubesc. \u0218i pentru c\u0103 n-am bani. Dar n-o pot l\u0103sa a\u0219a. M-a salvat odat\u0103, iar acum e r\u00e2ndul meu.<\/p>\n\n\n\n<p>Oleg s-a uitat lung la b\u0103iat. Era sincer. A sim\u021bit asta \u2013 nu ca om de afaceri, ci ca tat\u0103.<\/p>\n\n\n\n<p>Dou\u0103 zile mai t\u00e2rziu, profesorul din Odesa avea tot ce-i trebuia.<br>\u0218i dou\u0103 luni mai t\u00e2rziu, Salomeea \u0219i-a ridicat privirea din patul alb \u0219i a z\u00e2mbit.<br>Pentru prima dat\u0103 \u00een cinci ani.<\/p>\n\n\n\n<p>Oleg st\u0103tea \u00een col\u021bul camerei, cu m\u00e2inile tremur\u00e2nd.<br>\u2013 Tat\u0103&#8230; \u2013 a spus ea \u00eencet.<\/p>\n\n\n\n<p>\u0218i atunci, \u201erechinul\u201d a \u00eenceput s\u0103 pl\u00e2ng\u0103. \u00cen t\u0103cere.<\/p>\n\n\n\n<p>B\u0103iatul, care st\u0103tea l\u00e2ng\u0103 u\u0219\u0103, a z\u00e2mbit.<br>Pentru el, via\u021ba Salomeei valora mai mult dec\u00e2t orice contract sau profit.<\/p>\n\n\n\n<p>Pentru prima dat\u0103, Kievul nu p\u0103rea a\u0219a de rece.<\/p>\n","protected":false},"excerpt":{"rendered":"<p>\u2013 Unchiule, pot s\u0103-i redau fiicei tale o via\u021b\u0103 normal\u0103, \u2013 a spus b\u0103iatul pe strad\u0103. Afaceristul s-a uitat \u00een jur \u0219i&#8230; pur \u0219i simplu!&#8230;<\/p>\n","protected":false},"author":1,"featured_media":39588,"comment_status":"closed","ping_status":"closed","sticky":false,"template":"","format":"standard","meta":[],"categories":[1],"tags":[],"_links":{"self":[{"href":"https:\/\/calatorinromania.com\/index.php?rest_route=\/wp\/v2\/posts\/39587"}],"collection":[{"href":"https:\/\/calatorinromania.com\/index.php?rest_route=\/wp\/v2\/posts"}],"about":[{"href":"https:\/\/calatorinromania.com\/index.php?rest_route=\/wp\/v2\/types\/post"}],"author":[{"embeddable":true,"href":"https:\/\/calatorinromania.com\/index.php?rest_route=\/wp\/v2\/users\/1"}],"replies":[{"embeddable":true,"href":"https:\/\/calatorinromania.com\/index.php?rest_route=%2Fwp%2Fv2%2Fcomments&post=39587"}],"version-history":[{"count":1,"href":"https:\/\/calatorinromania.com\/index.php?rest_route=\/wp\/v2\/posts\/39587\/revisions"}],"predecessor-version":[{"id":39589,"href":"https:\/\/calatorinromania.com\/index.php?rest_route=\/wp\/v2\/posts\/39587\/revisions\/39589"}],"wp:featuredmedia":[{"embeddable":true,"href":"https:\/\/calatorinromania.com\/index.php?rest_route=\/wp\/v2\/media\/39588"}],"wp:attachment":[{"href":"https:\/\/calatorinromania.com\/index.php?rest_route=%2Fwp%2Fv2%2Fmedia&parent=39587"}],"wp:term":[{"taxonomy":"category","embeddable":true,"href":"https:\/\/calatorinromania.com\/index.php?rest_route=%2Fwp%2Fv2%2Fcategories&post=39587"},{"taxonomy":"post_tag","embeddable":true,"href":"https:\/\/calatorinromania.com\/index.php?rest_route=%2Fwp%2Fv2%2Ftags&post=39587"}],"curies":[{"name":"wp","href":"https:\/\/api.w.org\/{rel}","templated":true}]}}