{"id":39585,"date":"2025-05-28T07:25:35","date_gmt":"2025-05-28T07:25:35","guid":{"rendered":"https:\/\/calatorinromania.com\/?p=39585"},"modified":"2025-05-28T07:25:36","modified_gmt":"2025-05-28T07:25:36","slug":"dupa-ce-tata-s-a-recasatorit-fratii-mei-vitregi-mi-au-transformat-viata-intr-un-iad-si-mi-au-luat-totul-am-avut-destul-si-am-decis-sa-ma-razbun","status":"publish","type":"post","link":"https:\/\/calatorinromania.com\/?p=39585","title":{"rendered":"Dup\u0103 ce tata s-a rec\u0103s\u0103torit, fra\u021bii mei vitregi mi-au transformat via\u021ba \u00eentr-un iad \u0219i mi-au luat totul \u2014 am avut destul \u0219i am decis s\u0103 m\u0103 r\u0103zbun."},"content":{"rendered":"\n<p>Nathan se afla \u00eentr-o situa\u021bie dificil\u0103. Dup\u0103 ce tat\u0103l s\u0103u s-a rec\u0103s\u0103torit, noii lui fra\u021bi vitregi \u00eei perturbau via\u021ba, \u00eei invadau spa\u021biul personal \u0219i \u00eei distrugeau cele mai pre\u021bioase lucruri.<\/p>\n\n\n\n<p><\/p>\n\n\n\n<p>Sim\u021bindu-se prins \u0219i ignorat, Nathan a \u00eenceput s\u0103 planifice \u00een t\u0103cere o r\u0103zbunare dulce-am\u0103ruie. Dar ac\u021biunile sale \u00eei vor aduce lini\u0219tea dorit\u0103?<\/p>\n\n\n\n<p><\/p>\n\n\n\n<p>A tr\u0103i cu noii lui fra\u021bi vitregi\u2014Penny, de 16 ani, Peter, de 11, \u0219i William, de 10\u2014era o adev\u0103rat\u0103 provocare.<\/p>\n\n\n\n<p><\/p>\n\n\n\n<p>Ace\u0219tia scotoceau constant printre lucrurile sale \u0219i ar\u0103tau foarte pu\u021bin respect fa\u021b\u0103 de limitele lui. \u00centr-o zi, i-au distrus chiar \u0219i consola de jocuri Xbox, f\u0103c\u00e2ndu-l s\u0103 se simt\u0103 \u0219i mai izolat \u00een propria cas\u0103.<\/p>\n\n\n\n<p><\/p>\n\n\n\n<p>De la s\u0103rb\u0103torirea nun\u021bii tat\u0103lui s\u0103u cu dou\u0103 luni \u00een urm\u0103, situa\u021bia s-a \u00eenr\u0103ut\u0103\u021bit. Casa lui Nathan, care fusese c\u00e2ndva lini\u0219tit\u0103, unde avea camera lui \u0219i intimitate, era acum scufundat\u0103 \u00een haos.<\/p>\n\n\n\n<p><\/p>\n\n\n\n<p>Penny preluase camera lui, iar acum Nathan trebuia s\u0103 \u00eempart\u0103 o camer\u0103 mic\u0103 cu Peter \u0219i William, \u00een timp ce lucrurile sale cele mai dragi erau \u00eenghesuite \u00een pivni\u021b\u0103.<\/p>\n\n\n\n<p><\/p>\n\n\n\n<p>\u00centr-o zi, Nathan observ\u0103 ceva \u0219i mai dureros: ceasul lui, un cadou pre\u021bios de la mama lui decedat\u0103, disp\u0103ruse.<\/p>\n\n\n\n<p>Acel ceas era singurul lucru care \u00eei mai r\u0103m\u0103sese de la ea \u0219i \u00eensemna enorm pentru el. A c\u0103utat peste tot, sub paturi \u0219i \u00een spatele comodelor, dar nu reu\u0219ea s\u0103-l g\u0103seasc\u0103.<\/p>\n\n\n\n<p>Frustrat \u0219i disperat, a cobor\u00e2t \u00een pivni\u021b\u0103, sper\u00e2nd s\u0103-l g\u0103seasc\u0103 printre cutii.<\/p>\n\n\n\n<p>\u00cen timp ce scotocea printre juc\u0103rii vechi \u0219i obiecte uitate, a descoperit \u00een cele din urm\u0103 ceasul\u2014distrus, cu sticla ciobit\u0103 \u0219i limbile blocate.<\/p>\n\n\n\n<p>Inima i se fr\u00e2nse. Nu era doar o neglijen\u021b\u0103, era o \u00eenc\u0103lcare a leg\u0103turii sale celei mai profunde cu mama sa.<\/p>\n\n\n\n<p>Hot\u0103r\u00e2t s\u0103 o \u00eenfrunte pe sora sa vitreg\u0103, Nathan i-a vorbit lui Penny, dar reac\u021bia ei a fost rece \u0219i indiferent\u0103.<\/p>\n\n\n\n<p>Ea i-a minimizat durerea, spun\u00e2ndu-i c\u0103 era doar un ceas \u0219i c\u0103 fra\u021bii s\u0103i erau prea mici pentru a \u00een\u021belege no\u021biunea de limite. Nathan, cople\u0219it de furie \u0219i triste\u021be, se sim\u021bea mai singur ca niciodat\u0103.<\/p>\n\n\n\n<p>Chiar \u0219i atunci c\u00e2nd a \u00eencercat s\u0103 vorbeasc\u0103 cu tat\u0103l s\u0103u \u0219i mama vitreg\u0103, s-a sim\u021bit ignorat. Ace\u0219tia i-au ignorat grijile \u0219i i-au spus c\u0103 familiile necesit\u0103 sacrificii \u0219i c\u0103 trebuie s\u0103 aib\u0103 r\u0103bdare cu fra\u021bii s\u0103i vitregi.<\/p>\n\n\n\n<p>Dar pentru Nathan nu era doar despre un ceas sau o camer\u0103\u2014era despre pierderea sentimentului de apartenen\u021b\u0103.<\/p>\n\n\n\n<p>Invisibil \u0219i disperat ca cineva s\u0103-l asculte, Nathan a decis s\u0103-\u0219i scrie problemele \u0219i s\u0103 le \u00eemp\u0103rt\u0103\u0219easc\u0103 online.<\/p>\n\n\n\n<p>\u0218i-a pus toat\u0103 inima \u00een postare, explic\u00e2nd c\u00e2t de pierdut se sim\u021bea dup\u0103 moartea mamei sale \u0219i cum noile circumstan\u021be de acas\u0103 au f\u0103cut totul \u0219i mai dificil. A ap\u0103sat pe \u201ePublic\u0103\u201d \u0219i a sperat c\u0103 cineva \u00eel va \u00een\u021belege.<\/p>\n\n\n\n<p>A doua zi diminea\u021b\u0103, Nathan a r\u0103mas \u0219ocat de reac\u021bie. Str\u0103ini din toat\u0103 lumea i-au comentat postarea, oferindu-i sprijin \u0219i \u00een\u021belegere.<\/p>\n\n\n\n<p>\u00cemb\u0103rb\u0103tat de cuvintele lor, le-a ar\u0103tat postarea tat\u0103lui s\u0103u \u0219i mamei vitrege, sper\u00e2nd c\u0103 \u00een sf\u00e2r\u0219it \u00eel vor \u00een\u021belege.<\/p>\n\n\n\n<p>C\u00e2nd au citit, expresiile lor au trecut de la confuzie la o \u00eengrijorare profund\u0103. Pentru prima dat\u0103, au v\u0103zut cu adev\u0103rat durerea prin care trecea Nathan.<\/p>\n\n\n\n<p>A urmat o serie de scuze, iar p\u0103rin\u021bii s\u0103i i-au promis c\u0103 vor schimba lucrurile. Familia s-a unit \u0219i a transformat pivni\u021ba \u00een spa\u021biul privat al lui Nathan\u2014un loc unde s\u0103 se simt\u0103 \u00een siguran\u021b\u0103 \u0219i s\u0103 aib\u0103 spa\u021biu pentru lucrurile sale pre\u021bioase.<\/p>\n\n\n\n<p>Penny \u0219i-a cerut \u0219i ea scuze, recunosc\u00e2nd c\u0103 \u0219i ea se lupta cu schimb\u0103rile din familia lor. Acel moment de sinceritate i-a apropiat, \u0219i au recunoscut c\u0103, \u00een ciuda tuturor provoc\u0103rilor, se puteau sus\u021bine unul pe altul.<\/p>\n\n\n\n<p>Chiar \u0219i Peter \u0219i William au \u00eenceput s\u0103 respecte spa\u021biul lui Nathan, iar familia a reevaluat cum s\u0103 distribuie aloca\u021bia, pentru a se asigura c\u0103 to\u021bi se simt trata\u021bi corect.<\/p>\n\n\n\n<p>Pentru prima dat\u0103 dup\u0103 luni de zile, Nathan a \u00eenceput s\u0103 se simt\u0103 din nou acas\u0103. Drumul nu a fost u\u0219or, dar deschiz\u00e2ndu-\u0219i inima \u0219i \u00eemp\u0103rt\u0103\u0219indu-\u0219i sentimentele, a g\u0103sit o modalitate de a-\u0219i reconstrui rela\u021bia cu familia sa.<\/p>\n","protected":false},"excerpt":{"rendered":"<p>Nathan se afla \u00eentr-o situa\u021bie dificil\u0103. Dup\u0103 ce tat\u0103l s\u0103u s-a rec\u0103s\u0103torit, noii lui fra\u021bi vitregi \u00eei perturbau via\u021ba, \u00eei invadau spa\u021biul personal \u0219i \u00eei<\/p>\n","protected":false},"author":1,"featured_media":39187,"comment_status":"closed","ping_status":"closed","sticky":false,"template":"","format":"standard","meta":[],"categories":[1],"tags":[],"_links":{"self":[{"href":"https:\/\/calatorinromania.com\/index.php?rest_route=\/wp\/v2\/posts\/39585"}],"collection":[{"href":"https:\/\/calatorinromania.com\/index.php?rest_route=\/wp\/v2\/posts"}],"about":[{"href":"https:\/\/calatorinromania.com\/index.php?rest_route=\/wp\/v2\/types\/post"}],"author":[{"embeddable":true,"href":"https:\/\/calatorinromania.com\/index.php?rest_route=\/wp\/v2\/users\/1"}],"replies":[{"embeddable":true,"href":"https:\/\/calatorinromania.com\/index.php?rest_route=%2Fwp%2Fv2%2Fcomments&post=39585"}],"version-history":[{"count":1,"href":"https:\/\/calatorinromania.com\/index.php?rest_route=\/wp\/v2\/posts\/39585\/revisions"}],"predecessor-version":[{"id":39586,"href":"https:\/\/calatorinromania.com\/index.php?rest_route=\/wp\/v2\/posts\/39585\/revisions\/39586"}],"wp:featuredmedia":[{"embeddable":true,"href":"https:\/\/calatorinromania.com\/index.php?rest_route=\/wp\/v2\/media\/39187"}],"wp:attachment":[{"href":"https:\/\/calatorinromania.com\/index.php?rest_route=%2Fwp%2Fv2%2Fmedia&parent=39585"}],"wp:term":[{"taxonomy":"category","embeddable":true,"href":"https:\/\/calatorinromania.com\/index.php?rest_route=%2Fwp%2Fv2%2Fcategories&post=39585"},{"taxonomy":"post_tag","embeddable":true,"href":"https:\/\/calatorinromania.com\/index.php?rest_route=%2Fwp%2Fv2%2Ftags&post=39585"}],"curies":[{"name":"wp","href":"https:\/\/api.w.org\/{rel}","templated":true}]}}