{"id":39575,"date":"2025-05-27T10:31:40","date_gmt":"2025-05-27T10:31:40","guid":{"rendered":"https:\/\/calatorinromania.com\/?p=39575"},"modified":"2025-05-27T10:31:40","modified_gmt":"2025-05-27T10:31:40","slug":"barbatul-a-refuzat-sa-si-ia-fiica-din-maternitate-dar-cand-i-a-vazut-man","status":"publish","type":"post","link":"https:\/\/calatorinromania.com\/?p=39575","title":{"rendered":"B\u0103rbatul a refuzat s\u0103-\u0219i ia fiica din maternitate, dar c\u00e2nd i-a v\u0103zut m\u00e2n"},"content":{"rendered":"\n<p>\u2026un detaliu care l-a f\u0103cut s\u0103 \u00eencremeneasc\u0103. Pe m\u00e2na micu\u021bei, exact \u00een locul unde pielea \u00eent\u00e2lne\u0219te \u00eencheietura, se afla o mic\u0103 pat\u0103 \u00een form\u0103 de stea. Nu era un semn obi\u0219nuit, ci unul pe care \u00eel mai v\u0103zuse \u00eenainte, unul despre care credea c\u0103 este unic.<\/p>\n\n\n\n<p>Kiril a ie\u0219it din salon f\u0103r\u0103 un cuv\u00e2nt, l\u0103s\u00e2nd-o pe Zoia confuz\u0103 \u0219i speriat\u0103. \u00cen zilele urm\u0103toare, de\u0219i venea la spital, refuza s\u0103 \u021bin\u0103 copilul \u00een bra\u021be \u0219i evita orice discu\u021bie despre micu\u021ba lor, pe care o numiser\u0103 Maria.<\/p>\n\n\n\n<p>\u2014 Nu \u00een\u021beleg ce se \u00eent\u00e2mpl\u0103 cu tine, \u2014 i-a spus Zoia \u00een cele din urm\u0103, cu lacrimi \u00een ochi. \u2014 De ce te por\u021bi a\u0219a? Este fiica noastr\u0103.<\/p>\n\n\n\n<p>\u2014 Nu pot s\u0103 o iau acas\u0103, \u2014 a r\u0103spuns Kiril, privirea lui r\u0103t\u0103cind undeva \u00een dep\u0103rtare. \u2014 Nu sunt preg\u0103tit pentru asta.<\/p>\n\n\n\n<p>Angelina Pavlovna, care venise \u0219i ea la spital s\u0103-\u0219i vad\u0103 nepoata, a observat schimbarea \u00een comportamentul fiului ei \u0219i s-a \u00eengrijorat profund.<\/p>\n\n\n\n<p>\u2014 Ce s-a \u00eent\u00e2mplat, Kiril? \u2014 l-a \u00eentrebat ea c\u00e2nd au r\u0103mas singuri pe holul spitalului. \u2014 Ai fost at\u00e2t de fericit c\u00e2nd ai aflat c\u0103 vei fi tat\u0103\u2026<\/p>\n\n\n\n<p>Kiril a ezitat, apoi \u0219i-a \u00eentors privirea c\u0103tre mama sa.<\/p>\n\n\n\n<p>\u2014 Ai observat semnul de pe m\u00e2na Mariei?<\/p>\n\n\n\n<p>\u2014 Da, un mic semn din na\u0219tere. Este adorabil, ca o stea.<\/p>\n\n\n\n<p>\u2014 Nu este doar un semn, mam\u0103. Este exact acela\u0219i semn pe care \u00eel avea tat\u0103l meu.<\/p>\n\n\n\n<p>Angelina Pavlovna a p\u0103\u0219it \u00eenapoi, sprijinindu-se de perete. Chipul ei s-a albit brusc.<\/p>\n\n\n\n<p>\u2014 Cum este posibil? \u2014 a \u0219optit ea.<\/p>\n\n\n\n<p>\u2014 Asta m\u0103 \u00eentreb \u0219i eu, \u2014 a r\u0103spuns Kiril cu am\u0103r\u0103ciune. \u2014 Semnul tatei era unic, to\u021bi medicii spuneau asta. \u0218i acum, propria mea fiic\u0103 se na\u0219te cu acela\u0219i semn? Cum s\u0103 nu m\u0103 \u00eentreb\u2026<\/p>\n\n\n\n<p>\u2014 Ce s\u0103 te \u00eentrebi? \u2014 vocea Angelinei devenise subit t\u0103ioas\u0103. \u2014 C\u0103 Zoia te-a \u00een\u0219elat? Cu cine, Kiril? Cu tat\u0103l t\u0103u, care a murit acum zece ani?<\/p>\n\n\n\n<p>Kiril a privit-o, surprins de tonul dur, neobi\u0219nuit pentru mama sa.<\/p>\n\n\n\n<p>\u2014 Nu \u0219tiu ce s\u0103 cred, mam\u0103. \u0218tiu doar c\u0103 acest semn m-a f\u0103cut s\u0103-mi pierd min\u021bile.<\/p>\n\n\n\n<p>\u2014 Atunci e timpul s\u0103 le reg\u0103se\u0219ti, \u2014 i-a spus ea, tr\u0103g\u00e2ndu-l de bra\u021b. \u2014 Vino cu mine.<\/p>\n\n\n\n<p>L-a condus prin spital p\u00e2n\u0103 \u00een parcarea din spate, unde ma\u0219ina ei veche era parcat\u0103 sub un copac, la umbr\u0103. F\u0103r\u0103 nicio explica\u021bie, Angelina a deschis portbagajul \u0219i a scos o cutie veche, pr\u0103fuit\u0103, pe care Kiril nu o mai v\u0103zuse niciodat\u0103.<\/p>\n\n\n\n<p>\u2014 Ce este asta? \u2014 a \u00eentrebat el nedumerit.<\/p>\n\n\n\n<p>\u2014 Ceva ce trebuia s\u0103-\u021bi ar\u0103t demult.<\/p>\n\n\n\n<p>S-au a\u0219ezat pe o banc\u0103 din apropiere, iar Angelina a deschis cutia cu m\u00e2ini tremur\u00e2nde. \u00cen\u0103untru se aflau fotografii vechi, scrisori \u00eeng\u0103lbenite \u0219i un mic carne\u021bel cu coper\u021bi de piele.<\/p>\n\n\n\n<p>\u2014 Tat\u0103l t\u0103u, Victor, nu a fost primul meu so\u021b, \u2014 a \u00eenceput ea, vocea ei abia auzindu-se. \u2014 C\u00e2nd eram t\u00e2n\u0103r\u0103, foarte t\u00e2n\u0103r\u0103, am fost c\u0103s\u0103torit\u0103 pentru scurt timp cu un b\u0103rbat pe nume Alexandru. Eram am\u00e2ndoi studen\u021bi, ne-am \u00eendr\u0103gostit nebune\u0219te \u0219i ne-am c\u0103s\u0103torit \u00een secret, \u00eempotriva voin\u021bei p\u0103rin\u021bilor lui.<\/p>\n\n\n\n<p>Kiril o privea cu ochii m\u0103ri\u021bi de uimire. Niciodat\u0103 nu auzise despre aceast\u0103 parte a vie\u021bii mamei sale.<\/p>\n\n\n\n<p>\u2014 Ce s-a \u00eent\u00e2mplat cu el?<\/p>\n\n\n\n<p>Angelina a scos o fotografie veche din cutie, \u00eenf\u0103\u021bi\u0219\u00e2nd un t\u00e2n\u0103r frumos, cu p\u0103r \u00eenchis la culoare \u0219i ochi lumino\u0219i, care z\u00e2mbea c\u0103tre aparatul de fotografiat. Pe spatele fotografiei scria simplu: \u201eAlexandru, 1975\u201d.<\/p>\n\n\n\n<p>\u2014 A murit \u00eentr-un accident, la doar c\u00e2teva luni dup\u0103 nunt\u0103. Familia lui nu m-a acceptat niciodat\u0103 \u0219i, dup\u0103 moartea lui, m-au dat afar\u0103 din via\u021ba lor. Eram \u00eens\u0103rcinat\u0103 c\u00e2nd s-a \u00eent\u00e2mplat.<\/p>\n\n\n\n<p>Kiril sim\u021bi cum \u00eentreaga lume se rote\u0219te \u00een jurul s\u0103u. \u00cen\u021belegea \u00eencotro se \u00eendrepta aceast\u0103 poveste, dar nu putea s\u0103 o accepte.<\/p>\n\n\n\n<p>\u2014 Vrei s\u0103 spui c\u0103 tata\u2026 Victor nu era tat\u0103l meu biologic?<\/p>\n\n\n\n<p>Angelina a \u00eencuviin\u021bat \u00eencet din cap.<\/p>\n\n\n\n<p>\u2014 L-am \u00eent\u00e2lnit pe Victor c\u00e2nd erai de doar c\u00e2teva luni. Te-a iubit din prima clip\u0103, ca \u0219i cum ai fi fost al lui. Ne-am c\u0103s\u0103torit c\u00e2nd aveai un an \u0219i nimeni nu a \u0219tiut vreodat\u0103 adev\u0103rul. Nici m\u0103car tu.<\/p>\n\n\n\n<p>Cu m\u00e2ini tremur\u00e2nde, Angelina a \u00eentors fotografia lui Alexandru \u0219i a ar\u0103tat spre \u00eencheietura m\u00e2inii sale, vizibil\u0103 \u00een imagine. Acolo, exact \u00een acela\u0219i loc unde Maria avea acum semnul ei, se vedea clar o mic\u0103 pat\u0103 \u00een form\u0103 de stea.<\/p>\n\n\n\n<p>\u2014 Este un semn de familie, \u2014 a explicat ea. \u2014 Alexandru mi-a spus c\u0103 to\u021bi b\u0103rba\u021bii din familia lui s-au n\u0103scut cu el. Se pare c\u0103 poate s\u0103ri genera\u021bii, sau poate ap\u0103rea \u0219i la femei. Nu am crezut c\u0103 vei avea nevoie s\u0103 \u0219tii vreodat\u0103 asta.<\/p>\n\n\n\n<p>Kiril a privit fotografia, apoi \u0219i-a privit propria m\u00e2n\u0103, unde nu exista niciun semn asem\u0103n\u0103tor.<\/p>\n\n\n\n<p>\u2014 De ce nu mi-ai spus niciodat\u0103?<\/p>\n\n\n\n<p>\u2014 Victor te-a iubit at\u00e2t de mult, Kiril. El a fost tat\u0103l t\u0103u \u00een toate sensurile care conteaz\u0103 cu adev\u0103rat. C\u00e2nd a murit, am decis c\u0103 nu era nevoie s\u0103 complic lucrurile cu adev\u0103ruri care nu mai aveau nici o importan\u021b\u0103 practic\u0103.<\/p>\n\n\n\n<p>\u2014 Dar acum are importan\u021b\u0103, \u2014 a \u0219optit Kiril, realiz\u00e2nd magnitudinea gre\u0219elii sale, a suspiciunilor nefondate.<\/p>\n\n\n\n<p>\u2014 Da, acum are. Pentru c\u0103 micu\u021ba Maria are s\u00e2ngele str\u0103bunicului ei, nu al vreunui amant imaginar al Zoiei tale. Acest semn nu este o dovad\u0103 de infidelitate, ci una de continuitate, de familie.<\/p>\n\n\n\n<p>Kiril \u0219i-a acoperit fa\u021ba cu m\u00e2inile, sim\u021bind cum ochii i se umplu de lacrimi.<\/p>\n\n\n\n<p>\u2014 Doamne, ce am f\u0103cut? Cum o s\u0103-i explic Zoiei?<\/p>\n\n\n\n<p>Angelina l-a cuprins cu bra\u021bul, a\u0219a cum f\u0103cea c\u00e2nd era mic \u0219i se lovea.<\/p>\n\n\n\n<p>\u2014 \u00cei vei spune adev\u0103rul. Iar apoi ne vom re\u00eentoarce \u00een salonul ei, o vei lua pe Maria \u00een bra\u021be \u0219i vei fi tat\u0103l de care are nevoie.<\/p>\n\n\n\n<p>C\u00e2nd Kiril a intrat din nou \u00een salon, Zoia st\u0103tea \u00een pat, cu ochii \u00eenc\u0103 ro\u0219ii de la pl\u00e2ns. Maria dormea lini\u0219tit\u0103 \u00een p\u0103tu\u021bul de l\u00e2ng\u0103 ea.<\/p>\n\n\n\n<p>\u2014 \u00cemi pare r\u0103u, \u2014 a spus el simplu, apropiindu-se. \u2014 Am fost un idiot.<\/p>\n\n\n\n<p>\u2014 Ce s-a \u00eent\u00e2mplat, Kiril? \u2014 a \u00eentrebat Zoia, confuzia \u0219i durerea \u00eenc\u0103 vizibile pe chipul ei. \u2014 De ce te-ai purtat a\u0219a?<\/p>\n\n\n\n<p>Cu grij\u0103, Kiril a ridicat-o pe micu\u021ba Maria din p\u0103tu\u021b, observ\u00e2nd cum semnul \u00een form\u0103 de stea str\u0103lucea subtil pe pielea ei delicat\u0103. Pentru prima dat\u0103, l-a privit nu cu suspiciune, ci cu recuno\u0219tin\u021b\u0103 \u0219i admira\u021bie.<\/p>\n\n\n\n<p>\u2014 Povestea este lung\u0103 \u0219i complicat\u0103, \u2014 a spus el, a\u0219ez\u00e2ndu-se pe marginea patului, cu fiica sa \u00een bra\u021be. \u2014 Dar vreau s\u0103 o auzi, pentru c\u0103 este povestea familiei noastre. A Mariei, a mea, \u0219i a unui bunic pe care nu l-am cunoscut niciodat\u0103.<\/p>\n\n\n\n<p>\u00cen timp ce vorbea, sim\u021bea cum o povar\u0103 imens\u0103 se ridica de pe umerii s\u0103i. Maria a deschis ochii, privind c\u0103tre tat\u0103l ei cu aceea\u0219i curiozitate nevinovat\u0103 cu care, probabil, Alexandru privise lumea cu decenii \u00een urm\u0103.<\/p>\n\n\n\n<p>Angelina st\u0103tea \u00een pragul salonului, privind familia reunit\u0103. \u00centr-un fel straniu, cercul se \u00eenchisese. Secretul pe care \u00eel p\u0103strase at\u00e2ta timp devenise nu o surs\u0103 de durere, ci una de vindecare \u0219i de leg\u0103tur\u0103 \u00eentre genera\u021bii.<\/p>\n\n\n\n<p>\u2014 Bine ai venit \u00een familia noastr\u0103, Maria, \u2014 a \u0219optit Kiril, s\u0103rut\u00e2nd fruntea fiicei sale. \u2014 Te-am a\u0219teptat mai mult dec\u00e2t \u00ee\u021bi po\u021bi imagina.<\/p>\n\n\n\n<p>Iar micu\u021ba stea de pe \u00eencheietura ei p\u0103rea s\u0103 str\u0103luceasc\u0103 \u00een lumina dup\u0103-amiezii, ca un far al continuit\u0103\u021bii \u0219i al iubirii care transcende genera\u021biile, secretele \u0219i chiar moartea \u00eens\u0103\u0219i.<\/p>\n\n\n\n<p><strong>Dac\u0103 \u021bi-a pl\u0103cut povestea, nu uita s\u0103 o distribui cu prietenii t\u0103i! \u00cempreun\u0103 putem duce mai departe emo\u021bia \u0219i inspira\u021bia.<\/strong> <\/p>\n","protected":false},"excerpt":{"rendered":"<p>\u2026un detaliu care l-a f\u0103cut s\u0103 \u00eencremeneasc\u0103. Pe m\u00e2na micu\u021bei, exact \u00een locul unde pielea \u00eent\u00e2lne\u0219te \u00eencheietura, se afla o mic\u0103 pat\u0103 \u00een form\u0103 de<\/p>\n","protected":false},"author":1,"featured_media":39187,"comment_status":"closed","ping_status":"closed","sticky":false,"template":"","format":"standard","meta":[],"categories":[1],"tags":[],"_links":{"self":[{"href":"https:\/\/calatorinromania.com\/index.php?rest_route=\/wp\/v2\/posts\/39575"}],"collection":[{"href":"https:\/\/calatorinromania.com\/index.php?rest_route=\/wp\/v2\/posts"}],"about":[{"href":"https:\/\/calatorinromania.com\/index.php?rest_route=\/wp\/v2\/types\/post"}],"author":[{"embeddable":true,"href":"https:\/\/calatorinromania.com\/index.php?rest_route=\/wp\/v2\/users\/1"}],"replies":[{"embeddable":true,"href":"https:\/\/calatorinromania.com\/index.php?rest_route=%2Fwp%2Fv2%2Fcomments&post=39575"}],"version-history":[{"count":1,"href":"https:\/\/calatorinromania.com\/index.php?rest_route=\/wp\/v2\/posts\/39575\/revisions"}],"predecessor-version":[{"id":39576,"href":"https:\/\/calatorinromania.com\/index.php?rest_route=\/wp\/v2\/posts\/39575\/revisions\/39576"}],"wp:featuredmedia":[{"embeddable":true,"href":"https:\/\/calatorinromania.com\/index.php?rest_route=\/wp\/v2\/media\/39187"}],"wp:attachment":[{"href":"https:\/\/calatorinromania.com\/index.php?rest_route=%2Fwp%2Fv2%2Fmedia&parent=39575"}],"wp:term":[{"taxonomy":"category","embeddable":true,"href":"https:\/\/calatorinromania.com\/index.php?rest_route=%2Fwp%2Fv2%2Fcategories&post=39575"},{"taxonomy":"post_tag","embeddable":true,"href":"https:\/\/calatorinromania.com\/index.php?rest_route=%2Fwp%2Fv2%2Ftags&post=39575"}],"curies":[{"name":"wp","href":"https:\/\/api.w.org\/{rel}","templated":true}]}}