{"id":39568,"date":"2025-05-27T09:56:29","date_gmt":"2025-05-27T09:56:29","guid":{"rendered":"https:\/\/calatorinromania.com\/?p=39568"},"modified":"2025-05-27T09:56:30","modified_gmt":"2025-05-27T09:56:30","slug":"arsenie-boca-cand-te-or-supara-copiii-fii-cuminte-si-nu-i-blestema","status":"publish","type":"post","link":"https:\/\/calatorinromania.com\/?p=39568","title":{"rendered":"Arsenie Boca : \u201eC\u00e2nd te-or sup\u0103ra copiii, fii cuminte \u0219i nu-i blestema\u201d"},"content":{"rendered":"\n<p>Arsenie Boca \u2013 Lua\u021bi aminte, p\u0103rin\u021bior, c\u0103 nu e glum\u0103 cu via\u021ba copiilor pe care \u00eei ai, sau vrei s\u0103 \u00eei ai: esti r\u0103spunz\u0103tor de ei \u0219i de toat\u0103 via\u021ba lor, c\u0103ci cum le-ai dat-o a\u0219a o au! \u0218i copii t\u0103i te vor judeca pe tine dup\u0103 cum bine \u0219ti\u021bi \u0219i bine p\u0103\u021bi\u021bi.<\/p>\n\n\n\n<p><\/p>\n\n\n\n<p>Iar c\u00e2nd te-or sup\u0103ra, fii cuminte \u0219i nu-i blestema, ascult\u00e2nd de diavolul p\u00e2n\u0103 \u00een sf\u00e2r\u0219it, ci trage-\u021bi de seam\u0103 c\u0103 ei \u00ee\u021bi aduc aminte de p\u0103catele tale cere nem\u0103rturisite \u0219i neisp\u0103\u0219ite. Roag\u0103-te pentru ei, \u0219i roag\u0103-te \u0219i pentru tine- chiar c\u00e2nd te-or\u00a0blestema, s\u0103 te ierte Dumnezeu, scrie credinta.net.<\/p>\n\n\n\n<p><\/p>\n\n\n\n<p>P\u0103zi\u021bi, dinspre latura poftirii trupe\u0219ti, frica \u0219i cuviin\u021ba cre\u0219tineasc\u0103 \u0219i nu v\u0103 am\u0103gi\u021bi de trup, de vre\u021bi s\u0103 v\u0103 bucura\u021bi de copii vo\u0219tri, iar de nu, a\u0219a vor spori relele \u00eenc\u00e2t va junghia fiul pe tat\u0103l s\u0103u \u0219i va sugruma fiica pe mama sa! Scrie \u00een Sf\u00e2nta Scriptur\u0103! C\u0103 a\u0219a va fi \u00een vremea din urm\u0103.<\/p>\n\n\n\n<p><\/p>\n\n\n\n<p>Lua\u021bi seama, c\u0103 dac\u0103 vre\u021bi s\u0103 nu c\u0103de\u021bi din cre\u0219tin\u0103tate \u0219i dac\u0103 vre\u021bi s\u0103 biruie chipul lui Dumnezeu \u00een noi, \u0219i nu al diavolului- prin patimile sale- lupta\u021bi-v\u0103 din r\u0103sputeri cu arma postului, c\u0103ci dup\u0103 cum vede\u021bi, postul este uciga\u0219ul patimilor.<\/p>\n\n\n\n<p><\/p>\n\n\n\n<p>Arsenie Boca \u2013 Pentru c\u0103 este \u0219i dar de la Dumnezeu, dat tuturor celor de lupt\u0103 lupta cea bun\u0103.<\/p>\n\n\n\n<p>Face\u021bi \u00eencep\u0103tura aceasta \u0219i ve\u021bi vedea cum vi se va \u00eennoi via\u021ba \u0219i se va lini\u0219ti casa.<\/p>\n","protected":false},"excerpt":{"rendered":"<p>Arsenie Boca \u2013 Lua\u021bi aminte, p\u0103rin\u021bior, c\u0103 nu e glum\u0103 cu via\u021ba copiilor pe care \u00eei ai, sau vrei s\u0103 \u00eei ai: esti r\u0103spunz\u0103tor de<\/p>\n","protected":false},"author":1,"featured_media":39187,"comment_status":"closed","ping_status":"closed","sticky":false,"template":"","format":"standard","meta":[],"categories":[1],"tags":[],"_links":{"self":[{"href":"https:\/\/calatorinromania.com\/index.php?rest_route=\/wp\/v2\/posts\/39568"}],"collection":[{"href":"https:\/\/calatorinromania.com\/index.php?rest_route=\/wp\/v2\/posts"}],"about":[{"href":"https:\/\/calatorinromania.com\/index.php?rest_route=\/wp\/v2\/types\/post"}],"author":[{"embeddable":true,"href":"https:\/\/calatorinromania.com\/index.php?rest_route=\/wp\/v2\/users\/1"}],"replies":[{"embeddable":true,"href":"https:\/\/calatorinromania.com\/index.php?rest_route=%2Fwp%2Fv2%2Fcomments&post=39568"}],"version-history":[{"count":1,"href":"https:\/\/calatorinromania.com\/index.php?rest_route=\/wp\/v2\/posts\/39568\/revisions"}],"predecessor-version":[{"id":39569,"href":"https:\/\/calatorinromania.com\/index.php?rest_route=\/wp\/v2\/posts\/39568\/revisions\/39569"}],"wp:featuredmedia":[{"embeddable":true,"href":"https:\/\/calatorinromania.com\/index.php?rest_route=\/wp\/v2\/media\/39187"}],"wp:attachment":[{"href":"https:\/\/calatorinromania.com\/index.php?rest_route=%2Fwp%2Fv2%2Fmedia&parent=39568"}],"wp:term":[{"taxonomy":"category","embeddable":true,"href":"https:\/\/calatorinromania.com\/index.php?rest_route=%2Fwp%2Fv2%2Fcategories&post=39568"},{"taxonomy":"post_tag","embeddable":true,"href":"https:\/\/calatorinromania.com\/index.php?rest_route=%2Fwp%2Fv2%2Ftags&post=39568"}],"curies":[{"name":"wp","href":"https:\/\/api.w.org\/{rel}","templated":true}]}}