{"id":39555,"date":"2025-05-27T07:17:30","date_gmt":"2025-05-27T07:17:30","guid":{"rendered":"https:\/\/calatorinromania.com\/?p=39555"},"modified":"2025-05-27T07:17:30","modified_gmt":"2025-05-27T07:17:30","slug":"la-saptezeci-de-ani-mama-mea-a-decis-brusc-sa-isi-cumpere-o-rochie-de-designer-in-valoare-de-1800-de-dolari","status":"publish","type":"post","link":"https:\/\/calatorinromania.com\/?p=39555","title":{"rendered":"La \u0219aptezeci de ani mama mea a decis brusc s\u0103 \u00ee\u0219i cumpere o rochie de designer \u00een valoare de 1800 de dolari"},"content":{"rendered":"\n<p>\u2014 \u0218tii, c\u00e2nd aveam 32 de ani, am v\u0103zut o rochie \u00een vitrin\u0103. Albastr\u0103, cu nasturi sub\u021biri. Am stat \u0219i m-am uitat la ea, p\u00e2n\u0103 c\u00e2nd fratele t\u0103u nu a \u00eenceput s\u0103 pl\u00e2ng\u0103 \u00een c\u0103rucior. Am mers mai departe. \u0218i nu m-am \u00eentors. \u0218tii de ce? Pentru c\u0103 \u00een anul acela am\u00e2ndoi avea\u021bi nevoie de \u00eenc\u0103l\u021b\u0103minte nou\u0103. \u0218i v-am ales pe voi.<\/p>\n\n\n\n<p><\/p>\n\n\n\n<p>Am sim\u021bit cum mi se str\u00e2nge inima.<\/p>\n\n\n\n<p><\/p>\n\n\n\n<p>\u2014 \u0218i nu a fost un sacrificiu, \u2014 a ad\u0103ugat ea. \u2014 A fost o decizie. Alegerea mea. Mi-am tr\u0103it via\u021ba d\u0103ruindu-m\u0103. Cu bucurie. Iar acum\u2026 am vrut s\u0103 p\u0103strez ceva pentru mine. M\u0103car o dat\u0103.<\/p>\n\n\n\n<p><\/p>\n\n\n\n<p>Am t\u0103cut. Nu \u0219tiam ce s\u0103 spun. \u0218i atunci ea a spus ceva la care nu m\u0103 a\u0219teptam:<\/p>\n\n\n\n<p><\/p>\n\n\n\n<p>\u2014 Dar \u0219tii, tot am pus bani deoparte pentru nepot. Am \u00eenceput s\u0103 str\u00e2ng \u00eenc\u0103 de acum trei ani. Este cadoul de r\u0103mas bun \u00eenainte de colegiu. Eu doar\u2026 am vrut s\u0103 v\u0103d dac\u0103 \u00eemi po\u021bi permite s\u0103 fiu nu doar bunic\u0103. Ci \u0219i femeie.<\/p>\n\n\n\n<p><\/p>\n\n\n\n<p>Am fost uimit\u0103. \u0218i ru\u0219inat\u0103. \u0218i profund mi\u0219cat\u0103.<\/p>\n\n\n\n<p><\/p>\n\n\n\n<p>\u2014 De ce nu mi-ai spus din prima?<\/p>\n\n\n\n<p>\u2014 Pentru c\u0103 trebuia s\u0103 g\u0103se\u0219ti tu r\u0103spunsul. Nu suntem mereu obliga\u021bi s\u0103 ne explic\u0103m dorin\u021bele. Uneori cei apropia\u021bi trebuie s\u0103 aib\u0103 \u00eencredere.<\/p>\n\n\n\n<p>Ne-am \u00eembr\u0103\u021bi\u0219at. Pentru prima dat\u0103 dup\u0103 mult timp am v\u0103zut \u00een ea nu doar \u201emama\u201d, ci un om. Cu o istorie. Cu dorin\u021be. Cu un vis.<\/p>\n\n\n\n<p><strong>Dac\u0103 \u021bi-a pl\u0103cut povestea, nu uita s\u0103 o distribui cu prietenii t\u0103i! \u00cempreun\u0103 putem duce mai departe emo\u021bia \u0219i inspira\u021bia.<\/strong><\/p>\n","protected":false},"excerpt":{"rendered":"<p>\u2014 \u0218tii, c\u00e2nd aveam 32 de ani, am v\u0103zut o rochie \u00een vitrin\u0103. Albastr\u0103, cu nasturi sub\u021biri. Am stat \u0219i m-am uitat la ea, p\u00e2n\u0103<\/p>\n","protected":false},"author":1,"featured_media":39187,"comment_status":"closed","ping_status":"closed","sticky":false,"template":"","format":"standard","meta":[],"categories":[1],"tags":[],"_links":{"self":[{"href":"https:\/\/calatorinromania.com\/index.php?rest_route=\/wp\/v2\/posts\/39555"}],"collection":[{"href":"https:\/\/calatorinromania.com\/index.php?rest_route=\/wp\/v2\/posts"}],"about":[{"href":"https:\/\/calatorinromania.com\/index.php?rest_route=\/wp\/v2\/types\/post"}],"author":[{"embeddable":true,"href":"https:\/\/calatorinromania.com\/index.php?rest_route=\/wp\/v2\/users\/1"}],"replies":[{"embeddable":true,"href":"https:\/\/calatorinromania.com\/index.php?rest_route=%2Fwp%2Fv2%2Fcomments&post=39555"}],"version-history":[{"count":1,"href":"https:\/\/calatorinromania.com\/index.php?rest_route=\/wp\/v2\/posts\/39555\/revisions"}],"predecessor-version":[{"id":39556,"href":"https:\/\/calatorinromania.com\/index.php?rest_route=\/wp\/v2\/posts\/39555\/revisions\/39556"}],"wp:featuredmedia":[{"embeddable":true,"href":"https:\/\/calatorinromania.com\/index.php?rest_route=\/wp\/v2\/media\/39187"}],"wp:attachment":[{"href":"https:\/\/calatorinromania.com\/index.php?rest_route=%2Fwp%2Fv2%2Fmedia&parent=39555"}],"wp:term":[{"taxonomy":"category","embeddable":true,"href":"https:\/\/calatorinromania.com\/index.php?rest_route=%2Fwp%2Fv2%2Fcategories&post=39555"},{"taxonomy":"post_tag","embeddable":true,"href":"https:\/\/calatorinromania.com\/index.php?rest_route=%2Fwp%2Fv2%2Ftags&post=39555"}],"curies":[{"name":"wp","href":"https:\/\/api.w.org\/{rel}","templated":true}]}}