{"id":39551,"date":"2025-05-27T07:12:59","date_gmt":"2025-05-27T07:12:59","guid":{"rendered":"https:\/\/calatorinromania.com\/?p=39551"},"modified":"2025-05-27T07:13:00","modified_gmt":"2025-05-27T07:13:00","slug":"puiul-surpriza","status":"publish","type":"post","link":"https:\/\/calatorinromania.com\/?p=39551","title":{"rendered":"Puiul surpriza"},"content":{"rendered":"\n<p><strong>Aceast\u0103 mam\u0103 preg\u0103tea cina pentru copiii ei acum c\u00e2teva s\u0103pt\u0103m\u00e2ni, iar dup\u0103 ce a cur\u0103\u021bat carnea, s-a transformat \u00een ceva nea\u0219teptat.<\/strong><\/p>\n\n\n\n<p><br>Nu o s\u0103-\u021bi vin\u0103 s\u0103 crezi ce spun speciali\u0219tii \u00een alimenta\u021bie\u2026<\/p>\n\n\n\n<p><\/p>\n\n\n\n<p><strong>Alina Cojocaru<\/strong>, o mam\u0103 a doi copii din\u00a0<strong>Bac\u0103u<\/strong>, a trecut printr-un moment de groaz\u0103 zilele trecute \u00een timp ce preg\u0103tea masa pentru cei mici. \u00cen timp ce g\u0103tea un piept de pui, ceva ciudat i-a atras aten\u021bia.<\/p>\n\n\n\n<p><\/p>\n\n\n\n<p>Carnea de pui pe care tocmai o scosese din frigider p\u0103rea s\u0103 se fi transformat complet \u2014 \u00een fire sub\u021biri, asem\u0103n\u0103toare cu pastele.<\/p>\n\n\n\n<p><\/p>\n\n\n\n<figure class=\"wp-block-image\"><img decoding=\"async\" src=\"https:\/\/indemnulinimii.ro\/wp-content\/uploads\/2025\/05\/image-11.png\" alt=\"\" class=\"wp-image-47553\"\/><\/figure>\n\n\n\n<p>Aceast\u0103 descoperire tulbur\u0103toare a st\u00e2rnit o dezbatere intens\u0103 legat\u0103 de bun\u0103starea p\u0103s\u0103rilor \u0219i practicile din industria c\u0103rnii.<\/p>\n\n\n\n<p><\/p>\n\n\n\n<p>Alina a postat imaginea puiului suspect pe re\u021belele sociale, \u00eenso\u021bit\u0103 de un avertisment \u00een care spunea c\u0103 ceea ce ea a numit \u201ecarne fals\u0103\u201d ar putea ajunge \u00een magazinele noastre.<\/p>\n\n\n\n<p><\/p>\n\n\n\n<p>Postarea ei a avut un impact rapid, oamenii exprim\u00e2ndu-\u0219i uimirea \u0219i disconfortul fa\u021b\u0103 de ceea ce au v\u0103zut.<\/p>\n\n\n\n<p><\/p>\n\n\n\n<p>Dup\u0103 cum poveste\u0219te Alina, cump\u0103rase pieptul de pui dintr-un supermarket local cu reduceri, inten\u021bion\u00e2nd s\u0103-l preg\u0103teasc\u0103 pentru copii. Dar, c\u00e2nd s-a \u00eentors s\u0103-l g\u0103teasc\u0103, a fost \u0219ocat\u0103 de ce a v\u0103zut \u2014 carnea se transformase \u00een ni\u0219te fire sub\u021biri \u0219i ciudate.<\/p>\n\n\n\n<p><\/p>\n\n\n\n<p>Internetul a fost rapid invadat de teorii legate de posibila cauz\u0103 a unei asemenea transform\u0103ri. Unii au speculat c\u0103 ar putea fi vorba despre carne creat\u0103 \u00een laborator sau chiar printat\u0103 3D, \u00een timp ce al\u021bii au oferit explica\u021bii mai plauzibile.<\/p>\n\n\n\n<p><\/p>\n\n\n\n<p>S-a sugerat c\u0103 ar putea fi rezultatul unor practici necinstite, \u00een care cresc\u0103torii de pui folosesc tehnici de stimulare a cre\u0219terii pentru a accelera dezvoltarea p\u0103s\u0103rilor.<\/p>\n\n\n\n<p><\/p>\n\n\n\n<p>Aceste practici, cunoscute sub denumirea de \u201ecre\u0219tere rapid\u0103\u201d, sunt asociate cu mai multe probleme de s\u0103n\u0103tate la pui, \u00een special afec\u021biuni precum \u201ecarne lemnoas\u0103\u201d \u0219i \u201ecarne tip spaghete\u201d.<\/p>\n\n\n\n<p><\/p>\n\n\n\n<p>De\u0219i aceste condi\u021bii nu reprezint\u0103 un pericol direct pentru oameni, pot cauza suferin\u021b\u0103 semnificativ\u0103 p\u0103s\u0103rilor, ale c\u0103ror corpuri cresc prea repede pentru a fi sus\u021binute de propriile membre.<\/p>\n\n\n\n<p><\/p>\n\n\n\n<p>Industria c\u0103rnii este presat\u0103 s\u0103 produc\u0103 piepturi de pui din ce \u00een ce mai mari pentru a r\u0103spunde cererii consumatorilor, ceea ce i-a determinat pe mul\u021bi fermieri s\u0103 recurg\u0103 la hormoni de cre\u0219tere. De\u0219i rezult\u0103 p\u0103s\u0103ri mai mari, exper\u021bii sus\u021bin c\u0103 aceast\u0103 metod\u0103 nu este sustenabil\u0103 \u0219i ridic\u0103 probleme grave privind bun\u0103starea animalelor.<\/p>\n\n\n\n<p><\/p>\n\n\n\n<p>Reac\u021bia la postarea Alinei a fost una de frustrare \u0219i dezam\u0103gire general\u0103 fa\u021b\u0103 de starea actual\u0103 a industriei alimentare. Incidentul a determinat unii oameni s\u0103-\u0219i reconsidere alegerile alimentare, unii opt\u00e2nd chiar pentru diete vegetariene sau vegane din cauza temerii c\u0103 produsele din magazine ar putea fi \u201egenerate \u00een laborator\u201d.<\/p>\n\n\n\n<p><\/p>\n","protected":false},"excerpt":{"rendered":"<p>Aceast\u0103 mam\u0103 preg\u0103tea cina pentru copiii ei acum c\u00e2teva s\u0103pt\u0103m\u00e2ni, iar dup\u0103 ce a cur\u0103\u021bat carnea, s-a transformat \u00een ceva nea\u0219teptat. Nu o s\u0103-\u021bi vin\u0103<\/p>\n","protected":false},"author":1,"featured_media":39187,"comment_status":"closed","ping_status":"closed","sticky":false,"template":"","format":"standard","meta":[],"categories":[1],"tags":[],"_links":{"self":[{"href":"https:\/\/calatorinromania.com\/index.php?rest_route=\/wp\/v2\/posts\/39551"}],"collection":[{"href":"https:\/\/calatorinromania.com\/index.php?rest_route=\/wp\/v2\/posts"}],"about":[{"href":"https:\/\/calatorinromania.com\/index.php?rest_route=\/wp\/v2\/types\/post"}],"author":[{"embeddable":true,"href":"https:\/\/calatorinromania.com\/index.php?rest_route=\/wp\/v2\/users\/1"}],"replies":[{"embeddable":true,"href":"https:\/\/calatorinromania.com\/index.php?rest_route=%2Fwp%2Fv2%2Fcomments&post=39551"}],"version-history":[{"count":1,"href":"https:\/\/calatorinromania.com\/index.php?rest_route=\/wp\/v2\/posts\/39551\/revisions"}],"predecessor-version":[{"id":39552,"href":"https:\/\/calatorinromania.com\/index.php?rest_route=\/wp\/v2\/posts\/39551\/revisions\/39552"}],"wp:featuredmedia":[{"embeddable":true,"href":"https:\/\/calatorinromania.com\/index.php?rest_route=\/wp\/v2\/media\/39187"}],"wp:attachment":[{"href":"https:\/\/calatorinromania.com\/index.php?rest_route=%2Fwp%2Fv2%2Fmedia&parent=39551"}],"wp:term":[{"taxonomy":"category","embeddable":true,"href":"https:\/\/calatorinromania.com\/index.php?rest_route=%2Fwp%2Fv2%2Fcategories&post=39551"},{"taxonomy":"post_tag","embeddable":true,"href":"https:\/\/calatorinromania.com\/index.php?rest_route=%2Fwp%2Fv2%2Ftags&post=39551"}],"curies":[{"name":"wp","href":"https:\/\/api.w.org\/{rel}","templated":true}]}}