{"id":39535,"date":"2025-05-26T10:03:19","date_gmt":"2025-05-26T10:03:19","guid":{"rendered":"https:\/\/calatorinromania.com\/?p=39535"},"modified":"2025-05-26T10:03:20","modified_gmt":"2025-05-26T10:03:20","slug":"cum-sora-sotului-meu-ne-a-spulberat-casnicia-intr-o-singura-noapte","status":"publish","type":"post","link":"https:\/\/calatorinromania.com\/?p=39535","title":{"rendered":"Cum sora so\u021bului meu ne-a spulberat c\u0103snicia \u00eentr-o singur\u0103 noapte"},"content":{"rendered":"\n<p>\u201eNu vreau s\u0103 te v\u0103d\u201d: Cum sora so\u021bului meu mi-a ruinat c\u0103snicia \u00eentr-o singur\u0103 sear\u0103<\/p>\n\n\n\n<p><\/p>\n\n\n\n<p>Emily s-a gr\u0103bit s\u0103 aranjeze masa, asigur\u00e2ndu-se c\u0103 totul arat\u0103 perfect. \u00cen seara asta, venea o invitat\u0103 important\u0103 \u2014 sora so\u021bului ei Daniel, Victoria. Emily nu o \u00eent\u00e2lnise niciodat\u0103 personal, dar auzise numai lucruri bune: amabil\u0103, bine educat\u0103, de succes.<\/p>\n\n\n\n<p><\/p>\n\n\n\n<p>\u201eTotul e gata!\u201d a strigat ea, ascunz\u00e2ndu-\u0219i u\u0219oara nervozitate.<\/p>\n\n\n\n<p><\/p>\n\n\n\n<p><\/p>\n\n\n\n<p>C\u00e2teva minute mai t\u00e2rziu, Daniel \u0219i sora lui au intrat \u00een buc\u0103t\u0103rie. Victoria a scanat camera, \u0219i-a \u00eencre\u021bit buzele \u0219i s-a a\u0219ezat la mas\u0103, eman\u00e2nd dispre\u021b.<\/p>\n\n\n\n<p><\/p>\n\n\n\n<p>\u201eNu vreau s\u0103 stau la aceea\u0219i mas\u0103 cu tine,\u201d a \u0219uierat Victoria deodat\u0103, privindu-o fix pe Emily.<\/p>\n\n\n\n<p><\/p>\n\n\n\n<p>Emily a \u00eencremenit. Nu avea idee ce se \u00eent\u00e2mpla.<\/p>\n\n\n\n<p><\/p>\n\n\n\n<p>\u201eLa ce te ui\u021bi?\u201d a r\u00e2njit Victoria. \u201eNu te preface c\u0103 nu \u0219tii de ce te ur\u0103sc!\u201d<\/p>\n\n\n\n<p><\/p>\n\n\n\n<p>\u201eAceasta este prima dat\u0103 c\u00e2nd ne \u00eent\u00e2lnim\u2026\u201d a r\u0103spuns Emily \u00eencet, uimit\u0103.<\/p>\n\n\n\n<p><\/p>\n\n\n\n<p>\u201eOh, prima dat\u0103?\u201d a batjocorit Victoria. \u201eL-ai \u00eenv\u00e2rtit pe fratele meu pe deget \u0219i acum joci regina aici. Dac\u0103 nu erai tu, totul ar fi fost altfel!\u201d<\/p>\n\n\n\n<p><\/p>\n\n\n\n<p>Daniel s-a \u00eencordat \u0219i a a\u0219ezat o m\u00e2n\u0103 pe um\u0103rul surorii sale.<\/p>\n\n\n\n<p><\/p>\n\n\n\n<p>\u201eVictoria, destul.\u201d<\/p>\n\n\n\n<p><\/p>\n\n\n\n<p>\u201eTaci!\u201d a \u0219uierat ea. \u201eTrebuia s\u0103 te c\u0103s\u0103tore\u0219ti cu cea mai bun\u0103 prieten\u0103 a mea. Rochia era aleas\u0103, loca\u021bia rezervat\u0103. Acum e\u0219ti blocat cu asta\u2014\u201d<\/p>\n\n\n\n<p>\u201eAsta era cu ani \u00eenainte s\u0103 o cunosc pe Emily,\u201d a spus Daniel obosit.<\/p>\n\n\n\n<p>\u201eNu te mai min\u021bi singur!\u201d a scuipat Victoria. \u201eTotul este vina ei! Ai p\u0103rsit-o pe Olivia pentru ea, \u0219i ea te-a \u00eenv\u00e2rtit pe deget!\u201d<\/p>\n\n\n\n<p>Pentru prima dat\u0103, Emily a sim\u021bit o furie real\u0103 fierb\u00e2nd \u00een ea.<\/p>\n\n\n\n<p>\u201eAm \u0219i eu un nume, \u0219tii!\u201d a morm\u0103it ea.<\/p>\n\n\n\n<p>\u201eNu-mi pas\u0103 de numele t\u0103u,\u201d a respins-o Victoria. \u201eNu-\u021bi e locul aici. Speram c\u0103 fratele meu \u00ee\u0219i va veni \u00een fire, dar, evident, l-ai sp\u0103lat pe creier!\u201d<\/p>\n\n\n\n<p>Emily l-a privit pe Daniel, a\u0219tept\u00e2nd un oarecare sprijin, dar el doar se uita la podea.<\/p>\n\n\n\n<p>\u201eC\u00e2t timp mai trebuie s\u0103 ascult asta?\u201d a \u00eentrebat Emily rece.<\/p>\n\n\n\n<p>\u201eNimeni nu \u021bi-a cerut p\u0103rerea,\u201d a replicat Victoria.<\/p>\n\n\n\n<p>\u201eAi uitat c\u0103 e\u0219ti o invitat\u0103 \u00een casa mea?\u201d Vocea lui Emily tremura de furie. \u201eDac\u0103 vei r\u0103m\u00e2ne, m\u0103car comport\u0103-te cum trebuie!\u201d<\/p>\n\n\n\n<p>\u201eNu-mi pas\u0103,\u201d a batjocorit Victoria. \u201eAceasta este casa fratelui meu, nu a ta. Dac\u0103 a\u0219 fi fost aici mai devreme, aceast\u0103 c\u0103snicie nu s-ar fi \u00eent\u00e2mplat niciodat\u0103!\u201d<\/p>\n\n\n\n<p>Emily s-a \u00eentors spre Daniel.<\/p>\n\n\n\n<p>\u201eChiar vei r\u0103m\u00e2ne t\u0103cut?\u201d<\/p>\n\n\n\n<p>Daniel a ezitat, nici suficient de curajos, nici suficient de puternic s\u0103-\u0219i apere so\u021bia.<\/p>\n\n\n\n<p>\u201eBine.\u201d Emily a oftat ad\u00e2nc. \u201eDac\u0103 sunte\u021bi am\u00e2ndoi neferici\u021bi aici \u2014 am\u00e2ndoi, pleca\u021bi.\u201d<\/p>\n\n\n\n<p>Victoria \u0219i-a ridicat b\u0103rbia.<\/p>\n\n\n\n<p>\u201eVoi pleca doar cu Daniel.\u201d<\/p>\n\n\n\n<p>\u201ePerfect,\u201d a dat din cap Emily calm\u0103.<\/p>\n\n\n\n<p>\u201eE\u0219ti serioas\u0103?\u201d a \u00eentrebat Daniel, uimit.<\/p>\n\n\n\n<p>Victoria a profitat de moment.<\/p>\n\n\n\n<p>\u201eUite cum \u00ee\u021bi vorbe\u0219te! Chiar o la\u0219i s\u0103 te comande?\u201d<\/p>\n\n\n\n<p>\u201eTaci!\u201d a explodat brusc Daniel. \u201eDe ce ai venit aici? S\u0103-mi distrugi c\u0103snicia?\u201d<\/p>\n\n\n\n<p>\u201eAm venit s\u0103 te v\u0103d pe tine, nu pe ea!\u201d a \u0219uierat Victoria.<\/p>\n\n\n\n<p>PUBLICITATE<\/p>\n\n\n\n<p>\u201eTot ce ai f\u0103cut a fost s\u0103 \u00eencepi o ceart\u0103,\u201d a spus el t\u0103ios.<\/p>\n\n\n\n<p>Victoria a s\u0103rit \u00een sus, d\u0103r\u00e2m\u00e2nd farfurii de pe mas\u0103.<\/p>\n\n\n\n<p>\u201eCur\u0103\u021b\u0103 tu singur!\u201d a strigat ea \u00eenainte de a ie\u0219i, tr\u00e2ntind u\u0219a \u00een urma ei.<\/p>\n\n\n\n<p>Dar paguba era deja f\u0103cut\u0103.<\/p>\n\n\n\n<p>O or\u0103 mai t\u00e2rziu, Emily st\u0103tea \u00een pragul dormitorului, \u021bin\u00e2nd valiza lui Daniel.<\/p>\n\n\n\n<p>\u201eDu-te \u0219i stai cu pre\u021bioasa ta sor\u0103. Nu mai ai ce c\u0103uta aici,\u201d a spus ea \u00eencet.<\/p>\n\n\n\n<p>\u201eEm, trebuie s\u0103 \u00een\u021belegi\u2014\u201d a \u00eenceput Daniel.<\/p>\n\n\n\n<p>Nu, Dan,\u201d a cl\u0103tinat din cap. \u201eNu vreau s\u0103 \u00een\u021beleg. Sau s\u0103 iert, sau s\u0103 a\u0219tept, sau s\u0103 sper.\u201d<br>\u0218i Daniel a plecat.<\/p>\n\n\n\n<p>Au trecut lunile.<\/p>\n\n\n\n<p>Emily a tr\u0103it singur\u0103. La \u00eenceput, a durut \u2014 profund. Dar cu fiecare zi, greutatea s-a ridicat. Nimeni nu o mai umilea, nu o mai tr\u0103da, sau nu mai t\u0103cea c\u00e2nd ea avea nevoie de ap\u0103rare.<\/p>\n\n\n\n<p>Daniel a stat cu sora lui \u2014 dar nici acolo nu a fost fericire. Dou\u0103 luni mai t\u00e2rziu, Victoria s-a \u00eentors la casa ei din str\u0103in\u0103tate, l\u0103s\u00e2ndu-l pe fratele ei singur \u00eentr-un apartament gol, cu nimic altceva dec\u00e2t regretul s\u0103u.<\/p>\n\n\n\n<p>Abia atunci \u0219i-a dat seama Daniel ce \u2014 \u0219i pe cine \u2014 pierduse pentru totdeauna.<\/p>\n\n\n\n<p>Dar era prea t\u00e2rziu.<\/p>\n\n\n\n<p>Este o poveste trist\u0103, dar care arat\u0103 c\u0103 Emily a reu\u0219it s\u0103-\u0219i reg\u0103seasc\u0103 puterea. Crezi c\u0103 Daniel va mai \u00eencerca s\u0103 o contacteze pe Emily sau \u00ee\u0219i va accepta pierderea?<\/p>\n","protected":false},"excerpt":{"rendered":"<p>\u201eNu vreau s\u0103 te v\u0103d\u201d: Cum sora so\u021bului meu mi-a ruinat c\u0103snicia \u00eentr-o singur\u0103 sear\u0103 Emily s-a gr\u0103bit s\u0103 aranjeze masa, asigur\u00e2ndu-se c\u0103 totul arat\u0103<\/p>\n","protected":false},"author":1,"featured_media":39187,"comment_status":"closed","ping_status":"closed","sticky":false,"template":"","format":"standard","meta":[],"categories":[1],"tags":[],"_links":{"self":[{"href":"https:\/\/calatorinromania.com\/index.php?rest_route=\/wp\/v2\/posts\/39535"}],"collection":[{"href":"https:\/\/calatorinromania.com\/index.php?rest_route=\/wp\/v2\/posts"}],"about":[{"href":"https:\/\/calatorinromania.com\/index.php?rest_route=\/wp\/v2\/types\/post"}],"author":[{"embeddable":true,"href":"https:\/\/calatorinromania.com\/index.php?rest_route=\/wp\/v2\/users\/1"}],"replies":[{"embeddable":true,"href":"https:\/\/calatorinromania.com\/index.php?rest_route=%2Fwp%2Fv2%2Fcomments&post=39535"}],"version-history":[{"count":1,"href":"https:\/\/calatorinromania.com\/index.php?rest_route=\/wp\/v2\/posts\/39535\/revisions"}],"predecessor-version":[{"id":39536,"href":"https:\/\/calatorinromania.com\/index.php?rest_route=\/wp\/v2\/posts\/39535\/revisions\/39536"}],"wp:featuredmedia":[{"embeddable":true,"href":"https:\/\/calatorinromania.com\/index.php?rest_route=\/wp\/v2\/media\/39187"}],"wp:attachment":[{"href":"https:\/\/calatorinromania.com\/index.php?rest_route=%2Fwp%2Fv2%2Fmedia&parent=39535"}],"wp:term":[{"taxonomy":"category","embeddable":true,"href":"https:\/\/calatorinromania.com\/index.php?rest_route=%2Fwp%2Fv2%2Fcategories&post=39535"},{"taxonomy":"post_tag","embeddable":true,"href":"https:\/\/calatorinromania.com\/index.php?rest_route=%2Fwp%2Fv2%2Ftags&post=39535"}],"curies":[{"name":"wp","href":"https:\/\/api.w.org\/{rel}","templated":true}]}}