{"id":39526,"date":"2025-05-26T07:20:24","date_gmt":"2025-05-26T07:20:24","guid":{"rendered":"https:\/\/calatorinromania.com\/?p=39526"},"modified":"2025-05-26T07:20:24","modified_gmt":"2025-05-26T07:20:24","slug":"timp-de-aproape-10-ani-am-trait-cu-un-barbat-in-concubinaj-si-l-am-iubit-nebuneste","status":"publish","type":"post","link":"https:\/\/calatorinromania.com\/?p=39526","title":{"rendered":"Timp de aproape 10 ani am tr\u0103it cu un b\u0103rbat \u00een concubinaj \u0219i l-am iubit nebune\u0219te."},"content":{"rendered":"\n<p><strong>Timp de aproape 10 ani am tr\u0103it cu un b\u0103rbat \u00een concubinaj \u0219i l-am iubit nebune\u0219te.<\/strong><br>Dar \u00eentr-o zi am aflat c\u0103 m\u0103 \u00een\u0219ela. Am plecat.<br>El s-a c\u0103s\u0103torit, a devenit tat\u0103, iar eu am r\u0103mas singur\u0103.<\/p>\n\n\n\n<p><\/p>\n\n\n\n<p>Cu ceva timp \u00een urm\u0103, am aflat c\u0103 fostul meu a murit.<br><strong>Dar\u2026 \u0219i-a l\u0103sat toat\u0103 averea mie, nu copiilor sau so\u021biei lui.<\/strong><br>C\u00e2nd am aflat\u00a0<strong>de ce<\/strong>, am r\u0103mas \u00een \u0219oc.\u00a0<\/p>\n\n\n\n<p><\/p>\n\n\n\n<p><strong>Fostul meu b\u0103rbat mi-a l\u0103sat toat\u0103 averea \u2013 nu so\u021biei \u0219i nu copiilor. C\u00e2nd am aflat motivul, am r\u0103mas f\u0103r\u0103 cuvinte.<\/strong><\/p>\n\n\n\n<p><\/p>\n\n\n\n<p>Timp de aproape 10 ani, el nu a fost doar partenerul meu \u2013 a fost jum\u0103tatea mea, omul cu care \u00eemi construiam propria lume.<\/p>\n\n\n\n<p><\/p>\n\n\n\n<p>N-am sim\u021bit niciodat\u0103 nevoia s\u0103 oficializ\u0103m rela\u021bia. Pentru noi, c\u0103s\u0103toria era o formalitate, iar copiii nu f\u0103ceau parte din acel tablou.<\/p>\n\n\n\n<p><\/p>\n\n\n\n<p>Totul s-a pr\u0103bu\u0219it \u00eentr-o clip\u0103. C\u00e2nd am aflat c\u0103 m\u0103 \u00een\u0219ela, m-a cuprins o durere profund\u0103 \u2013 nu doar din cauza tr\u0103d\u0103rii, ci \u0219i din cauza faptului c\u0103\u00a0<strong>visul nostru comun fusese doar o iluzie<\/strong>.<\/p>\n\n\n\n<p><\/p>\n\n\n\n<p>Am plecat. Definitiv.<\/p>\n\n\n\n<p>La c\u00e2teva luni dup\u0103, am aflat c\u0103 se c\u0103s\u0103torise cu femeia pentru care m\u0103 p\u0103r\u0103sise.<\/p>\n\n\n\n<p>Dar soarta mi-a preg\u0103tit o \u00eentors\u0103tur\u0103 nea\u0219teptat\u0103.<br>La un an dup\u0103 ce a \u00eenceput noua lui via\u021b\u0103, am aflat c\u0103 sunt&nbsp;<strong>\u00eens\u0103rcinat\u0103<\/strong>.<\/p>\n\n\n\n<p>Vestea m-a bulversat. M-au cuprins temeri \u0219i \u00eendoieli. Dar p\u00e2n\u0103 la urm\u0103 am v\u0103zut sarcina ca pe un&nbsp;<strong>dar<\/strong>.<\/p>\n\n\n\n<p>Fostul meu nu putea l\u0103sa trecutul \u00een pace. \u00cemi trimitea mesaje de s\u0103rb\u0103tori \u0219i de ziua mea \u2013 reci, distante, dar cu un anumit sub\u00een\u021beles. Eu nu \u00eei r\u0103spundeam.<\/p>\n\n\n\n<p>C\u00e2nd a aflat c\u0103 am n\u0103scut o feti\u021b\u0103, tonul lui s-a schimbat. Mesajele au devenit acuzatoare. M-a numit mincinoas\u0103. Nu i-am r\u0103spuns nici atunci.<\/p>\n\n\n\n<p><strong>Ultima scrisoare pe care mi-a trimis-o era plin\u0103 de furie. Pentru mine, aceea a fost linia de final.<\/strong><\/p>\n\n\n\n<p>C\u00e2teva luni mai t\u00e2rziu, am aflat vestea care m-a cutremurat:<br><strong>murise \u00eentr-un accident rutier<\/strong>.<\/p>\n\n\n\n<p>Toate emo\u021biile \u00eengropate s-au \u00eentors. Amintiri, durere, nostalgie.<\/p>\n\n\n\n<p>Dar povestea nu s-a \u00eencheiat acolo.<br>M-a contactat un avocat.<\/p>\n\n\n\n<p>\u00cen testamentul s\u0103u,&nbsp;<strong>\u00eemi l\u0103sase mie aproape tot ce avea<\/strong>, iar so\u021biei \u0219i copiilor doar mici p\u0103r\u021bi.<\/p>\n\n\n\n<p>Eram \u0219ocat\u0103. De ce? Ce voia s\u0103-mi transmit\u0103?<\/p>\n\n\n\n<p>Apoi am primit o scrisoare pe care o scrisese \u00eenainte s\u0103 moar\u0103.<br>\u00cen ea, \u00ee\u0219i cerea iertare. M\u0103rturisea c\u0103&nbsp;<strong>noua lui c\u0103s\u0103torie fusese o capcan\u0103, nu o poveste de iubire<\/strong>. C\u0103 regret\u0103 tot. \u0218i c\u0103 spera ca, \u00eentr-un fel, gestul lui final s\u0103-mi ofere o \u0219ans\u0103 la un viitor mai bun.<\/p>\n\n\n\n<p>A urmat haosul.<\/p>\n\n\n\n<p>Familia lui a aflat de testament \u0219i a \u00eenceput s\u0103 m\u0103 sune. M\u0103 rugau. M\u0103 acuzau. \u00cencercau s\u0103 m\u0103 \u0219antajeze emo\u021bional. Dar \u0219tiam c\u0103&nbsp;<strong>nu era vorba de iubire, ci de bani<\/strong>.<\/p>\n\n\n\n<p>I-am blocat.<\/p>\n\n\n\n<p>Mult timp m-am g\u00e2ndit dac\u0103 s\u0103 accept mo\u0219tenirea.<br>La final, am decis:&nbsp;<strong>da<\/strong>. Nu ca o iertare. Nu ca o recompens\u0103.<br>Ci ca o&nbsp;<strong>oportunitate pentru viitorul fiicei mele<\/strong>.<\/p>\n\n\n\n<p>Nu m-am dus la \u00eenmorm\u00e2ntarea lui.<br>Dar, dup\u0103 c\u00e2teva luni, am mers la morm\u00e2nt.<\/p>\n\n\n\n<p>C\u00e2nd am plecat, \u00een mintea mea era o singur\u0103 \u00eentrebare:<br><strong>\u201eDac\u0103 totul ar fi fost altfel?\u201d<\/strong><br>Dar poate c\u0103\u2026&nbsp;<strong>la unele \u00eentreb\u0103ri nu vom primi niciodat\u0103 r\u0103spuns.<\/strong><\/p>\n","protected":false},"excerpt":{"rendered":"<p>Timp de aproape 10 ani am tr\u0103it cu un b\u0103rbat \u00een concubinaj \u0219i l-am iubit nebune\u0219te.Dar \u00eentr-o zi am aflat c\u0103 m\u0103 \u00een\u0219ela. Am plecat.El<\/p>\n","protected":false},"author":1,"featured_media":39187,"comment_status":"closed","ping_status":"closed","sticky":false,"template":"","format":"standard","meta":[],"categories":[1],"tags":[],"_links":{"self":[{"href":"https:\/\/calatorinromania.com\/index.php?rest_route=\/wp\/v2\/posts\/39526"}],"collection":[{"href":"https:\/\/calatorinromania.com\/index.php?rest_route=\/wp\/v2\/posts"}],"about":[{"href":"https:\/\/calatorinromania.com\/index.php?rest_route=\/wp\/v2\/types\/post"}],"author":[{"embeddable":true,"href":"https:\/\/calatorinromania.com\/index.php?rest_route=\/wp\/v2\/users\/1"}],"replies":[{"embeddable":true,"href":"https:\/\/calatorinromania.com\/index.php?rest_route=%2Fwp%2Fv2%2Fcomments&post=39526"}],"version-history":[{"count":1,"href":"https:\/\/calatorinromania.com\/index.php?rest_route=\/wp\/v2\/posts\/39526\/revisions"}],"predecessor-version":[{"id":39527,"href":"https:\/\/calatorinromania.com\/index.php?rest_route=\/wp\/v2\/posts\/39526\/revisions\/39527"}],"wp:featuredmedia":[{"embeddable":true,"href":"https:\/\/calatorinromania.com\/index.php?rest_route=\/wp\/v2\/media\/39187"}],"wp:attachment":[{"href":"https:\/\/calatorinromania.com\/index.php?rest_route=%2Fwp%2Fv2%2Fmedia&parent=39526"}],"wp:term":[{"taxonomy":"category","embeddable":true,"href":"https:\/\/calatorinromania.com\/index.php?rest_route=%2Fwp%2Fv2%2Fcategories&post=39526"},{"taxonomy":"post_tag","embeddable":true,"href":"https:\/\/calatorinromania.com\/index.php?rest_route=%2Fwp%2Fv2%2Ftags&post=39526"}],"curies":[{"name":"wp","href":"https:\/\/api.w.org\/{rel}","templated":true}]}}