{"id":39522,"date":"2025-05-26T07:00:21","date_gmt":"2025-05-26T07:00:21","guid":{"rendered":"https:\/\/calatorinromania.com\/?p=39522"},"modified":"2025-05-26T07:00:25","modified_gmt":"2025-05-26T07:00:25","slug":"mi-am-cumparat-un-tort-de-ziua-mea-dar-nimeni-n-a-venit","status":"publish","type":"post","link":"https:\/\/calatorinromania.com\/?p=39522","title":{"rendered":"MI-AM CUMP\u0102RAT UN TORT DE ZIUA MEA \u2014 DAR NIMENI N-A VENIT"},"content":{"rendered":"\n<p>AZI E ZIUA MEA DE NA\u0218TERE \u2014 AM \u00ceMPLINIT 97 DE ANI, MI-AM CUMP\u0102RAT UN TORT\u2026 DAR NIMENI N-A VENIT<\/p>\n\n\n\n<p>Azi e ziua mea. Fac 97 de ani. M-am trezit f\u0103r\u0103 lum\u00e2n\u0103ri, f\u0103r\u0103 felicit\u0103ri, f\u0103r\u0103 telefoane.<\/p>\n\n\n\n<p>Locuiesc \u00eentr-o camer\u0103 mic\u0103, deasupra unui magazin de feronerie \u00eenchis. Proprietarul nu-mi cere mult chirie, mai ales pentru c\u0103 i-am reparat instala\u021biile iarna trecut\u0103. N-am prea multe aici, \u00een afar\u0103 de un pat care sc\u00e2r\u021b\u00e2ie, un ceainic \u0219i un scaun l\u00e2ng\u0103 fereastr\u0103. Fereastra e preferata mea \u2014 de acolo pot privi autobuzele trec\u00e2nd.<\/p>\n\n\n\n<p>Am mers p\u00e2n\u0103 la brut\u0103ria de dou\u0103 str\u0103zi mai jos. Fata de la tejghea mi-a z\u00e2mbit de parc\u0103 nu m\u0103 recuno\u0219tea, de\u0219i vin acolo \u00een fiecare s\u0103pt\u0103m\u00e2n\u0103 dup\u0103 p\u00e2inea de o zi. I-am spus: \u201eAzi e ziua mea\u201d, \u0219i ea a zis \u201eOh, la mul\u021bi ani\u201d de parc\u0103 citea de pe un cartona\u0219 cu replici.<\/p>\n\n\n\n<p>Am cump\u0103rat un tort mic. Vanilie cu c\u0103p\u0219uni. I-am rugat chiar s\u0103 scrie pe el \u201eLa mul\u021bi ani, domnule L., 97 de ani\u201d. M-am sim\u021bit cam prost cer\u00e2nd asta, dar am f\u0103cut-o.<\/p>\n\n\n\n<p>\u00cenapoi \u00een camer\u0103, l-am pus pe lada pe care o folosesc pe post de mas\u0103. Am aprins o singur\u0103 lum\u00e2nare. M-am a\u0219ezat \u0219i am a\u0219teptat.<\/p>\n\n\n\n<p>Nu \u0219tiu de ce m\u0103 a\u0219teptam s\u0103 vin\u0103 cineva. Fiul meu, Eli, nu m-a sunat de cinci ani. Ultima dat\u0103 c\u00e2nd am vorbit, am spus ceva despre cum m\u0103 trateaz\u0103 de sus so\u021bia lui. Poate c\u0103 n-ar fi trebuit. A \u00eenchis telefonul \u0219i cu asta s-a terminat. Niciun apel, nicio vizit\u0103. Nici m\u0103car nu \u0219tiu unde locuie\u0219te acum.<\/p>\n\n\n\n<p>Mi-am t\u0103iat o felie. Tortul era bun. Dulce, moale, proasp\u0103t.<\/p>\n\n\n\n<p>I-am f\u0103cut o poz\u0103 cu telefonul meu vechi, cu clapet\u0103. Am trimis-o la num\u0103rul pe care \u00eenc\u0103 \u00eel aveam salvat ca \u201eEli\u201d. Am scris doar: La mul\u021bi ani mie.<\/p>\n\n\n\n<p>Apoi m-am uitat la ecran, a\u0219tept\u00e2nd s\u0103 apar\u0103 acele punctule\u021be.<\/p>\n\n\n\n<p>Nu au ap\u0103rut.<\/p>\n\n\n\n<p>Am stat acolo o vreme. Am m\u00e2ncat \u00eenc\u0103 o felie. Glazura era cam prea dulce, dar mi-a pl\u0103cut c\u0103 c\u0103p\u0219unile nu erau congelate, cum sunt cele de la pia\u021b\u0103. Apoi m-am uitat din nou la telefon.<\/p>\n\n\n\n<p>Tot nimic.<\/p>\n\n\n\n<p>Am presupus c\u0103 asta a fost. Poate num\u0103rul s-a schimbat. Poate m-a blocat. Probabil c\u0103 nu voi \u0219ti niciodat\u0103.<\/p>\n\n\n\n<p>A\u0219a c\u0103 m-am t\u00e2r\u00e2t p\u00e2n\u0103 la fereastr\u0103, m-am a\u0219ezat \u00een scaun \u0219i am privit cum un autobuz a oprit \u0219uier\u00e2nd pe partea cealalt\u0103 a str\u0103zii. O mam\u0103 \u0219i-a ajutat copilul mic s\u0103 urce. Un t\u00e2n\u0103r \u00een costum i-a \u021binut u\u0219a. Dup\u0103 aceea, s-a l\u0103sat lini\u0219tea.<\/p>\n\n\n\n<p>Cam o or\u0103 mai t\u00e2rziu, am auzit o b\u0103taie la u\u0219\u0103. Trei cioc\u0103nituri u\u0219oare, jos, la intrare.<\/p>\n\n\n\n<p>Nu mai bate nimeni la u\u0219\u0103 \u00een ziua de azi.<\/p>\n\n\n\n<p>Mi-am luat cardiganul \u0219i am cobor\u00e2t. Genunchii mei nu mai iubesc sc\u0103rile, dar am ajuns. C\u00e2nd am deschis u\u0219a din fa\u021b\u0103, \u00een fa\u021ba mea st\u0103tea o fat\u0103 adolescent\u0103. Probabil avea 14, poate 15 ani. P\u0103r cre\u021b, un rucsac ro\u0219u \u0219i o privire timid\u0103.<\/p>\n\n\n\n<p>\u2014 Sunte\u021bi domnul L.? a \u00eentrebat ea.<\/p>\n\n\n\n<p>Am dat din cap, confuz.<\/p>\n\n\n\n<p>\u2014 Eu sunt Sorina. Um\u2026 cred c\u0103 sunt nepoata dumneavoastr\u0103.<\/p>\n\n\n\n<p>Jur c\u0103 inima mi s-a oprit o clip\u0103.<\/p>\n\n\n\n<p>A scos telefonul \u0219i mi-a ar\u0103tat mesajul pe care \u00eel trimisesem. Se pare c\u0103 Eli avea \u00eenc\u0103 num\u0103rul \u2014 dar telefonul era acum al ei. I-l d\u0103duse pentru \u201eurgen\u021be\u201d, iar ea a g\u0103sit mesajul meu \u00een inbox \u00een timp ce f\u0103cea cur\u0103\u021benie.<\/p>\n\n\n\n<p>A spus:<\/p>\n\n\n\n<p>\u2014 I-am spus tat\u0103lui meu. A zis s\u0103 nu r\u0103spund. Dar\u2026 am vrut totu\u0219i s\u0103 v\u0103 cunosc.<\/p>\n\n\n\n<p>N-am \u0219tiut ce s\u0103 zic. Am stat acolo ca un prost, cu gura c\u0103scat\u0103.<\/p>\n\n\n\n<p>\u2014 Am adus ceva, a ad\u0103ugat ea, deschiz\u00e2nd fermoarul rucsacului. A scos o felicitare, f\u0103cut\u0103 de m\u00e2n\u0103, cu marker albastru \u0219i inimioare din h\u00e2rtie decupat\u0103. Scria: La mul\u021bi ani, bunicule. Sper c\u0103 nu e prea t\u00e2rziu s\u0103 ne cunoa\u0219tem.<\/p>\n\n\n\n<p>M-am pr\u0103bu\u0219it. Chiar acolo, \u00een prag. Nu am pl\u00e2ns tare. Doar lacrimi, ca un robinet uitat deschis.<\/p>\n\n\n\n<p>Am invitat-o \u00een\u0103untru. Am stat pe patul meu \u0219ubred, am \u00eemp\u0103r\u021bit ce mai r\u0103m\u0103sese din tort. Mi-a spus c\u0103 iube\u0219te pictura \u0219i c\u0103 mereu s-a \u00eentrebat de ce nu a cunoscut familia tat\u0103lui ei. I-am povestit despre Eli c\u00e2nd era mic \u2014 cum punea ketchup pe ou\u0103le amestecate \u0219i purta \u0219osete nepotrivite \u00een fiecare zi \u00een clasa a doua.<\/p>\n\n\n\n<p>\u00cenainte s\u0103 plece, \u0219i-a f\u0103cut un selfie cu noi. A zis c\u0103 o s\u0103-l imprime \u0219i o s\u0103-l pun\u0103 pe perete.<\/p>\n\n\n\n<p>\u2014 Pot s\u0103 vin \u0219i weekendul viitor? m-a \u00eentrebat, \u00een prag.<\/p>\n\n\n\n<p>Am dat din cap, \u00eenc\u0103 ne\u00eencrez\u0103tor \u00een vocea mea.<\/p>\n\n\n\n<p>C\u00e2nd a plecat, am r\u0103mas acolo mult timp, privind cum \u00eei salt\u0103 rucsacul ro\u0219u p\u00e2n\u0103 a disp\u0103rut dup\u0103 col\u021b.<\/p>\n\n\n\n<p>\u00cen noaptea aceea, telefonul meu a sunat.<\/p>\n\n\n\n<p>Un mesaj nou. De la un num\u0103r necunoscut.<\/p>\n\n\n\n<p>Scria doar: Mul\u021bumesc c\u0103 ai fost bun cu ea. \u2014 E.<\/p>\n\n\n\n<p>Am privit mult timp acel mesaj.<\/p>\n\n\n\n<p>Via\u021ba nu ne ofer\u0103 \u00eentotdeauna finaluri clare. Uneori, ne ofer\u0103 doar mici deschideri.<\/p>\n\n\n\n<p>\u0218i poate c\u0103 e suficient.<\/p>\n\n\n\n<p><strong>Dac\u0103 aceast\u0103 poveste te-a mi\u0219cat m\u0103car un pic, distribuie-o. Nu \u0219tii niciodat\u0103 cine are nevoie de un mic impuls ca s\u0103 \u00eentind\u0103 m\u00e2na \u00eenainte s\u0103 fie prea t\u00e2rziu.&nbsp;<\/strong><\/p>\n\n\n\n<p><strong>Dac\u0103 \u021bi-a pl\u0103cut povestea, nu uita s\u0103 o distribui cu prietenii t\u0103i! \u00cempreun\u0103 putem duce mai departe emo\u021bia \u0219i inspira\u021bia.<\/strong><\/p>\n","protected":false},"excerpt":{"rendered":"<p>AZI E ZIUA MEA DE NA\u0218TERE \u2014 AM \u00ceMPLINIT 97 DE ANI, MI-AM CUMP\u0102RAT UN TORT\u2026 DAR NIMENI N-A VENIT Azi e ziua mea. Fac<\/p>\n","protected":false},"author":1,"featured_media":39187,"comment_status":"closed","ping_status":"closed","sticky":false,"template":"","format":"standard","meta":[],"categories":[1],"tags":[],"_links":{"self":[{"href":"https:\/\/calatorinromania.com\/index.php?rest_route=\/wp\/v2\/posts\/39522"}],"collection":[{"href":"https:\/\/calatorinromania.com\/index.php?rest_route=\/wp\/v2\/posts"}],"about":[{"href":"https:\/\/calatorinromania.com\/index.php?rest_route=\/wp\/v2\/types\/post"}],"author":[{"embeddable":true,"href":"https:\/\/calatorinromania.com\/index.php?rest_route=\/wp\/v2\/users\/1"}],"replies":[{"embeddable":true,"href":"https:\/\/calatorinromania.com\/index.php?rest_route=%2Fwp%2Fv2%2Fcomments&post=39522"}],"version-history":[{"count":1,"href":"https:\/\/calatorinromania.com\/index.php?rest_route=\/wp\/v2\/posts\/39522\/revisions"}],"predecessor-version":[{"id":39523,"href":"https:\/\/calatorinromania.com\/index.php?rest_route=\/wp\/v2\/posts\/39522\/revisions\/39523"}],"wp:featuredmedia":[{"embeddable":true,"href":"https:\/\/calatorinromania.com\/index.php?rest_route=\/wp\/v2\/media\/39187"}],"wp:attachment":[{"href":"https:\/\/calatorinromania.com\/index.php?rest_route=%2Fwp%2Fv2%2Fmedia&parent=39522"}],"wp:term":[{"taxonomy":"category","embeddable":true,"href":"https:\/\/calatorinromania.com\/index.php?rest_route=%2Fwp%2Fv2%2Fcategories&post=39522"},{"taxonomy":"post_tag","embeddable":true,"href":"https:\/\/calatorinromania.com\/index.php?rest_route=%2Fwp%2Fv2%2Ftags&post=39522"}],"curies":[{"name":"wp","href":"https:\/\/api.w.org\/{rel}","templated":true}]}}