{"id":39514,"date":"2025-05-26T06:13:49","date_gmt":"2025-05-26T06:13:49","guid":{"rendered":"https:\/\/calatorinromania.com\/?p=39514"},"modified":"2025-05-26T06:13:50","modified_gmt":"2025-05-26T06:13:50","slug":"toata-lumea-a-crezut-ca-acest-caine-isi-jelea-stapanul-pana-cand-au-vazut-ce-se-afla-sub-el","status":"publish","type":"post","link":"https:\/\/calatorinromania.com\/?p=39514","title":{"rendered":"Toat\u0103 lumea a crezut c\u0103 acest c\u00e2ine \u00ee\u0219i jelea st\u0103p\u00e2nul p\u00e2n\u0103 c\u00e2nd au v\u0103zut ce se afla sub el."},"content":{"rendered":"\n<p>C\u00e2nd aceast\u0103 fotografie cu un c\u00e2ine st\u00e2nd pe locul de veci al st\u0103p\u00e2nului s\u0103u a devenit viral\u0103 pe internet, toat\u0103 lumea a sim\u021bit durerea.<\/p>\n\n\n\n<p><\/p>\n\n\n\n<p>Oameni din \u00eentreaga lume au \u00eenceput s\u0103 se intereseze de istoria c\u00e2inelui.<\/p>\n\n\n\n<p><\/p>\n\n\n\n<p>La urma urmei, nu este ceva nemaiauzit. Au existat multe cazuri \u00een care c\u00e2inii \u0219i-au petrecut zilele la locurile de \u00eenmorm\u00e2ntare ale st\u0103p\u00e2nilor lor sau au refuzat s\u0103 p\u0103r\u0103seasc\u0103 locul unde i-au v\u0103zut ultima dat\u0103.<\/p>\n\n\n\n<p><\/p>\n\n\n\n<p>To\u021bi c\u00e2inii sunt loiali, dar aceasta nu este una dintre acele pove\u0219ti.<\/p>\n\n\n\n<p><\/p>\n\n\n\n<p>C\u00e2inele \u0103sta e \u00een groapa asta dintr-un cu totul alt motiv.<\/p>\n\n\n\n<p><\/p>\n\n\n\n<p>Aceasta este o poveste despre un alt tip de loialitate \u0219i d\u0103ruire.<\/p>\n\n\n\n<p><\/p>\n\n\n\n<p>Personalul cimitirului a observat c\u0103 c\u00e2inele s\u0103pase apoi o mic\u0103 groap\u0103 \u00een p\u0103m\u00e2nt \u0219i st\u0103tuse \u00een\u0103untru toat\u0103 ziua.<\/p>\n\n\n\n<p><\/p>\n\n\n\n<p>Se pare c\u0103 acest c\u00e2ine era o c\u00e2ine vagaboand\u0103\u2026 era \u0219i mam\u0103.<\/p>\n\n\n\n<p><br>Nu avea unde s\u0103 se duc\u0103.<\/p>\n\n\n\n<p><\/p>\n\n\n\n<p>Diversele temeri pe care le avea pentru copiii ei mici trebuie s\u0103 fi crescut atunci c\u00e2nd sim\u021bea aten\u021bia oamenilor, dar din fericire nu avea niciun motiv s\u0103 se team\u0103\u2026<\/p>\n\n\n\n<p><br>\u00cen mica vizuin\u0103, curajoasa mam\u0103 a reu\u0219it s\u0103-i \u021bin\u0103 pe to\u021bi cei patru c\u0103\u021bei \u00een siguran\u021b\u0103, ferici\u021bi \u0219i confortabil. <\/p>\n\n\n\n<p>Dar gaura era \u00eentr-adev\u0103r foarte mic\u0103, iar acest fapt le-a \u00eengreunat via\u021ba, \u00eens\u0103 ajutorul a sosit exact la timp.<\/p>\n\n\n\n<p> Iubitorii de animale din zon\u0103 au decis s\u0103 ajute c\u0103\u021beii dr\u0103gu\u021bi \u0219i f\u0103r\u0103 ad\u0103post, a\u0219a c\u0103 au \u00eencercat s\u0103 o conving\u0103 pe mama lor s\u0103 ias\u0103 din groap\u0103 cu m\u00e2ncare.<\/p>\n\n\n\n<p><\/p>\n\n\n\n<p>Frica e puternic\u0103, dar foamea e \u0219i mai puternic\u0103\u2026<\/p>\n\n\n\n<p><br>Dup\u0103 multe ezit\u0103ri din partea mamei c\u0103\u021belu\u0219ei \u0219i mult\u0103 r\u0103bdare din partea oamenilor amabili care \u00eencercau s\u0103 o ajute, aceasta a mu\u0219cat momeala.<\/p>\n\n\n\n<p><\/p>\n\n\n\n<p>La \u00eenceput \u00eencet, apoi mai repede, animalul \u00eenfometat a m\u00e2ncat m\u00e2ncarea cu mai mult\u0103 r\u00e2vn\u0103. Starea ei de spirit p\u0103rea s\u0103 se fi \u00eembun\u0103t\u0103\u021bit odat\u0103 ce m\u00e2ncase bine.<\/p>\n\n\n\n<p><\/p>\n\n\n\n<p>Acum e r\u00e2ndul c\u0103\u021beilor.<\/p>\n\n\n\n<p><\/p>\n\n\n\n<p>\u00cen vremuri disperate, c\u00e2inii pot fi foarte agresivi \u0219i se pot ap\u0103ra cu toat\u0103 puterea, a\u0219a c\u0103 era important ca ea s\u0103 \u00een\u021beleag\u0103 c\u0103 urma\u0219ilor ei nu li se va \u00eent\u00e2mpla nimic r\u0103u.<\/p>\n\n\n\n<p><\/p>\n\n\n\n<p>\u00cen aceast\u0103 situa\u021bie, limbajul corpului a fost un factor cheie.<\/p>\n\n\n\n<p><\/p>\n\n\n\n<p>Dulce ca \u00eentotdeauna<\/p>\n\n\n\n<p>Unul c\u00e2te unul, salvatorii au \u00eendep\u0103rtat cu grij\u0103 bile\u021belele dr\u0103gu\u021be de puf din locul de \u00eenmorm\u00e2ntare improvizat care devenise \u201ecasa\u201d lor. C\u0103\u021beii p\u0103reau s\u0103n\u0103to\u0219i. Dar exist\u0103 boli canine pe care oamenii obi\u0219nui\u021bi abia le pot identifica.<\/p>\n\n\n\n<p>A\u0219a c\u0103 to\u021bi c\u00e2inii au fost du\u0219i la veterinar\u2026<\/p>\n\n\n\n<p>Dac\u0103 c\u00e2inii ar putea z\u00e2mbi\u2026<\/p>\n\n\n\n<p><\/p>\n\n\n\n<p>\u00cen cele din urm\u0103, medicii veterinari au reu\u0219it s\u0103 examineze am\u0103nun\u021bit c\u00e2inii. Ecografii, vaccinuri \u0219i alte teste au fost efectuate pentru a asigura un viitor luminos \u0219i s\u0103n\u0103tos pentru \u00eentreaga familie.<\/p>\n\n\n\n<p>Dup\u0103 ce medicii veterinari i-au declarat oficial pe to\u021bi s\u0103n\u0103to\u0219i, c\u00e2inii erau gata s\u0103 se \u00eentoarc\u0103 la via\u021ba normal\u0103.<br>Aceasta a fost prima dat\u0103 c\u00e2nd au sim\u021bit at\u00e2ta iubire \u00een tot acest timp\u2026<br>E ca \u0219i cum fa\u021ba asta ar spune \u201emul\u021bumesc\u201d. Pentru prima dat\u0103 dup\u0103 mult timp, c\u0103\u021belu\u0219a p\u0103rea fericit\u0103, i-a luat ceva timp s\u0103 poat\u0103 avea \u00eencredere \u00een oameni.<\/p>\n\n\n\n<p>\u0218i acum era preg\u0103tit\u0103 s\u0103 ofere un viitor bun c\u0103\u021beilor ei.<\/p>\n\n\n\n<p>P\u0103rin\u021bii tuturor speciilor \u00ee\u0219i doresc un singur lucru \u2013 s\u0103 asigure un viitor bun urma\u0219ilor lor. \u0218i datorit\u0103 acestor oameni amabili, acest c\u00e2ine poate face asta.<\/p>\n","protected":false},"excerpt":{"rendered":"<p>C\u00e2nd aceast\u0103 fotografie cu un c\u00e2ine st\u00e2nd pe locul de veci al st\u0103p\u00e2nului s\u0103u a devenit viral\u0103 pe internet, toat\u0103 lumea a sim\u021bit durerea. Oameni<\/p>\n","protected":false},"author":1,"featured_media":39187,"comment_status":"closed","ping_status":"closed","sticky":false,"template":"","format":"standard","meta":[],"categories":[1],"tags":[],"_links":{"self":[{"href":"https:\/\/calatorinromania.com\/index.php?rest_route=\/wp\/v2\/posts\/39514"}],"collection":[{"href":"https:\/\/calatorinromania.com\/index.php?rest_route=\/wp\/v2\/posts"}],"about":[{"href":"https:\/\/calatorinromania.com\/index.php?rest_route=\/wp\/v2\/types\/post"}],"author":[{"embeddable":true,"href":"https:\/\/calatorinromania.com\/index.php?rest_route=\/wp\/v2\/users\/1"}],"replies":[{"embeddable":true,"href":"https:\/\/calatorinromania.com\/index.php?rest_route=%2Fwp%2Fv2%2Fcomments&post=39514"}],"version-history":[{"count":1,"href":"https:\/\/calatorinromania.com\/index.php?rest_route=\/wp\/v2\/posts\/39514\/revisions"}],"predecessor-version":[{"id":39515,"href":"https:\/\/calatorinromania.com\/index.php?rest_route=\/wp\/v2\/posts\/39514\/revisions\/39515"}],"wp:featuredmedia":[{"embeddable":true,"href":"https:\/\/calatorinromania.com\/index.php?rest_route=\/wp\/v2\/media\/39187"}],"wp:attachment":[{"href":"https:\/\/calatorinromania.com\/index.php?rest_route=%2Fwp%2Fv2%2Fmedia&parent=39514"}],"wp:term":[{"taxonomy":"category","embeddable":true,"href":"https:\/\/calatorinromania.com\/index.php?rest_route=%2Fwp%2Fv2%2Fcategories&post=39514"},{"taxonomy":"post_tag","embeddable":true,"href":"https:\/\/calatorinromania.com\/index.php?rest_route=%2Fwp%2Fv2%2Ftags&post=39514"}],"curies":[{"name":"wp","href":"https:\/\/api.w.org\/{rel}","templated":true}]}}