{"id":39510,"date":"2025-05-26T05:42:59","date_gmt":"2025-05-26T05:42:59","guid":{"rendered":"https:\/\/calatorinromania.com\/?p=39510"},"modified":"2025-05-26T05:42:59","modified_gmt":"2025-05-26T05:42:59","slug":"mi-am-indreptat-gluga-incercand-sa-mi-ascund-parul","status":"publish","type":"post","link":"https:\/\/calatorinromania.com\/?p=39510","title":{"rendered":"Mi-am \u00eendreptat gluga, \u00eencerc\u00e2nd s\u0103-mi ascund p\u0103rul"},"content":{"rendered":"\n<p>Mi-am \u00eendreptat gluga, \u00eencerc\u00e2nd s\u0103-mi ascund p\u0103rul \u2014 deja foarte rar \u0219i decolorat dup\u0103 \u00eenc\u0103 un curs de chimioterapie. \u00cen metrou era aglomerat \u0219i am reu\u0219it s\u0103 m\u0103 a\u0219ez l\u00e2ng\u0103 u\u0219\u0103. M\u0103 sim\u021beam distrus\u0103, corpul m\u0103 durea, fiecare respira\u021bie \u00eemi venea greu.<\/p>\n\n\n\n<p><\/p>\n\n\n\n<p>L\u00e2ng\u0103 mine s-a oprit o femeie de vreo \u0219aizeci de ani cu un b\u0103ie\u021bel mic, de vreo \u0219ase ani. El \u0219i-a ocupat imediat locul liber, iar femeia, oft\u00e2nd greu, s-a adresat mie:<\/p>\n\n\n\n<p><\/p>\n\n\n\n<p>\u2014 Domni\u0219oar\u0103 t\u00e2n\u0103r\u0103, ceda\u021bi-mi locul, v\u0103 rog. \u00cemi este greu s\u0103 stau \u00een picioare.<\/p>\n\n\n\n<p><\/p>\n\n\n\n<p>Mi-am ridicat pu\u021bin capul, for\u021bele erau pe sf\u00e2r\u0219ite.<\/p>\n\n\n\n<p><\/p>\n\n\n\n<p>\u2014 \u00cemi pare r\u0103u, nu pot, \u2014 am spus \u00eencet, cobor\u00e2nd privirea, \u2014 s\u0103 v\u0103 cedeze nepotul dumneavoastr\u0103.<\/p>\n\n\n\n<p><\/p>\n\n\n\n<p>Ea s-a \u00eencre\u021bit \u0219i \u0219i-a ridicat vocea:<\/p>\n\n\n\n<p><\/p>\n\n\n\n<p>\u2014 Cum s\u0103 nu pute\u021bi? Sunte\u021bi t\u00e2n\u0103r\u0103! Unde v\u0103 este respectul? B\u0103iatul meu este copil, iar dumneavoastr\u0103 \u2014 pur \u0219i simplu ru\u0219inos! Uita\u021bi-v\u0103 cum se comport\u0103!<\/p>\n\n\n\n<p><\/p>\n\n\n\n<p>Oamenii din jur au \u00eenceput s\u0103 fie aten\u021bi, unii au \u00eenceput \u0219i ei s\u0103 morm\u0103ie.<\/p>\n\n\n\n<p><\/p>\n\n\n\n<p>Atunci m-am hot\u0103r\u00e2t s\u0103 fac ceea ce a f\u0103cut-o pe femeie s\u0103 m\u0103 priveasc\u0103 cu groaz\u0103, apoi s\u0103 \u00ee\u0219i cear\u0103 scuze \u0219i s\u0103 coboare chiar \u0219i nu la sta\u021bia ei. Continuarea\u00a0<\/p>\n\n\n\n<p><\/p>\n\n\n\n<p>Am dat \u00eencet gluga \u00eenapoi, dezvelind capul chel, \u0219i cu vocea plin\u0103 de am\u0103r\u0103ciune am spus:<\/p>\n\n\n\n<p><\/p>\n\n\n\n<p>\u2014 Am cancer. Tocmai am trecut prin chimioterapie. De aceea nu pot s\u0103 m\u0103 ridic. Nu cer \u00een\u021belegere, dar rog s\u0103 nu \u021bipa\u021bi la mine.<\/p>\n\n\n\n<p><\/p>\n\n\n\n<p>Femeia a \u00eenghe\u021bat. T\u0103cerea a durat un minut.<\/p>\n\n\n\n<p><\/p>\n\n\n\n<p>Unii oameni s-au uitat la mine altfel \u2014 nu cu condamnare, ci cu mil\u0103 \u0219i, poate, cu respect.<\/p>\n\n\n\n<p><\/p>\n\n\n\n<p>Mi-am pus din nou gluga, \u00eencerc\u00e2nd s\u0103 m\u0103 ascund de privirile str\u0103ine.<\/p>\n\n\n\n<p><\/p>\n\n\n\n<p>\u00cen metrou \u2014 printre fe\u021bele obi\u0219nuite, indiferente \u2014 m\u0103 sim\u021beam \u00een acela\u0219i timp foarte singur\u0103 \u0219i incredibil de puternic\u0103. Spune\u021bi-mi, am procedat corect? Chiar \u00eemi era r\u0103u, dar \u00eei respect pe cei mai \u00een v\u00e2rst\u0103.<\/p>\n\n\n\n<p><\/p>\n\n\n\n<p><strong>Dac\u0103 \u021bi-a pl\u0103cut povestea, nu uita s\u0103 o distribui cu prietenii t\u0103i! \u00cempreun\u0103 putem duce mai departe emo\u021bia \u0219i inspira\u021bia.<\/strong><\/p>\n","protected":false},"excerpt":{"rendered":"<p>Mi-am \u00eendreptat gluga, \u00eencerc\u00e2nd s\u0103-mi ascund p\u0103rul \u2014 deja foarte rar \u0219i decolorat dup\u0103 \u00eenc\u0103 un curs de chimioterapie. \u00cen metrou era aglomerat \u0219i am<\/p>\n","protected":false},"author":1,"featured_media":39187,"comment_status":"closed","ping_status":"closed","sticky":false,"template":"","format":"standard","meta":[],"categories":[1],"tags":[],"_links":{"self":[{"href":"https:\/\/calatorinromania.com\/index.php?rest_route=\/wp\/v2\/posts\/39510"}],"collection":[{"href":"https:\/\/calatorinromania.com\/index.php?rest_route=\/wp\/v2\/posts"}],"about":[{"href":"https:\/\/calatorinromania.com\/index.php?rest_route=\/wp\/v2\/types\/post"}],"author":[{"embeddable":true,"href":"https:\/\/calatorinromania.com\/index.php?rest_route=\/wp\/v2\/users\/1"}],"replies":[{"embeddable":true,"href":"https:\/\/calatorinromania.com\/index.php?rest_route=%2Fwp%2Fv2%2Fcomments&post=39510"}],"version-history":[{"count":1,"href":"https:\/\/calatorinromania.com\/index.php?rest_route=\/wp\/v2\/posts\/39510\/revisions"}],"predecessor-version":[{"id":39511,"href":"https:\/\/calatorinromania.com\/index.php?rest_route=\/wp\/v2\/posts\/39510\/revisions\/39511"}],"wp:featuredmedia":[{"embeddable":true,"href":"https:\/\/calatorinromania.com\/index.php?rest_route=\/wp\/v2\/media\/39187"}],"wp:attachment":[{"href":"https:\/\/calatorinromania.com\/index.php?rest_route=%2Fwp%2Fv2%2Fmedia&parent=39510"}],"wp:term":[{"taxonomy":"category","embeddable":true,"href":"https:\/\/calatorinromania.com\/index.php?rest_route=%2Fwp%2Fv2%2Fcategories&post=39510"},{"taxonomy":"post_tag","embeddable":true,"href":"https:\/\/calatorinromania.com\/index.php?rest_route=%2Fwp%2Fv2%2Ftags&post=39510"}],"curies":[{"name":"wp","href":"https:\/\/api.w.org\/{rel}","templated":true}]}}