{"id":39502,"date":"2025-05-25T06:14:52","date_gmt":"2025-05-25T06:14:52","guid":{"rendered":"https:\/\/calatorinromania.com\/?p=39502"},"modified":"2025-05-25T06:14:53","modified_gmt":"2025-05-25T06:14:53","slug":"era-o-seara-obisnuita-din-timpul-saptamanii","status":"publish","type":"post","link":"https:\/\/calatorinromania.com\/?p=39502","title":{"rendered":"Era o sear\u0103 obi\u0219nuit\u0103 din timpul s\u0103pt\u0103m\u00e2nii"},"content":{"rendered":"\n<h3>DISCLAIMER: Acest site este neutru din punct de vedere politic \u0219i nu sus\u021bine niciun partid sau ideologie politic\u0103.<\/h3>\n\n\n\n<p>Era o sear\u0103 obi\u0219nuit\u0103 din timpul s\u0103pt\u0103m\u00e2nii \u2014 metroul vuia, dormita \u0219i ducea oamenii obosi\u021bi spre cas\u0103, de-a lungul traseului. Eu st\u0103team l\u00e2ng\u0103 fereastr\u0103.<\/p>\n\n\n\n<p>La urm\u0103toarea sta\u021bie, u\u0219ile s-au deschis \u0219i \u00een vagon a intrat un b\u0103iat de vreo zece ani. Ar\u0103ta de parc\u0103 ar fi fugit de la \u0219coal\u0103 \u2014 p\u0103rul ciufulit, pantaloni scur\u021bi \u0219ifona\u021bi, \u0219i \u00een m\u00e2n\u0103 un adida\u0219 ponosit. Dar cel mai important: era descul\u021b. Pe un picior avea doar un ciorap sub\u021bire, \u00een dungi. S-a a\u0219ezat pe un loc liber \u00eentre doi pasageri \u0219i \u00eencerca s\u0103 nu atrag\u0103 aten\u021bia.<\/p>\n\n\n\n<p>Oamenii din jur l-au observat oricum. Unii s-au \u00eentors brusc spre telefonul lor, al\u021bii l-au privit evaluativ \u0219i apoi au p\u0103rut brusc ad\u00e2nci\u021bi \u00een g\u00e2nduri. Dar b\u0103rbatul care st\u0103tea \u00een dreapta b\u0103iatului p\u0103rea diferit. Era \u00eembr\u0103cat \u00een haine de lucru \u2014 blugi p\u0103ta\u021bi cu vopsea, geac\u0103 groas\u0103, bocanci grei. Privirea lui se oprea din c\u00e2nd \u00een c\u00e2nd pe picioarele goale ale b\u0103iatului, apoi pe geanta de la picioarele lui. Se vedea c\u0103 se g\u00e2nde\u0219te la ceva.<\/p>\n\n\n\n<p>Au trecut dou\u0103 sta\u021bii. Apoi \u00eenc\u0103 una. La a patra, s-a aplecat brusc \u00een fa\u021b\u0103, \u0219i-a cur\u0103\u021bat g\u00e2tul \u2014 nu tare, dar suficient \u00eenc\u00e2t to\u021bi s\u0103 tresar\u0103 \u2014 \u0219i a spus ceva care i-a \u0219ocat pe to\u021bi:<\/p>\n\n\n\n<p><strong>\u201eAscult\u0103. Tocmai am cump\u0103rat ni\u0219te adida\u0219i pentru fiul meu. Dar cred c\u0103 se va descurca. Mai are o pereche, \u00eenc\u0103 bun\u0103. Iar tu, se pare, ai mai mare nevoie.\u201d<\/strong><\/p>\n\n\n\n<p>Din geant\u0103 a scos o cutie. A deschis capacul. \u00cen\u0103untru \u2014 adida\u0219i alba\u0219tri, noi, cu etichetele \u00eenc\u0103 pe ei.<\/p>\n\n\n\n<p>B\u0103iatul privea de parc\u0103 nu \u00een\u021belegea. Mai \u00eent\u00e2i \u00eenc\u0103l\u021b\u0103mintea. Apoi b\u0103rbatul. Apoi din nou \u00eenc\u0103l\u021b\u0103mintea. I-a luat, i-a \u00eencercat cu grij\u0103\u2026 \u0219i i s-au potrivit perfect.<\/p>\n\n\n\n<p>A ridicat capul, o z\u00e2mbet st\u00e2njenit i-a ap\u0103rut pe buze. A spus aproape \u00een \u0219oapt\u0103:<\/p>\n\n\n\n<p><strong>\u201eMul\u021bumesc.\u201d<\/strong><\/p>\n\n\n\n<p>B\u0103rbatul a ridicat din umeri, ca \u0219i cum totul era ceva nesemnificativ:<\/p>\n\n\n\n<p><strong>\u201eDoar d\u0103 mai departe. C\u00e2nd vei putea.\u201d<\/strong><\/p>\n\n\n\n<p>B\u0103iatul a cobor\u00e2t la urm\u0103toarea sta\u021bie. Nu mai era g\u00e2rbovit. Avea adida\u0219i noi \u2014 \u0219i ceva \u00een plus, ceva ce nu se vede, dar care \u00eenc\u0103lze\u0219te mai tare dec\u00e2t orice \u00eenc\u0103l\u021b\u0103minte:\u00a0<strong>\u00eencrederea \u00een oameni.<\/strong> <\/p>\n","protected":false},"excerpt":{"rendered":"<p>DISCLAIMER: Acest site este neutru din punct de vedere politic \u0219i nu sus\u021bine niciun partid sau ideologie politic\u0103. Era o sear\u0103 obi\u0219nuit\u0103 din timpul s\u0103pt\u0103m\u00e2nii<\/p>\n","protected":false},"author":1,"featured_media":39187,"comment_status":"closed","ping_status":"closed","sticky":false,"template":"","format":"standard","meta":[],"categories":[1],"tags":[],"_links":{"self":[{"href":"https:\/\/calatorinromania.com\/index.php?rest_route=\/wp\/v2\/posts\/39502"}],"collection":[{"href":"https:\/\/calatorinromania.com\/index.php?rest_route=\/wp\/v2\/posts"}],"about":[{"href":"https:\/\/calatorinromania.com\/index.php?rest_route=\/wp\/v2\/types\/post"}],"author":[{"embeddable":true,"href":"https:\/\/calatorinromania.com\/index.php?rest_route=\/wp\/v2\/users\/1"}],"replies":[{"embeddable":true,"href":"https:\/\/calatorinromania.com\/index.php?rest_route=%2Fwp%2Fv2%2Fcomments&post=39502"}],"version-history":[{"count":1,"href":"https:\/\/calatorinromania.com\/index.php?rest_route=\/wp\/v2\/posts\/39502\/revisions"}],"predecessor-version":[{"id":39503,"href":"https:\/\/calatorinromania.com\/index.php?rest_route=\/wp\/v2\/posts\/39502\/revisions\/39503"}],"wp:featuredmedia":[{"embeddable":true,"href":"https:\/\/calatorinromania.com\/index.php?rest_route=\/wp\/v2\/media\/39187"}],"wp:attachment":[{"href":"https:\/\/calatorinromania.com\/index.php?rest_route=%2Fwp%2Fv2%2Fmedia&parent=39502"}],"wp:term":[{"taxonomy":"category","embeddable":true,"href":"https:\/\/calatorinromania.com\/index.php?rest_route=%2Fwp%2Fv2%2Fcategories&post=39502"},{"taxonomy":"post_tag","embeddable":true,"href":"https:\/\/calatorinromania.com\/index.php?rest_route=%2Fwp%2Fv2%2Ftags&post=39502"}],"curies":[{"name":"wp","href":"https:\/\/api.w.org\/{rel}","templated":true}]}}