{"id":39491,"date":"2025-05-25T05:46:12","date_gmt":"2025-05-25T05:46:12","guid":{"rendered":"https:\/\/calatorinromania.com\/?p=39491"},"modified":"2025-05-25T05:46:12","modified_gmt":"2025-05-25T05:46:12","slug":"parintii-ei-au-luat-o-decizie-indrazneata-si-totul-s-a-schimbat","status":"publish","type":"post","link":"https:\/\/calatorinromania.com\/?p=39491","title":{"rendered":"P\u0103rin\u021bii ei au luat o decizie \u00eendr\u0103znea\u021b\u0103 \u0219i totul s-a schimbat"},"content":{"rendered":"\n<p>Hot\u0103r\u00e2rea unei mame de a aborda pata de na\u0219tere rar\u0103 a fiicei sale, \u00een ciuda rezisten\u021bei ini\u021biale din partea profesioni\u0219tilor din domeniul medical, eviden\u021biaz\u0103 complexitatea rolului de ap\u0103r\u0103tor parental \u00een sfera s\u0103n\u0103t\u0103\u021bii. Fiica lui Celine Casey, Viviana \u0218tefan, s-a n\u0103scut cu un nev melanocitar congenital (NMC), o pat\u0103 de na\u0219tere care apare la doar unul din 20.000 de nou-n\u0103scu\u021bi, localizat\u0103 vizibil pe frunte. \u00cengrijorat\u0103 de impactul social \u0219i emo\u021bional pe m\u0103sur\u0103 ce Viviana avea s\u0103 creasc\u0103, Celine a fost ferm\u0103 \u00een dorin\u021ba de a o \u00eendep\u0103rta, motivat\u0103 de nevoia de a preveni ca fiica ei s\u0103 se simt\u0103 diferit\u0103 \u0219i, eventual, s\u0103 le repro\u0219eze c\u0103 nu au ac\u021bionat la timp.<\/p>\n\n\n\n<figure class=\"wp-block-image\"><img decoding=\"async\" src=\"https:\/\/filosofiya-jizni.fun\/wp-content\/uploads\/2025\/05\/Screenshot_2081.jpg\" alt=\"\"\/><\/figure>\n\n\n\n<p>C\u00e2nd au solicitat interven\u021bie medical\u0103 prin sistemul public britanic (NHS), familia a fost dezam\u0103git\u0103, deoarece medicii au considerat c\u0103 \u00eendep\u0103rtarea petei este un demers estetic \u0219i au refuzat procedura. Aceast\u0103 pozi\u021bie a contrastat puternic cu temerile autentice ale p\u0103rin\u021bilor privind posibilul bullying \u0219i starea emo\u021bional\u0103 viitoare a fiicei lor. Neclintit\u0103, Celine, al\u0103turi de tat\u0103l Vivianei, Daniel B\u0103lan, a decis s\u0103 str\u00e2ng\u0103 fondurile necesare \u00een mod privat. Efortul lor de crowdfunding a fost un succes r\u0103sun\u0103tor: au str\u00e2ns 52.000 de dolari \u00een doar 24 de ore, ating\u00e2nd \u00een cele din urm\u0103 obiectivul extins de 79.000 de dolari pentru a acoperi costurile spitalice\u0219ti.<\/p>\n\n\n\n<figure class=\"wp-block-image\"><img decoding=\"async\" src=\"https:\/\/filosofiya-jizni.fun\/wp-content\/uploads\/2025\/05\/Screenshot_2077.jpg\" alt=\"\"\/><\/figure>\n\n\n\n<p>Abordarea proactiv\u0103 a p\u0103rin\u021bilor a generat \u0219i mai multe ne\u00een\u021belegeri cu echipa medical\u0103. \u00cen timp ce Celine \u0219i Daniel solicitau interven\u021bia chirurgical\u0103, chirurgul consultat ini\u021bial a refuzat s\u0103 o efectueze, sus\u021bin\u00e2nd c\u0103 Viviana ar trebui s\u0103 ia singur\u0103 o astfel de decizie c\u00e2nd va fi mai mare. Un dermatolog a fost de acord, argument\u00e2nd c\u0103 pata nu reprezenta un risc pentru s\u0103n\u0103tate \u0219i nu era canceroas\u0103. \u00cen ciuda acestui punct de vedere medical, p\u0103rin\u021bii au mers mai departe, acord\u00e2nd prioritate integr\u0103rii sociale \u0219i s\u0103n\u0103t\u0103\u021bii emo\u021bionale a Vivianei, \u00een detrimentul principiului autonomiei viitoare.<\/p>\n\n\n\n<figure class=\"wp-block-image\"><img decoding=\"async\" src=\"https:\/\/filosofiya-jizni.fun\/wp-content\/uploads\/2025\/05\/Screenshot_2076.jpg\" alt=\"\"\/><\/figure>\n\n\n\n<p>\u00cen cele din urm\u0103, Viviana a fost operat\u0103 la v\u00e2rsta de doi ani, iar pata i-a fost \u00eendep\u0103rtat\u0103 cu succes, r\u0103m\u00e2n\u00e2nd doar o cicatrice fin\u0103. Mama ei, Celine, a \u00eemp\u0103rt\u0103\u0219it \u00een mod regulat actualiz\u0103ri despre recuperarea feti\u021bei pe re\u021belele sociale, unde numero\u0219i urm\u0103ritori au l\u0103udat frumuse\u021bea micu\u021bei. De\u0219i pata a fost \u00eendep\u0103rtat\u0103, familia continu\u0103 s\u0103 c\u0103l\u0103toreasc\u0103 la controalele periodice pentru a monitoriza vindecarea \u0219i a stabili dac\u0103 sunt necesare proceduri suplimentare. \u00cen prezent, Viviana se bucur\u0103 de o copil\u0103rie normal\u0103, ca orice alt copil de v\u00e2rsta ei.<\/p>\n\n\n\n<figure class=\"wp-block-image\"><img decoding=\"async\" src=\"https:\/\/filosofiya-jizni.fun\/wp-content\/uploads\/2025\/05\/Screenshot_2080.jpg\" alt=\"\"\/><\/figure>\n\n\n\n<p>Aceast\u0103 poveste scoate \u00een eviden\u021b\u0103 echilibrul fragil dintre dorin\u021ba p\u0103rin\u021bilor de a ap\u0103ra binele copilului \u0219i accentul pus de medici pe autonomia viitoare a acestuia \u00een deciziile medicale. \u00cen timp ce p\u0103rin\u021bii Vivianei au fost motiva\u021bi de dorin\u021ba de a-i asigura acceptarea social\u0103 \u0219i echilibrul emo\u021bional, echipa medical\u0103 a subliniat importan\u021ba respect\u0103rii dreptului ei viitor de a decide asupra propriului corp. \u00cendep\u0103rtarea cu succes a petei de na\u0219tere reprezint\u0103 rodul eforturilor hot\u0103r\u00e2te ale p\u0103rin\u021bilor, \u00eens\u0103 divergen\u021bele de opinii eviden\u021biaz\u0103 complexitatea dilemelor etice \u00een astfel de situa\u021bii.<\/p>\n\n\n\n<p><strong>Dac\u0103 \u021bi-a pl\u0103cut povestea, nu uita s\u0103 o distribui cu prietenii t\u0103i! \u00cempreun\u0103 putem duce mai departe emo\u021bia \u0219i inspira\u021bia.<\/strong><\/p>\n","protected":false},"excerpt":{"rendered":"<p>Hot\u0103r\u00e2rea unei mame de a aborda pata de na\u0219tere rar\u0103 a fiicei sale, \u00een ciuda rezisten\u021bei ini\u021biale din partea profesioni\u0219tilor din domeniul medical, eviden\u021biaz\u0103 complexitatea<\/p>\n","protected":false},"author":1,"featured_media":39187,"comment_status":"closed","ping_status":"closed","sticky":false,"template":"","format":"standard","meta":[],"categories":[1],"tags":[],"_links":{"self":[{"href":"https:\/\/calatorinromania.com\/index.php?rest_route=\/wp\/v2\/posts\/39491"}],"collection":[{"href":"https:\/\/calatorinromania.com\/index.php?rest_route=\/wp\/v2\/posts"}],"about":[{"href":"https:\/\/calatorinromania.com\/index.php?rest_route=\/wp\/v2\/types\/post"}],"author":[{"embeddable":true,"href":"https:\/\/calatorinromania.com\/index.php?rest_route=\/wp\/v2\/users\/1"}],"replies":[{"embeddable":true,"href":"https:\/\/calatorinromania.com\/index.php?rest_route=%2Fwp%2Fv2%2Fcomments&post=39491"}],"version-history":[{"count":1,"href":"https:\/\/calatorinromania.com\/index.php?rest_route=\/wp\/v2\/posts\/39491\/revisions"}],"predecessor-version":[{"id":39492,"href":"https:\/\/calatorinromania.com\/index.php?rest_route=\/wp\/v2\/posts\/39491\/revisions\/39492"}],"wp:featuredmedia":[{"embeddable":true,"href":"https:\/\/calatorinromania.com\/index.php?rest_route=\/wp\/v2\/media\/39187"}],"wp:attachment":[{"href":"https:\/\/calatorinromania.com\/index.php?rest_route=%2Fwp%2Fv2%2Fmedia&parent=39491"}],"wp:term":[{"taxonomy":"category","embeddable":true,"href":"https:\/\/calatorinromania.com\/index.php?rest_route=%2Fwp%2Fv2%2Fcategories&post=39491"},{"taxonomy":"post_tag","embeddable":true,"href":"https:\/\/calatorinromania.com\/index.php?rest_route=%2Fwp%2Fv2%2Ftags&post=39491"}],"curies":[{"name":"wp","href":"https:\/\/api.w.org\/{rel}","templated":true}]}}