{"id":39484,"date":"2025-05-24T07:25:37","date_gmt":"2025-05-24T07:25:37","guid":{"rendered":"https:\/\/calatorinromania.com\/?p=39484"},"modified":"2025-05-24T07:25:38","modified_gmt":"2025-05-24T07:25:38","slug":"%f0%9f%8c%bf-chimenul-negru-remediul-din-biblie-si-coran-folosit-de-peste-3000-de-ani","status":"publish","type":"post","link":"https:\/\/calatorinromania.com\/?p=39484","title":{"rendered":"\ud83c\udf3f <em>Chimenul Negru<\/em> \u2013 Remediul din Biblie \u0219i Coran, folosit de peste 3000 de ani!"},"content":{"rendered":"\n<h3><\/h3>\n\n\n\n<p>\u0218tiai c\u0103 semin\u021bele de <strong>chimen negru<\/strong> sunt men\u021bionate at\u00e2t \u00een <strong>Biblie<\/strong> (Cartea lui Isaia), c\u00e2t \u0219i \u00een <strong>Coran<\/strong>? \u00cen limba arab\u0103, sunt numite <em>&#8222;semin\u021bele binef\u0103c\u0103toare&#8221;<\/em> \u0219i nu degeaba!<\/p>\n\n\n\n<p><\/p>\n\n\n\n<p>\ud83d\udcd6 Profetul Mohammed spunea:<\/p>\n\n\n\n<p><\/p>\n\n\n\n<blockquote class=\"wp-block-quote\">\n<p>&#8222;<strong>\u00cen samanta de chimen negru este vindecare pentru orice boal\u0103, cu excep\u021bia mor\u021bii.<\/strong>&#8222;<\/p>\n\n\n\n<p><\/p>\n<\/blockquote>\n\n\n\n<h2>\u2705 Ce este chimenul negru?<\/h2>\n\n\n\n<p><\/p>\n\n\n\n<p>Chimenul negru \u2013 cunoscut \u0219i ca <strong>negru\u0219c\u0103<\/strong> sau <strong>negrilic\u0103<\/strong> \u2013 este folosit de mii de ani \u00een medicina tradi\u021bional\u0103 pentru <strong>prevenirea \u0219i tratarea bolilor<\/strong>. Ast\u0103zi, \u0219tiin\u021ba confirm\u0103 multe dintre beneficiile sale!<\/p>\n\n\n\n<p><\/p>\n\n\n\n<h2>\ud83c\udf3f <strong>Chimenul Negru<\/strong> \u2013 7 beneficii uimitoare pentru s\u0103n\u0103tatea ta<\/h2>\n\n\n\n<p><\/p>\n\n\n\n<h3>1. \ud83d\udee1\ufe0f <strong>Combate tumorile canceroase<\/strong><\/h3>\n\n\n\n<ul>\n<li>Con\u021bine <strong>timochinon\u0103<\/strong>, o substan\u021b\u0103 activ\u0103 care ajut\u0103 la <strong>inhibarea celulelor canceroase<\/strong>.<\/li>\n\n\n\n<li>O alternativ\u0103 <strong>natural\u0103 \u0219i bl\u00e2nd\u0103<\/strong>, f\u0103r\u0103 efecte adverse ca cele ale chimioterapiei.<\/li>\n<\/ul>\n\n\n\n<p><\/p>\n\n\n\n<h3>2. \ud83c\udf6c <strong>Regleaz\u0103 glicemia (Diabet tip 2)<\/strong><\/h3>\n\n\n\n<ul>\n<li>Scade nivelul zah\u0103rului din s\u00e2nge<\/li>\n\n\n\n<li>Reduce rezisten\u021ba la insulin\u0103<\/li>\n\n\n\n<li>Scade hemoglobina glicat\u0103<\/li>\n<\/ul>\n\n\n\n<p>\ud83d\udccc <em>Remediu<\/em>:<br>Amestec\u0103 <strong>\u00bd linguri\u021b\u0103 ulei de chimen<\/strong> \u00eentr-o cea\u0219c\u0103 de ceai negru \u2013 <strong>diminea\u021ba<\/strong> \u0219i <strong>seara<\/strong>.<\/p>\n\n\n\n<p><\/p>\n\n\n\n<p><\/p>\n\n\n\n<h3>3. \ud83e\udd15 <strong>Calmeaz\u0103 durerile articulare \u0219i de spate<\/strong><\/h3>\n\n\n\n<ul>\n<li>Eficient pentru <strong>genunchi<\/strong>, <strong>\u0219olduri<\/strong> \u0219i <strong>coloan\u0103<\/strong>.<\/li>\n<\/ul>\n\n\n\n<p>\ud83d\udccc <em>Remediu<\/em>:<br>\u27a1\ufe0f \u00bd linguri\u021b\u0103 ulei de chimen<br>\u27a1\ufe0f 2 linguri miere<br>\u27a1\ufe0f 1 linguri\u021b\u0103 o\u021bet<br>\ud83d\udc49 Consum\u0103 diminea\u021ba, \u00eenainte de mas\u0103.<\/p>\n\n\n\n<p><\/p>\n\n\n\n<p><\/p>\n\n\n\n<h3>4. \ud83d\udc87\u200d\u2640\ufe0f <strong>Reduce c\u0103derea p\u0103rului<\/strong><\/h3>\n\n\n\n<ul>\n<li>Hr\u0103ne\u0219te scalpul<\/li>\n\n\n\n<li>\u00cent\u0103re\u0219te firul de p\u0103r<\/li>\n<\/ul>\n\n\n\n<p>\ud83d\udccc <em>Re\u021bet\u0103<\/em>:<br>\u27a1\ufe0f 20g ulei de chimen<br>\u27a1\ufe0f 20g praf Mehandi<br>\u27a1\ufe0f 60g ulei (cocos sau m\u0103sline)<br>\ud83d\udc49 Aplic\u0103 pe scalp, las\u0103 1 or\u0103, apoi spal\u0103.<\/p>\n\n\n\n<p><\/p>\n\n\n\n<p><\/p>\n\n\n\n<h3>5. \ud83d\ude24 <strong>Amelioreaz\u0103 simptomele astmului \u0219i alergiilor<\/strong><\/h3>\n\n\n\n<ul>\n<li>Ajut\u0103 la <strong>desfundarea c\u0103ilor respiratorii<\/strong><\/li>\n\n\n\n<li>Calmeaz\u0103 <strong>tusea \u0219i wheezing-ul<\/strong><\/li>\n\n\n\n<li>Reduce <strong>inflama\u021bia bronhiilor<\/strong><\/li>\n<\/ul>\n\n\n\n<p>\ud83d\udccc <em>Recomandare<\/em>: Inhalarea aburilor cu c\u00e2teva pic\u0103turi de ulei de chimen negru poate oferi un efect calmant imediat.<\/p>\n\n\n\n<p><\/p>\n\n\n\n<p><\/p>\n\n\n\n<h3>6. \ud83e\udda0 <strong>\u00cent\u0103re\u0219te sistemul imunitar<\/strong><\/h3>\n\n\n\n<ul>\n<li>Stimuleaz\u0103 produc\u021bia de <strong>celule imune<\/strong><\/li>\n\n\n\n<li>Ajut\u0103 organismul s\u0103 lupte cu <strong>infec\u021biile bacteriene \u0219i virale<\/strong><\/li>\n<\/ul>\n\n\n\n<p>\ud83d\udccc <em>Truc simplu<\/em>: Adaug\u0103 ulei de chimen \u00een miere \u0219i consum\u0103 o linguri\u021b\u0103 diminea\u021ba.<\/p>\n\n\n\n<p><\/p>\n\n\n\n<p><\/p>\n\n\n\n<h3>7. \ud83e\udde0 <strong>\u00cembun\u0103t\u0103\u021be\u0219te memoria \u0219i concentrarea<\/strong><\/h3>\n\n\n\n<ul>\n<li>Ajut\u0103 \u00een combaterea <strong>oboselii mentale<\/strong><\/li>\n\n\n\n<li>Poate fi util \u00een prevenirea <strong>declinului cognitiv<\/strong> la v\u00e2rstnici<\/li>\n<\/ul>\n\n\n\n<p>\ud83d\udccc <em>Remediu simplu<\/em>: Un v\u00e2rf de cu\u021bit de chimen m\u0103cinat + miere diminea\u021ba = mintea limpede!<\/p>\n\n\n\n<h2>\ud83c\udf6f Pont Bonus:<\/h2>\n\n\n\n<p>Combinat cu <strong>miere<\/strong>, chimenul negru devine \u0219i mai eficient! Include-l zilnic \u00een alimenta\u021bia ta pentru o <strong>s\u0103n\u0103tate de fier<\/strong>!<\/p>\n","protected":false},"excerpt":{"rendered":"<p>\u0218tiai c\u0103 semin\u021bele de chimen negru sunt men\u021bionate at\u00e2t \u00een Biblie (Cartea lui Isaia), c\u00e2t \u0219i \u00een Coran? \u00cen limba arab\u0103, sunt numite &#8222;semin\u021bele binef\u0103c\u0103toare&#8221;<\/p>\n","protected":false},"author":1,"featured_media":39485,"comment_status":"closed","ping_status":"closed","sticky":false,"template":"","format":"standard","meta":[],"categories":[1],"tags":[],"_links":{"self":[{"href":"https:\/\/calatorinromania.com\/index.php?rest_route=\/wp\/v2\/posts\/39484"}],"collection":[{"href":"https:\/\/calatorinromania.com\/index.php?rest_route=\/wp\/v2\/posts"}],"about":[{"href":"https:\/\/calatorinromania.com\/index.php?rest_route=\/wp\/v2\/types\/post"}],"author":[{"embeddable":true,"href":"https:\/\/calatorinromania.com\/index.php?rest_route=\/wp\/v2\/users\/1"}],"replies":[{"embeddable":true,"href":"https:\/\/calatorinromania.com\/index.php?rest_route=%2Fwp%2Fv2%2Fcomments&post=39484"}],"version-history":[{"count":1,"href":"https:\/\/calatorinromania.com\/index.php?rest_route=\/wp\/v2\/posts\/39484\/revisions"}],"predecessor-version":[{"id":39486,"href":"https:\/\/calatorinromania.com\/index.php?rest_route=\/wp\/v2\/posts\/39484\/revisions\/39486"}],"wp:featuredmedia":[{"embeddable":true,"href":"https:\/\/calatorinromania.com\/index.php?rest_route=\/wp\/v2\/media\/39485"}],"wp:attachment":[{"href":"https:\/\/calatorinromania.com\/index.php?rest_route=%2Fwp%2Fv2%2Fmedia&parent=39484"}],"wp:term":[{"taxonomy":"category","embeddable":true,"href":"https:\/\/calatorinromania.com\/index.php?rest_route=%2Fwp%2Fv2%2Fcategories&post=39484"},{"taxonomy":"post_tag","embeddable":true,"href":"https:\/\/calatorinromania.com\/index.php?rest_route=%2Fwp%2Fv2%2Ftags&post=39484"}],"curies":[{"name":"wp","href":"https:\/\/api.w.org\/{rel}","templated":true}]}}