{"id":39471,"date":"2025-05-24T06:58:19","date_gmt":"2025-05-24T06:58:19","guid":{"rendered":"https:\/\/calatorinromania.com\/?p=39471"},"modified":"2025-05-24T06:58:20","modified_gmt":"2025-05-24T06:58:20","slug":"politistul-condamnat-pe-nedrept-implora-sa-si-vada-cainele-k9-o-ultima-data","status":"publish","type":"post","link":"https:\/\/calatorinromania.com\/?p=39471","title":{"rendered":"POLI\u021aISTUL CONDAMNAT PE NEDREPT IMPLOR\u0102 S\u0102-\u0218I VAD\u0102 C\u00c2INELE K9 O ULTIM\u0102 DAT\u0102"},"content":{"rendered":"\n<p>Mihai Carter \u0219i-a dedicat via\u021ba for\u021belor de ordine, servind ca ofi\u021ber mai bine de cincisprezece ani.<\/p>\n\n\n\n<p>Dar dintr-o dat\u0103, \u00eenc\u0103tu\u0219at \u00eentr-o sal\u0103 de judecat\u0103, lumea lui se pr\u0103bu\u0219ise. Ciocanul judec\u0103torului a r\u0103sunat prin camer\u0103 cu finalitate zdrobitoare: \u201eVinovat.\u201d Mihai s-a sim\u021bit amor\u021bit. \u0218tia c\u0103 fusese \u00eenscenat\u0103 treaba, cu dovezi plantate pentru a-i ruina via\u021ba. Cea mai grea durere, totu\u0219i, nu venea din verdictul dat, ci din realitatea c\u0103 va trebui s\u0103-l lase pe Luca, partenerul s\u0103u devotat K9, \u00een urm\u0103.<\/p>\n\n\n\n<p>Luca, un ciob\u0103nesc german fidel, fusese prietenul lui Mihai \u00een numeroase misiuni riscante. Pe m\u0103sur\u0103 ce Mihai se uita la podea cu triste\u021be, Luca observa atent din spatele s\u0103lii de judecat\u0103, sim\u021bind c\u0103 ceva era foarte gre\u0219it. \u00cen timp ce judec\u0103torul se preg\u0103tea s\u0103 plece, Mihai a adunat curajul s\u0103 vorbeasc\u0103.<\/p>\n\n\n\n<p>\u201eOnorat\u0103 instan\u021b\u0103, v\u0103 rog\u201d, vocea lui tremur\u0103toare a \u00eentrerupt t\u0103cerea sumbr\u0103. \u201e\u00cenainte s\u0103 fiu dus, pot s\u0103 am un ultim moment cu Luca?\u201d<\/p>\n\n\n\n<p>Judec\u0103torul a ezitat, vizibil emo\u021bionat, \u0219i a dat din cap \u00eencet. \u201eTrei minute.\u201d<\/p>\n\n\n\n<p>Luca s-a repezit spre Mihai, labele lui trop\u0103ind rapid pe podeaua de marmur\u0103. Mihai a \u00eengenuncheat, aduc\u00e2ndu-\u0219i credinciosul companion \u00eentr-o \u00eembr\u0103\u021bi\u0219are str\u00e2ns\u0103 \u00een timp ce lacrimile \u00eei curgeau pe fa\u021b\u0103. \u201e\u00cemi pare foarte r\u0103u, prietene. Te-am dezam\u0103git.\u201d Luca a gemat \u00eencet \u0219i s-a lipit mai aproape.<\/p>\n\n\n\n<p>Apoi Luca s-a \u00eencordat. A \u00eenceput s\u0103-i miroas\u0103 jacheta lui Mihai, l\u0103tr\u00e2nd insistent \u0219i tr\u0103g\u00e2nd de material. Sala de judecat\u0103 a murmurat cu incertitudine.<\/p>\n\n\n\n<p>\u201eCe se \u00eent\u00e2mpl\u0103?\u201d a \u00eentrebat judec\u0103torul aspru.<\/p>\n\n\n\n<p>Un poli\u021bist s-a apropiat \u00eencet, examin\u00e2nd jacheta lui Mihai. Un obiect mic, metalic a c\u0103zut pe podea\u2014un dispozitiv de \u00eenregistrare. Fa\u021ba procurorului a devenit palid\u0103 \u00een timp ce a r\u0103spuns rapid: \u201eAsta nu dovede\u0219te nimic!\u201d<\/p>\n\n\n\n<p>Ignor\u00e2ndu-l, judec\u0103torul i-a spus poli\u021bistului s\u0103-l \u201eredea.\u201d<\/p>\n\n\n\n<p>O t\u0103cere nervoas\u0103 s-a l\u0103sat peste camer\u0103 \u00een timp ce interferen\u021bele trosneau din micul \u00eenregistrator. Apoi, clar, o voce r\u0103gu\u0219it\u0103 a spus: \u201eDoar planteaz\u0103 dovezile. Dosarul imaculat al lui Carter \u00eel face \u021binta perfect\u0103. Termin\u0103 treaba.\u201d<\/p>\n\n\n\n<p>Inima lui Mihai b\u0103tu cu putere. Recuno\u0219tea vocea aceea\u2014c\u0103pitanul Radu H\u0103r\u021buial\u0103, propriul s\u0103u supervizor, mentor \u0219i presupus aliat.<\/p>\n\n\n\n<p>\u201eAjunge!\u201d a strigat procurorul, dar judec\u0103torul a intervenit ferm, ordon\u00e2nd ca Mihai s\u0103 fie dus \u00eenapoi \u00een deten\u021bie \u0219i c\u0103pitanul H\u0103r\u021buial\u0103 s\u0103 fie adus pentru interogatoriu.<\/p>\n\n\n\n<p>Totul s-a schimbat dintr-o dat\u0103. Sarah Mihaela, o coleg\u0103 ofi\u021ber \u0219i prieten\u0103, s-a oferit voluntar s\u0103 aib\u0103 grij\u0103 de Luca. A sim\u021bit imediat nelini\u0219tea lui Luca \u0219i a recunoscut c\u0103 \u00eencerca s\u0103 spun\u0103 ceva mai mult. Sarah a avut \u00eencredere \u00een instinctele lui Luca \u0219i l-a l\u0103sat s\u0103 o conduc\u0103 prin sec\u021bie, \u00een cele din urm\u0103 ajung\u00e2nd la dulapul lui Mihai. \u00cen interior, ascunse sub uniforme, au descoperit imagini \u0219i documenta\u021bie care \u00eel legau pe c\u0103pitanul H\u0103r\u021buial\u0103 de mit\u0103 \u0219i activitate criminal\u0103.<\/p>\n\n\n\n<p>Sarah a adus prompt informa\u021biile la judec\u0103tor, care a realizat amploarea corup\u021biei din sec\u021bia lui. Era mai mult dec\u00e2t doar Mihai; era o conspira\u021bie complex\u0103 care implica mai mul\u021bi ofi\u021beri de rang \u00eenalt.<\/p>\n\n\n\n<p>Mihai a fost eliberat rapid, achitat de toate acuza\u021biile, dar b\u0103t\u0103lia abia \u00eencepuse. Sarah, Mihai \u0219i Luca au devenit \u021binte pe m\u0103sur\u0103 ce conspia\u021bia se dezv\u0103luia.<\/p>\n\n\n\n<p>\u00centr-o noapte t\u00e2rziu, \u00een timp ce studiau metodic dovezile, luminile s-au stins brusc. Luca a s\u00e2s\u00e2it, blana zb\u00e2rlindu-i-se. Locul a degenerat \u00een haos c\u00e2nd intru\u0219ii au n\u0103v\u0103lit, cu armele la vedere. Luca a atacat f\u0103r\u0103 ezitare, dob\u00e2r\u00e2nd unul dintre atacatori \u00een timp ce Mihai \u0219i Sarah s-au luptat feroce. Atacatorii au folosit gaze lacrimogene, for\u021b\u00e2ndu-i pe Mihai \u0219i Sarah s\u0103 fug\u0103 prin ie\u0219irea din spate, cu Luca urm\u00e2ndu-i \u00eendeaproape.<\/p>\n\n\n\n<p>Au c\u0103utat refugiu \u00eentr-o caban\u0103 izolat\u0103, trec\u00e2nd prin documentele care puteau dezv\u0103lui \u00eentreaga conspira\u021bie. Totu\u0219i, conspiratorii i-au urm\u0103rit din nou rapid. Atacatorii au asaltat refugiul lor, sp\u0103rg\u00e2nd ferestrele cu focuri de arm\u0103. Mihai \u0219i Luca \u0219i-au ap\u0103rat agresiv pozi\u021bia, \u00een timp ce Sarah a protejat dovezile. Dup\u0103 o lupt\u0103 extenuant\u0103, a sosit \u00eent\u0103rirea, \u0219i invadatorii au fost \u00eenvin\u0219i.<\/p>\n\n\n\n<p>C\u00e2teva zile mai t\u00e2rziu, \u00eentreaga afacere a explodat \u00een titlurile mass-media. O re\u021bea larg\u0103 de corup\u021bie care \u00eel implica pe c\u0103pitanul H\u0103r\u021buial\u0103 \u0219i mai multe persoane influente a fost dobor\u00e2t\u0103 datorit\u0103 curajului lui Mihai \u0219i Sarah, precum \u0219i instinctelor neclintite ale lui Luca. Misteriosul cap al conspira\u021biei, cunoscut doar ca AR, s-a dovedit a fi un politician local faimos care folosea for\u021bele de poli\u021bie pentru a-\u0219i urm\u0103ri propria agend\u0103 criminal\u0103.<\/p>\n\n\n\n<p>Mihai a fost public scutit de vin\u0103 \u0219i aclamat ca erou. Totu\u0219i, laudele au p\u0103lit \u00een compara\u021bie cu mul\u021bumirile lui sincere pentru Luca, a c\u0103rui loialitate neclintit\u0103 \u00eel salvase de nenum\u0103rate ori. Mihai s-a sim\u021bit \u00een pace \u00een timp ce se uita la Luca gonind vesel dup\u0103 o minge prin curtea lor.<\/p>\n\n\n\n<p>\u201eM-ai salvat, prietene\u201d, a \u0219optit Mihai, m\u00e2ng\u00e2indu-l cu afec\u021biune pe Luca \u00een spatele urechilor. \u201eAceast\u0103 victorie este la fel de mult a ta ca \u0219i a mea.\u201d<\/p>\n\n\n\n<p>Luca \u0219i-a leg\u0103nat coada, ochii lui lumino\u0219i exprim\u00e2nd \u00een\u021belegere. Mihai \u0219i-a dat seama c\u0103 aceast\u0103 lupt\u0103 nu fusese niciodat\u0103 doar despre cur\u0103\u021barea numelui s\u0103u\u2014fusese o b\u0103t\u0103lie pentru integritate, dreptate \u0219i demnitatea fiec\u0103rui ofi\u021ber onest.<\/p>\n\n\n\n<p>Pe m\u0103sur\u0103 ce soarele apunea, arunc\u00e2nd lumin\u0103 aurie pe orizont, Mihai \u0219tia c\u0103 \u00ee\u0219i c\u00e2\u0219tigaser\u0103 acest moment lini\u0219tit. Prin curaj, perseveren\u021b\u0103 \u0219i leg\u0103tura neclintit\u0103 dintre om \u0219i c\u00e2ine, se confruntaser\u0103 cu nedreptatea fa\u021b\u0103 \u00een fa\u021b\u0103 \u0219i ie\u0219iser\u0103 mai puternici ca niciodat\u0103.<\/p>\n\n\n\n<p>C\u0103l\u0103toria lor \u00eei \u00eenv\u0103\u021base pe to\u021bi cei implica\u021bi un adev\u0103r profund: c\u0103 chiar \u0219i \u00een timpurile cele<\/p>\n\n\n\n<p><strong>Dac\u0103 \u021bi-a pl\u0103cut povestea, nu uita s\u0103 o distribui cu prietenii t\u0103i! \u00cempreun\u0103 putem duce mai departe emo\u021bia \u0219i inspira\u021bia.<\/strong><\/p>\n","protected":false},"excerpt":{"rendered":"<p>Mihai Carter \u0219i-a dedicat via\u021ba for\u021belor de ordine, servind ca ofi\u021ber mai bine de cincisprezece ani. Dar dintr-o dat\u0103, \u00eenc\u0103tu\u0219at \u00eentr-o sal\u0103 de judecat\u0103, lumea<\/p>\n","protected":false},"author":1,"featured_media":39187,"comment_status":"closed","ping_status":"closed","sticky":false,"template":"","format":"standard","meta":[],"categories":[1],"tags":[],"_links":{"self":[{"href":"https:\/\/calatorinromania.com\/index.php?rest_route=\/wp\/v2\/posts\/39471"}],"collection":[{"href":"https:\/\/calatorinromania.com\/index.php?rest_route=\/wp\/v2\/posts"}],"about":[{"href":"https:\/\/calatorinromania.com\/index.php?rest_route=\/wp\/v2\/types\/post"}],"author":[{"embeddable":true,"href":"https:\/\/calatorinromania.com\/index.php?rest_route=\/wp\/v2\/users\/1"}],"replies":[{"embeddable":true,"href":"https:\/\/calatorinromania.com\/index.php?rest_route=%2Fwp%2Fv2%2Fcomments&post=39471"}],"version-history":[{"count":1,"href":"https:\/\/calatorinromania.com\/index.php?rest_route=\/wp\/v2\/posts\/39471\/revisions"}],"predecessor-version":[{"id":39472,"href":"https:\/\/calatorinromania.com\/index.php?rest_route=\/wp\/v2\/posts\/39471\/revisions\/39472"}],"wp:featuredmedia":[{"embeddable":true,"href":"https:\/\/calatorinromania.com\/index.php?rest_route=\/wp\/v2\/media\/39187"}],"wp:attachment":[{"href":"https:\/\/calatorinromania.com\/index.php?rest_route=%2Fwp%2Fv2%2Fmedia&parent=39471"}],"wp:term":[{"taxonomy":"category","embeddable":true,"href":"https:\/\/calatorinromania.com\/index.php?rest_route=%2Fwp%2Fv2%2Fcategories&post=39471"},{"taxonomy":"post_tag","embeddable":true,"href":"https:\/\/calatorinromania.com\/index.php?rest_route=%2Fwp%2Fv2%2Ftags&post=39471"}],"curies":[{"name":"wp","href":"https:\/\/api.w.org\/{rel}","templated":true}]}}