{"id":39467,"date":"2025-05-24T06:48:25","date_gmt":"2025-05-24T06:48:25","guid":{"rendered":"https:\/\/calatorinromania.com\/?p=39467"},"modified":"2025-05-24T06:48:26","modified_gmt":"2025-05-24T06:48:26","slug":"o-fetita-de-2-ani-a-continuat-sa-isi-indrepte-degetelul-spre-sicriul-tatalui-ei-iar-ceea-ce-a-spus-mai-departe-te-va-ingheta-pe-loc","status":"publish","type":"post","link":"https:\/\/calatorinromania.com\/?p=39467","title":{"rendered":"O FETI\u021a\u0102 DE 2 ANI A CONTINUAT S\u0102 \u00ce\u0218I \u00ceNDREPTE DEGE\u021aELUL SPRE SICRIUL TAT\u0102LUI EI \u2013 IAR CEEA CE A SPUS MAI DEPARTE TE VA \u00ceNGHE\u021aA PE LOC"},"content":{"rendered":"\n<p><strong>Biserica Sf\u00e2ntul Mihail era plin\u0103 de o durere grea, aproape palpabil\u0103.<\/strong><br>Aerul p\u0103rea mai dens dec\u00e2t de obicei, \u00eenecat \u00een parfumul dulce de t\u0103m\u00e2ie, amestecat cu aroma lemnului vechi, cear\u0103 topit\u0103 \u0219i piatr\u0103 rece. Lumina p\u0103trundea prin vitraliile colorate, proiect\u00e2nd umbre tremur\u0103toare pe podeaua de piatr\u0103, dar nu putea alunga \u00eentunericul care se a\u0219ternuse \u00een inimile celor prezen\u021bi.<\/p>\n\n\n\n<p><strong>Clopotele b\u0103teau \u00eencet \u0219i t\u0103cut<\/strong>, sunetul lor r\u0103suna \u00een piepturile \u00eendurerate, rezon\u00e2nd cu fiecare b\u0103taie de inim\u0103 fr\u00e2nt\u0103. Pl\u00e2nsetele \u00een\u0103bu\u0219ite ale mul\u021bimii se \u00eempleteau cu dang\u0103tul clopotelor, ca \u0219i cum \u00eens\u0103\u0219i biserica jelea sufletul pierdut.<\/p>\n\n\n\n<p>Ana st\u0103tea l\u00e2ng\u0103 sicriul so\u021bului ei, Rare\u0219. \u00cembr\u0103cat\u0103 \u00een negru, cu fa\u021ba sf\u00e2\u0219iat\u0103 de o durere pe care nici lacrimile nu o mai puteau exprima, \u00ee\u0219i \u021binea str\u00e2ns \u00een bra\u021be feti\u021ba lor de doi ani, Sofia. Micu\u021ba se zb\u0103tea \u00een \u00eembr\u0103\u021bi\u0219area ei \u2014 fa\u021ba ei era ro\u0219ie \u0219i umflat\u0103 de pl\u00e2ns, str\u0103lucind de lacrimi neconsolate. Nu \u00een\u021belegea ce se \u00eent\u00e2mpl\u0103. Tot ce \u0219tia era c\u0103 tati era acolo, \u00een acea cutie mare de lemn\u2026 \u0219i c\u0103 nu se mai \u00eentorcea.<\/p>\n\n\n\n<p>Ana s-a aplecat, \u00eencerc\u00e2nd s-o lini\u0219teasc\u0103 cu vorbe bl\u00e2nde, tremur\u00e2nde, dar Sofia nu se oprea. Ochii ei mari \u0219i frumo\u0219i erau fixa\u021bi pe capacul lucios al sicriului, acolo unde trupul ne\u00eensufle\u021bit al tat\u0103lui ei se odihnea.<\/p>\n\n\n\n<p>\u2014 Tati! Tati! \u2014 striga feti\u021ba, ar\u0103t\u00e2nd cu dege\u021belul spre sicriu.<\/p>\n\n\n\n<p>Ana a \u00eenghi\u021bit cu greu \u2014 un nod amar i s-a ridicat \u00een g\u00e2t, oprindu-i respira\u021bia. Sub voal, m\u00e2inile i-au smucit rochia, degetele albe de la at\u00e2ta \u00eencordare. \u0218i atunci\u2026<\/p>\n\n\n\n<p><strong>S-a \u00eent\u00e2mplat ceva.<\/strong><\/p>\n\n\n\n<p>Ceva ce nimeni din biseric\u0103 nu putea recunoa\u0219te, nici m\u0103car \u00een \u0219oapte.<\/p>\n\n\n\n<p>Sofia \u0219i-a \u00eentins m\u00e2nu\u021bele spre sicriu, iar vocea ei fragil\u0103, dar insistent\u0103, a spart lini\u0219tea:<\/p>\n\n\n\n<p>\u2014 Tati zice\u2026 s\u0103 nu mai pl\u00e2ngi, mami.<\/p>\n\n\n\n<p>\u00centr-o clip\u0103, toate privirile s-au \u00eentors spre copil\u0103. Murmurul slujbei s-a oprit, iar un fior rece a str\u0103b\u0103tut mul\u021bimea. Cuvintele feti\u021bei p\u0103reau venite de nic\u0103ieri, rostite cu o claritate de neimaginat pentru o copil\u0103 de doi ani.<\/p>\n\n\n\n<p>Ana, cu vocea sugrumat\u0103, \u0219i-a tras fiica mai aproape.<\/p>\n\n\n\n<p>\u2014 Ce-ai spus, iubirea mea?<\/p>\n\n\n\n<p>Feti\u021ba a \u00eentors brusc capul \u0219i, cu ochii mari, a privit din nou spre sicriu.<\/p>\n\n\n\n<p>\u2014 Tati a zis c\u0103 nu-i frig\u2026 \u0219i c\u0103 trebuie s\u0103 mergem acas\u0103. A zis c\u0103 e lumin\u0103 acolo\u2026 \u0219i c\u0103 ne iube\u0219te.<\/p>\n\n\n\n<p>O femeie din spate a sc\u0103pat din m\u00e2n\u0103 o iconi\u021b\u0103, iar un b\u0103rbat s-a \u00eensemnat cu semnul crucii, murmur\u00e2nd rug\u0103ciuni cu buzele tremur\u00e2nde. Preotul a f\u0103cut un pas \u00eenainte, dar a r\u0103mas t\u0103cut, cu ochii a\u021binti\u021bi asupra copilei.<\/p>\n\n\n\n<p>Ana era \u00eencremenit\u0103. Nu visa. Nu visa. Feti\u021ba vorbea limpede, cu o convingere care dep\u0103\u0219ea cu mult v\u00e2rsta ei. Ochii Sofiei nu mai erau plini de lacrimi, ci str\u0103luceau de o lumin\u0103 pe care nimeni nu o putea explica.<\/p>\n\n\n\n<p>\u2014 A zis c\u0103 e \u00een spatele meu\u2026 \u0219i c\u0103-mi \u021bine m\u00e2na, \u2014 a ad\u0103ugat Sofia \u00eencet, ca o \u0219oapt\u0103 \u00een t\u0103cerea mut\u0103 a bisericii.<\/p>\n\n\n\n<p>Ana s-a \u00eentors brusc. Nimeni. Doar aerul greu \u0219i umbrele lum\u00e2n\u0103rilor dans\u00e2nd pe pere\u021bi. Dar apoi\u2026&nbsp;<strong>a sim\u021bit.<\/strong>&nbsp;O atingere u\u0219oar\u0103, cald\u0103, pe um\u0103rul st\u00e2ng. O senza\u021bie familiar\u0103, imposibil de confundat, care i-a topit sufletul.<\/p>\n\n\n\n<p>Nimeni nu putea recunoa\u0219te. Dar&nbsp;<strong>ea \u0219tia<\/strong>.<\/p>\n\n\n\n<p>\u0218i-a dus m\u00e2na la um\u0103rul unde sim\u021bise atingerea \u0219i a izbucnit \u00een pl\u00e2ns. Dar nu mai era un pl\u00e2ns de durere. Era un pl\u00e2ns de eliberare. De m\u00e2ng\u00e2iere. De lini\u0219te.<\/p>\n\n\n\n<p>Oamenii din jur tr\u0103iau \u00eentre team\u0103, mirare \u0219i uimire. Unii \u00ee\u0219i \u0219tergeau ochii, al\u021bii c\u0103deau \u00een genunchi. Preotul a reluat rug\u0103ciunea, dar de data aceasta era mai bl\u00e2nd\u0103, mai luminoas\u0103.<\/p>\n\n\n\n<p>Ana \u0219i-a lipit obrazul de p\u0103rul Sofiei \u0219i a \u00eenchis ochii. Pentru prima dat\u0103 dup\u0103 zile \u00eentregi, un z\u00e2mbet slab, dar sincer, i-a \u00eenflorit pe buze.<\/p>\n\n\n\n<p>\u2014 Tati a plecat\u2026 dar e aici. Mereu. Nu vezi? \u2014 a murmurat Sofia somnoroas\u0103, sprijinindu-\u0219i c\u0103pu\u0219orul pe pieptul mamei sale.<\/p>\n\n\n\n<p>\u0218i da, poate c\u0103 Rare\u0219 nu mai era acolo.<br>Dar nu disp\u0103ruse cu adev\u0103rat.<br>\u0218i uneori, chiar dac\u0103 nu-i putem vedea\u2026<br><strong>cei pe care \u00eei iubim nu ne p\u0103r\u0103sesc niciodat\u0103 cu adev\u0103rat.<\/strong><\/p>\n\n\n\n<p><strong>Dac\u0103 \u021bi-a pl\u0103cut povestea, nu uita s\u0103 o distribui cu prietenii t\u0103i! \u00cempreun\u0103 putem duce mai departe emo\u021bia \u0219i inspira\u021bia.<\/strong><\/p>\n","protected":false},"excerpt":{"rendered":"<p>Biserica Sf\u00e2ntul Mihail era plin\u0103 de o durere grea, aproape palpabil\u0103.Aerul p\u0103rea mai dens dec\u00e2t de obicei, \u00eenecat \u00een parfumul dulce de t\u0103m\u00e2ie, amestecat cu<\/p>\n","protected":false},"author":1,"featured_media":39187,"comment_status":"closed","ping_status":"closed","sticky":false,"template":"","format":"standard","meta":[],"categories":[1],"tags":[],"_links":{"self":[{"href":"https:\/\/calatorinromania.com\/index.php?rest_route=\/wp\/v2\/posts\/39467"}],"collection":[{"href":"https:\/\/calatorinromania.com\/index.php?rest_route=\/wp\/v2\/posts"}],"about":[{"href":"https:\/\/calatorinromania.com\/index.php?rest_route=\/wp\/v2\/types\/post"}],"author":[{"embeddable":true,"href":"https:\/\/calatorinromania.com\/index.php?rest_route=\/wp\/v2\/users\/1"}],"replies":[{"embeddable":true,"href":"https:\/\/calatorinromania.com\/index.php?rest_route=%2Fwp%2Fv2%2Fcomments&post=39467"}],"version-history":[{"count":1,"href":"https:\/\/calatorinromania.com\/index.php?rest_route=\/wp\/v2\/posts\/39467\/revisions"}],"predecessor-version":[{"id":39468,"href":"https:\/\/calatorinromania.com\/index.php?rest_route=\/wp\/v2\/posts\/39467\/revisions\/39468"}],"wp:featuredmedia":[{"embeddable":true,"href":"https:\/\/calatorinromania.com\/index.php?rest_route=\/wp\/v2\/media\/39187"}],"wp:attachment":[{"href":"https:\/\/calatorinromania.com\/index.php?rest_route=%2Fwp%2Fv2%2Fmedia&parent=39467"}],"wp:term":[{"taxonomy":"category","embeddable":true,"href":"https:\/\/calatorinromania.com\/index.php?rest_route=%2Fwp%2Fv2%2Fcategories&post=39467"},{"taxonomy":"post_tag","embeddable":true,"href":"https:\/\/calatorinromania.com\/index.php?rest_route=%2Fwp%2Fv2%2Ftags&post=39467"}],"curies":[{"name":"wp","href":"https:\/\/api.w.org\/{rel}","templated":true}]}}