{"id":39461,"date":"2025-05-24T05:48:52","date_gmt":"2025-05-24T05:48:52","guid":{"rendered":"https:\/\/calatorinromania.com\/?p=39461"},"modified":"2025-05-24T05:48:53","modified_gmt":"2025-05-24T05:48:53","slug":"nu-meriti-sa-mananci-atat-povestea-unei-seri-care-mi-a-schimbat-viata","status":"publish","type":"post","link":"https:\/\/calatorinromania.com\/?p=39461","title":{"rendered":"\u201eNu meri\u021bi s\u0103 m\u0103n\u00e2nci at\u00e2t!\u201d \u2013 Povestea unei seri care mi-a schimbat via\u021ba"},"content":{"rendered":"\n<p>\u2014 Nu meri\u021bi s\u0103 m\u0103n\u00e2nci at\u00e2t! \u021ai-ai v\u0103zut burta? Mi-a spus Vlad, smulg\u00e2ndu-mi dou\u0103 chiftele din farfurie, \u00een timp ce copiii se uitau la noi cu ochii mari. M-am oprit, cu furculi\u021ba \u00een aer, sim\u021bind cum obrajii mi se \u00eenro\u0219esc de ru\u0219ine. Era doar o cin\u0103 obi\u0219nuit\u0103, dar pentru mine a fost momentul \u00een care am sim\u021bit c\u0103 nu mai pot.<\/p>\n\n\n\n<p>Aveam 34 de ani, trei copii mici \u0219i o c\u0103snicie care m\u0103 sufoca \u00eencet. Bobby are \u0219apte ani, Mara cinci, iar micu\u021ba Ilinca abia a \u00eemplinit nou\u0103 luni. De c\u00e2nd am n\u0103scut-o pe Ilinca, nu mai \u0219tiu ce \u00eenseamn\u0103 s\u0103 dormi o noapte \u00eentreag\u0103 sau s\u0103 ai timp pentru tine. M\u0103 uitam la farfuria mea cu trei chiftele \u0219i cartofi piure \u2013 nu era nimic extravagant, doar c\u0103 eram at\u00e2t de fl\u0103m\u00e2nd\u0103 \u00eenc\u00e2t sim\u021beam c\u0103 merit s\u0103 m\u0103n\u00e2nc lini\u0219tit\u0103.<\/p>\n\n\n\n<p>\u2014 Vlad, te rog\u2026 am g\u0103tit toat\u0103 ziua, nici nu am apucat s\u0103 gust nimic, am zis \u00eencet, \u00eencerc\u00e2nd s\u0103-mi p\u0103strez calmul.<\/p>\n\n\n\n<p>El a r\u00e2s scurt \u0219i a \u00eempins dou\u0103 chiftele pe farfuria lui.<\/p>\n\n\n\n<p>\u2014 Dac\u0103 tot vrei s\u0103 sl\u0103be\u0219ti, \u00eencepe cu asta. Nu vreau s\u0103 am l\u00e2ng\u0103 mine o femeie care nu are grij\u0103 de ea.<\/p>\n\n\n\n<p>Mara s-a uitat la mine \u0219i a \u00eentrebat:<\/p>\n\n\n\n<p>\u2014 Mami, de ce nu te las\u0103 tati s\u0103 m\u0103n\u00e2nci?<\/p>\n\n\n\n<p>Am sim\u021bit un nod \u00een g\u00e2t. Cum s\u0103-i explic unui copil de cinci ani c\u0103 tat\u0103l ei m\u0103 face s\u0103 m\u0103 simt mic\u0103 \u0219i ur\u00e2t\u0103? Am z\u00e2mbit for\u021bat \u0219i am spus:<\/p>\n\n\n\n<p>\u2014 E doar o glum\u0103, iubita mea.<\/p>\n\n\n\n<p>Dar nu era o glum\u0103. Era realitatea mea de zi cu zi. Vlad nu era mereu a\u0219a \u2013 c\u00e2nd l-am cunoscut, era atent \u0219i bl\u00e2nd. Ne-am \u00eent\u00e2lnit la o petrecere la Irina, prietena mea din liceu. Toate fetele erau deja m\u0103ritate sau aveau copii. Eu aveam aproape 29 de ani \u0219i sim\u021beam presiunea familiei: \u201eC\u00e2nd te a\u0219ezi la casa ta?\u201d<\/p>\n\n\n\n<p>Vlad p\u0103rea salvarea mea. Era sigur pe el, avea un job bun la banc\u0103 \u0219i p\u0103rea c\u0103 \u0219tie ce vrea. Ne-am mutat \u00eempreun\u0103 dup\u0103 doar \u0219ase luni \u0219i la scurt timp am r\u0103mas \u00eens\u0103rcinat\u0103 cu Bobby. Totul s-a schimbat dup\u0103 primul copil: el lucra tot mai mult, iar eu r\u0103m\u00e2neam singur\u0103 acas\u0103 cu bebelu\u0219ul. \u00cencet-\u00eencet, au \u00eenceput repro\u0219urile: \u201eNu mai ar\u0103\u021bi ca \u00eenainte\u201d, \u201eTe-ai neglijat\u201d, \u201eCe-ai f\u0103cut toat\u0103 ziua?\u201d<\/p>\n\n\n\n<p>La \u00eenceput am crezut c\u0103 exagerez eu. Poate chiar trebuia s\u0103 sl\u0103besc, poate nu eram destul de bun\u0103 ca mam\u0103 sau so\u021bie. Dar cu fiecare copil adus pe lume, oboseala \u0219i frustr\u0103rile s-au adunat. Nu mai aveam timp nici s\u0103 m\u0103 piept\u0103n diminea\u021ba, dar\u0103mite s\u0103 merg la sal\u0103 sau s\u0103 \u021bin diete.<\/p>\n\n\n\n<p>Seara aceea cu chiftelele a fost pic\u0103tura care a umplut paharul. Dup\u0103 ce am culcat copiii, Vlad s-a tr\u00e2ntit pe canapea cu telefonul \u00een m\u00e2n\u0103.<\/p>\n\n\n\n<p>\u2014 Nu te sup\u0103ra c\u0103-\u021bi spun adev\u0103rul. Dac\u0103 nu-\u021bi pas\u0103 de tine, nici mie nu-mi pas\u0103.<\/p>\n\n\n\n<p>Am sim\u021bit cum \u00eemi tremur\u0103 m\u00e2inile. Am intrat \u00een baie \u0219i m-am privit \u00een oglind\u0103. Aveam cearc\u0103ne ad\u00e2nci, p\u0103rul prins \u00eentr-un coc dezordonat \u0219i un tricou vechi plin de pete de lapte. Dar sub toate astea eram tot eu \u2013 fata care visa s\u0103 fie iubit\u0103 pentru cine este, nu pentru cum arat\u0103.<\/p>\n\n\n\n<p>\u00cen noaptea aceea n-am dormit deloc. M-am g\u00e2ndit la mama mea \u2013 c\u00e2t a suferit l\u00e2ng\u0103 tata, care o jignea mereu pentru c\u0103 nu era \u201eca pe vremuri\u201d. Mi-am jurat atunci c\u0103 eu n-o s\u0103 ajung ca ea. \u0218i totu\u0219i\u2026 eram exact acolo.<\/p>\n\n\n\n<p>A doua zi diminea\u021b\u0103 am f\u0103cut ceai pentru copii \u0219i am \u00eencercat s\u0103 m\u0103 port normal. Vlad s-a dus la serviciu f\u0103r\u0103 s\u0103-\u0219i ia r\u0103mas bun. Mara mi-a adus un desen: \u201eMami frumoas\u0103\u201d. Am izbucnit \u00een pl\u00e2ns.<\/p>\n\n\n\n<p>Am sunat-o pe Irina:<\/p>\n\n\n\n<p>\u2014 Nu mai pot, Irina\u2026 Simt c\u0103 m\u0103 sufoc aici.<\/p>\n\n\n\n<p>Ea a venit imediat cu cafea \u0219i pr\u0103jituri.<\/p>\n\n\n\n<p>\u2014 Oana, tu e\u0219ti cea mai puternic\u0103 femeie pe care o cunosc! Nu l\u0103sa pe nimeni s\u0103-\u021bi spun\u0103 c\u00e2t meri\u021bi s\u0103 m\u0103n\u00e2nci sau cum ar trebui s\u0103 ar\u0103\u021bi!<\/p>\n\n\n\n<p>Am r\u00e2s printre lacrimi.<\/p>\n\n\n\n<p>\u2014 Dar dac\u0103 are dreptate? Dac\u0103 chiar sunt\u2026 prea gras\u0103?<\/p>\n\n\n\n<p>Irina m-a privit sever:<\/p>\n\n\n\n<p>\u2014 Nu e vorba despre kilograme! E vorba despre respect! Dac\u0103 nu te respect\u0103 acum, nu o va face niciodat\u0103.<\/p>\n\n\n\n<p>Vorbele ei mi-au r\u0103mas \u00een minte toat\u0103 ziua. Seara, c\u00e2nd Vlad a venit acas\u0103, i-am spus c\u0103 vreau s\u0103 vorbim.<\/p>\n\n\n\n<p>\u2014 Vlad, nu mai accept s\u0103 m\u0103 umile\u0219ti \u00een fa\u021ba copiilor. Nu sunt doar mama lor sau so\u021bia ta \u2013 sunt Oana! \u0218i merit respect!<\/p>\n\n\n\n<p>El a ridicat din umeri.<\/p>\n\n\n\n<p>\u2014 Faci ce vrei. Dar dac\u0103 nu te schimbi\u2026<\/p>\n\n\n\n<p>Am sim\u021bit pentru prima dat\u0103 c\u0103 nu-mi mai este fric\u0103.<\/p>\n\n\n\n<p>A trecut o lun\u0103 de atunci. Am \u00eenceput s\u0103 ies la plimbare cu copiii, s\u0103 citesc din nou \u0219i chiar am mers la psiholog. Vlad \u00eenc\u0103 e distant, dar eu simt c\u0103 m\u0103 reg\u0103sesc pu\u021bin c\u00e2te pu\u021bin.<\/p>\n\n\n\n<p>M\u0103 \u00eentreb uneori: c\u00e2te femei tr\u0103iesc ca mine? C\u00e2te tac din ru\u0219ine sau team\u0103? Oare c\u00e2t valoreaz\u0103 lini\u0219tea sufletului nostru? Poate e timpul s\u0103 ne ridic\u0103m vocea \u0219i s\u0103 cerem ceea ce merit\u0103m \u2013 respectul.<\/p>\n","protected":false},"excerpt":{"rendered":"<p>\u2014 Nu meri\u021bi s\u0103 m\u0103n\u00e2nci at\u00e2t! \u021ai-ai v\u0103zut burta? Mi-a spus Vlad, smulg\u00e2ndu-mi dou\u0103 chiftele din farfurie, \u00een timp ce copiii se uitau la noi<\/p>\n","protected":false},"author":1,"featured_media":39187,"comment_status":"closed","ping_status":"closed","sticky":false,"template":"","format":"standard","meta":[],"categories":[1],"tags":[],"_links":{"self":[{"href":"https:\/\/calatorinromania.com\/index.php?rest_route=\/wp\/v2\/posts\/39461"}],"collection":[{"href":"https:\/\/calatorinromania.com\/index.php?rest_route=\/wp\/v2\/posts"}],"about":[{"href":"https:\/\/calatorinromania.com\/index.php?rest_route=\/wp\/v2\/types\/post"}],"author":[{"embeddable":true,"href":"https:\/\/calatorinromania.com\/index.php?rest_route=\/wp\/v2\/users\/1"}],"replies":[{"embeddable":true,"href":"https:\/\/calatorinromania.com\/index.php?rest_route=%2Fwp%2Fv2%2Fcomments&post=39461"}],"version-history":[{"count":1,"href":"https:\/\/calatorinromania.com\/index.php?rest_route=\/wp\/v2\/posts\/39461\/revisions"}],"predecessor-version":[{"id":39462,"href":"https:\/\/calatorinromania.com\/index.php?rest_route=\/wp\/v2\/posts\/39461\/revisions\/39462"}],"wp:featuredmedia":[{"embeddable":true,"href":"https:\/\/calatorinromania.com\/index.php?rest_route=\/wp\/v2\/media\/39187"}],"wp:attachment":[{"href":"https:\/\/calatorinromania.com\/index.php?rest_route=%2Fwp%2Fv2%2Fmedia&parent=39461"}],"wp:term":[{"taxonomy":"category","embeddable":true,"href":"https:\/\/calatorinromania.com\/index.php?rest_route=%2Fwp%2Fv2%2Fcategories&post=39461"},{"taxonomy":"post_tag","embeddable":true,"href":"https:\/\/calatorinromania.com\/index.php?rest_route=%2Fwp%2Fv2%2Ftags&post=39461"}],"curies":[{"name":"wp","href":"https:\/\/api.w.org\/{rel}","templated":true}]}}