{"id":39459,"date":"2025-05-23T09:41:06","date_gmt":"2025-05-23T09:41:06","guid":{"rendered":"https:\/\/calatorinromania.com\/?p=39459"},"modified":"2025-05-23T09:41:07","modified_gmt":"2025-05-23T09:41:07","slug":"eram-gata-sa-renunt-la-gradina-mea-pana-cand-un-baiat-singuratic-mi-a-amintit-ce-inseamna-cu-adevarat-acasa","status":"publish","type":"post","link":"https:\/\/calatorinromania.com\/?p=39459","title":{"rendered":"Eram gata s\u0103 renun\u021b la gr\u0103dina mea \u2013 p\u00e2n\u0103 c\u00e2nd un b\u0103iat singuratic mi-a amintit ce \u00eenseamn\u0103 cu adev\u0103rat acas\u0103."},"content":{"rendered":"\n<p>Lumea m\u0103 uitase, a\u0219a credeam, \u0219i \u00een majoritatea zilelor asta m\u0103 f\u0103cea fericit\u0103. Dar c\u00e2nd un b\u0103iat obraznic cu fa\u021ba murdar\u0103 \u0219i secrete \u00een ochi a ap\u0103rut \u00een gr\u0103dina mea uscat\u0103, am \u00een\u021beles c\u0103 via\u021ba mai avea surprize pentru o b\u0103tr\u00e2n\u0103 ca mine.<\/p>\n\n\n\n<p>Gr\u0103dina se \u00eentindea \u00een fa\u021ba mea, sc\u0103ldat\u0103 \u00een aurul bl\u00e2nd al apusului. Mergeam \u00eencet printre r\u00e2nduri, m\u00e2na mea ating\u00e2nd trunchiurile r\u0103sucite ale copacilor. Ace\u0219ti copaci purtau amintiri, pentru c\u0103 erau aceia\u0219i planta\u021bi de so\u021bul meu, John, c\u00e2nd ne-am c\u0103s\u0103torit acum 47 de ani.<\/p>\n\n\n\n<p>Eram preg\u0103tit\u0103 s\u0103 renun\u021b la livada mea \u2013 p\u00e2n\u0103 c\u00e2nd un b\u0103iat singuratic mi-a amintit ce \u00eenseamn\u0103 cu adev\u0103rat acas\u0103.<\/p>\n\n\n\n<p>Trecuser\u0103 cinci ani de c\u00e2nd murise \u2014 cinci ani \u00een care am avut grij\u0103 singur\u0103 de ace\u0219ti copaci.<\/p>\n\n\n\n<p>Eram preg\u0103tit\u0103 s\u0103 renun\u021b la livada mea \u2014 p\u00e2n\u0103 c\u00e2nd un b\u0103iat singuratic mi-a amintit ce \u00eenseamn\u0103 cu adev\u0103rat acas\u0103.<\/p>\n\n\n\n<p>Era m\u00e2ndria lui \u2014 mo\u0219tenirea noastr\u0103. Sau cel pu\u021bin a\u0219a credeam.<\/p>\n\n\n\n<p>Am stat l\u00e2ng\u0103 banca veche unde st\u0103team \u0219i beam limonad\u0103 vorbind despre un viitor care atunci p\u0103rea at\u00e2t de sigur. Ini\u021bialele noastre erau \u00eenc\u0103 s\u0103pate \u00een stejarul mare de aproape, pu\u021bin \u0219terse, dar ferme. T + John.<\/p>\n\n\n\n<p>Lumea continu\u0103 s\u0103 se \u00eenv\u00e2rt\u0103, m-am g\u00e2ndit, chiar \u0219i atunci c\u00e2nd inima ta implor\u0103 s\u0103 se opreasc\u0103.<\/p>\n\n\n\n<p>C\u00e2teva ore mai t\u00e2rziu, \u00een timp ce smulgeam buruienile l\u00e2ng\u0103 intrare, camionul lui Brian a venit \u021bip\u00e2nd pe alee. Fiul meu venea \u00eentotdeauna \u00een acela\u0219i fel. Cu un nor de praf \u0219i nelini\u0219te.<\/p>\n\n\n\n<p>Eram preg\u0103tit\u0103 s\u0103 renun\u021b la livada mea \u2013 p\u00e2n\u0103 c\u00e2nd un b\u0103iat singuratic mi-a amintit ce \u00eenseamn\u0103 cu adev\u0103rat acas\u0103.<\/p>\n\n\n\n<p>A s\u0103rit afar\u0103, cu expresia lui cunoscut\u0103 de \u00eengrijorare, \u021bin\u00e2nd un plic manila.<\/p>\n\n\n\n<p>\u201eMam\u0103, trebuie s\u0103 vorbim\u201d, a spus \u00eenainte s\u0103 apuc s\u0103-mi \u0219terg m\u00e2inile.<\/p>\n\n\n\n<p>M-am ridicat, sim\u021bind durerea familiar\u0103 \u00een spate. \u201eCe s-a \u00eent\u00e2mplat acum, Brian?\u201d<\/p>\n\n\n\n<p>Mi-a dat plicul. \u201eDomnul Grainger a f\u0103cut o ofert\u0103 nou\u0103 s\u0103 cumpere gr\u0103dina. E mult\u0103 b\u0103taie de cap. Chiar mul\u021bi bani. Suficient s\u0103 \u00ee\u021bi iei o cas\u0103 frumoas\u0103 \u00een ora\u0219. S\u0103 nu te mai chinui aici.\u201d<\/p>\n\n\n\n<p>Am luat plicul, dar nu l-am deschis. Era a treia ofert\u0103 \u00een \u0219ase luni.<\/p>\n\n\n\n<p>\u201eNu sunt preg\u0103tit\u0103\u201d, am spus.<\/p>\n\n\n\n<p>Eram preg\u0103tit\u0103 s\u0103 renun\u021b la livada mea \u2014 p\u00e2n\u0103 c\u00e2nd un b\u0103iat singuratic mi-a amintit ce \u00eenseamn\u0103 cu adev\u0103rat acas\u0103.<\/p>\n\n\n\n<p>Brian a oftat \u0219i \u0219i-a frecat ceafa. \u201eMam\u0103, ai \u0219aptezeci de ani. Locul \u0103sta se pr\u0103bu\u0219e\u0219te. De ce insi\u0219ti? Tat\u0103l a plecat de cinci ani.\u201d<\/p>\n\n\n\n<p>M-am uitat dincolo de el, c\u0103tre livad\u0103, c\u0103tre pomii \u00eenc\u0103rca\u021bi de mere \u0219i lumina soarelui care str\u0103lucea pe frunze ca o mie de oglinzi mici.<\/p>\n\n\n\n<p>\u201eAm nevoie de timp\u201d, am spus, ascunz\u00e2nd plicul sub bra\u021b.<\/p>\n\n\n\n<p>S-a \u00eencruntat, dar nu a insistat. \u201eDoar\u2026 \u00eemi fac griji pentru tine aici singur\u0103. Iarna trecut\u0103, c\u00e2nd a fost pan\u0103 de curent trei zile\u2026\u201d Vocea i s-a stins. \u201eDoar\u2026 g\u00e2nde\u0219te-te, bine? Pentru mine.\u201d<\/p>\n\n\n\n<p>Am dat din cap, v\u0103z\u00e2nd grija sincer\u0103 din ochii lui. Brian avea bune inten\u021bii, chiar dac\u0103 nu \u00een\u021belegea. Dup\u0103 ce \u0219i-a pierdut tat\u0103l \u0219i apoi so\u021bia de cancer acum doi ani, devenise obsedat s\u0103 controleze tot ce putea \u2014 inclusiv pe mine.<\/p>\n\n\n\n<p>Eram preg\u0103tit\u0103 s\u0103 renun\u021b la livada mea \u2013 p\u00e2n\u0103 c\u00e2nd un b\u0103iat singuratic mi-a amintit ce \u00eenseamn\u0103 cu adev\u0103rat acas\u0103.<\/p>\n\n\n\n<p>Dar ideea de a p\u0103r\u0103si acest loc era ca \u0219i cum a\u0219 muri a doua oar\u0103.<\/p>\n\n\n\n<p>Dou\u0103 s\u0103pt\u0103m\u00e2ni mai t\u00e2rziu, \u00een timp ce inspectam partea vestic\u0103 a gr\u0103dinii, am auzit o crengu\u021b\u0103 rupt\u0103 \u0219i fo\u0219netul frunzelor.<\/p>\n\n\n\n<p>M-am oprit, inima b\u0103t\u00e2nd tare. Animalele s\u0103lbatice nu erau neobi\u0219nuite \u00een aceast\u0103 perioad\u0103, dar ceva \u00eemi spunea c\u0103 era altceva.<\/p>\n\n\n\n<p>Am dat la o parte o crengu\u021b\u0103 cu frunze joase \u0219i l-am v\u0103zut. Un b\u0103iat sub\u021bire, ghemuit \u00een spatele unui m\u0103r Granny Smith, cu un m\u0103r pe jum\u0103tate mu\u0219cat \u00een m\u00e2na murdar\u0103.<\/p>\n\n\n\n<p>Ochii i s-au m\u0103rit c\u00e2nd m-a v\u0103zut. A s\u0103rit s\u0103 fug\u0103.<\/p>\n\n\n\n<p>Eram preg\u0103tit\u0103 s\u0103 renun\u021b la livada mea \u2014 p\u00e2n\u0103 c\u00e2nd un b\u0103iat singuratic mi-a amintit ce \u00eenseamn\u0103 cu adev\u0103rat acas\u0103.<\/p>\n\n\n\n<p>\u201eA\u0219teapt\u0103\u201d, am spus repede, ridic\u00e2nd m\u00e2na. \u201e\u00ce\u021bi este foame?\u201d<\/p>\n\n\n\n<p>A ezitat, precaut ca un c\u00e2ine vagabond. Am scos \u00eencet un alt m\u0103r de pe o creang\u0103 joas\u0103 \u0219i l-am aruncat spre el.<\/p>\n\n\n\n<p>L-a prins, vizibil surprins.<\/p>\n\n\n\n<p>\u201eIa-l\u201d, am spus cu un z\u00e2mbet. \u201eMai sunt multe de unde a venit \u0103sta.\u201d<\/p>\n\n\n\n<p>Eram preg\u0103tit\u0103 s\u0103 renun\u021b la livada mea \u2013 p\u00e2n\u0103 c\u00e2nd un b\u0103iat singuratic mi-a amintit ce \u00eenseamn\u0103 cu adev\u0103rat acas\u0103.<\/p>\n\n\n\n<p>F\u0103r\u0103 s\u0103 spun\u0103 nimic, s-a \u00eentors \u0219i a disp\u0103rut \u00een p\u0103dure, l\u0103s\u00e2ndu-m\u0103 cu mai multe \u00eentreb\u0103ri dec\u00e2t r\u0103spunsuri.<\/p>\n\n\n\n<p>A doua zi diminea\u021ba era iar\u0103\u0219i acolo. \u00cen acela\u0219i loc. Cu aceea\u0219i expresie precaut\u0103.<\/p>\n\n\n\n<p>Am f\u0103cut c\u0103 nu \u00eel observ la \u00eenceput, c\u00e2nt\u00e2nd \u00een timp ce smulgeam buruieni l\u00e2ng\u0103 gard.<\/p>\n\n\n\n<p>C\u00e2nd \u00een cele din urm\u0103 am ridicat privirea, st\u0103tea jos sub copac, cu picioarele \u00eencruci\u0219ate, m\u00e2nc\u00e2nd un alt m\u0103r, ca \u0219i cum s-ar fi temut s\u0103 nu-i fie luat.<\/p>\n\n\n\n<p>M-am apropiat \u00eencet, atent\u0103 s\u0103 nu-l sperii.<\/p>\n\n\n\n<p>\u201eAi un nume, b\u0103iete?\u201d am \u00eentrebat, p\u0103str\u00e2nd tonul lejer.<\/p>\n\n\n\n<p>Eram preg\u0103tit\u0103 s\u0103 renun\u021b la livada mea \u2014 p\u00e2n\u0103 c\u00e2nd un b\u0103iat singuratic mi-a amintit ce \u00eenseamn\u0103 cu adev\u0103rat acas\u0103.<\/p>\n\n\n\n<p>A ezitat, apoi a \u0219optit: \u201eEthan.\u201d<\/p>\n\n\n\n<p>\u201eEi, Ethan,\u201d am spus, l\u0103s\u00e2nd co\u0219ul jos, \u201enu e\u0219ti prea vorb\u0103re\u021b, nu?\u201d<\/p>\n\n\n\n<p>A f\u0103cut doar un semn din cap \u0219i a continuat s\u0103 mestece. Dup\u0103 o pauz\u0103 lung\u0103 a spus: \u201eGr\u0103dina ta e mai bun\u0103 dec\u00e2t casa mea. E at\u00e2t de frumoas\u0103 \u0219i m\u0103 simt at\u00e2t de confortabil s\u0103 stau aici.\u201d<\/p>\n\n\n\n<p>L-am privit atunci. M\u00e2inile lui erau sub\u021biri \u0219i v\u00e2n\u0103t\u00e2i. Hainele lui prea mici, prea murdare. Avea o triste\u021be \u00een ochi pe care niciun copil de doisprezece ani nu ar trebui s\u0103 o poarte.<\/p>\n\n\n\n<p>Eram preg\u0103tit\u0103 s\u0103 renun\u021b la livada mea \u2014 p\u00e2n\u0103 c\u00e2nd un b\u0103iat singuratic mi-a amintit ce \u00eenseamn\u0103 cu adev\u0103rat acas\u0103.<\/p>\n\n\n\n<p>\u201eVii des aici?\u201d am \u00eentrebat lini\u0219tit.<\/p>\n\n\n\n<p>\u201eDoar c\u00e2nd trebuie,\u201d a spus, uit\u00e2ndu-se \u00een p\u0103m\u00e2nt.<\/p>\n\n\n\n<p>\u00cen acea sear\u0103, singur\u0103 \u00een buc\u0103t\u0103rie, nu puteam s\u0103 scap de cuvintele lui.<\/p>\n\n\n\n<p>Poate aceast\u0103 gr\u0103din\u0103 nu era doar o amintire.<\/p>\n\n\n\n<p>Poate era singurul loc sigur pe care unii oameni \u00eel mai aveau.<\/p>\n\n\n\n<p>C\u00e2teva zile mai t\u00e2rziu am l\u0103sat un co\u0219 mic cu mere \u0219i un hamburger sub stejarul vechi.<\/p>\n\n\n\n<p>P\u00e2n\u0103 la pr\u00e2nz, co\u0219ul era gol.<\/p>\n\n\n\n<p>Data viitoare c\u00e2nd l-am v\u0103zut pe Ethan, i-am dat o pereche de m\u0103nu\u0219i tocite.<\/p>\n\n\n\n<p>\u201e\u0218tii,\u201d i-am spus, \u201edac\u0103 m\u0103n\u00e2nci merele mele, m\u0103car ajut\u0103 s\u0103 le culegem.\u201d<\/p>\n\n\n\n<p>M-a privit ca \u0219i cum i-a\u0219 fi cerut ceva ciudat, dar dup\u0103 pu\u021bin timp a pus m\u0103nu\u0219ile \u0219i m-a urm\u0103rit printre r\u00e2nduri.<\/p>\n\n\n\n<p>S\u0103-l \u00eenv\u0103\u021b a fost mai u\u0219or dec\u00e2t credeam. Asculta cu aten\u021bie \u0219i muncea din greu. I-am ar\u0103tat cum s\u0103 recunoasc\u0103 merele coapte \u0219i <\/p>\n\n\n\n<p>\u2026cum s\u0103 r\u0103suceasc\u0103 u\u0219or fructele ca s\u0103 nu r\u0103neasc\u0103 ramurile. Avea r\u0103bdare. Mult\u0103 r\u0103bdare pentru un copil at\u00e2t de t\u00e2n\u0103r. Mai ales unul care, dup\u0103 cum aveam s\u0103 aflu mai t\u00e2rziu, nu avea pe nimeni.<\/p>\n\n\n\n<p>\u00cen fiecare zi, Ethan venea din ce \u00een ce mai devreme. Uneori aducea o pung\u0103 de cartofi pr\u0103ji\u021bi pe care o \u00eemp\u0103r\u021beam \u00een t\u0103cere pe banca de l\u00e2ng\u0103 stejar. Alteori st\u0103tea ore \u00eentregi doar uit\u00e2ndu-se la cer printre frunze, de parc\u0103 \u00eencerca s\u0103-\u0219i aduc\u0103 aminte cum e s\u0103 fii \u00een siguran\u021b\u0103.<\/p>\n\n\n\n<p>\ud83c\udf33 \u00centr-o diminea\u021b\u0103, dup\u0103 o noapte cu ploaie grea, am ie\u0219it \u0219i l-am g\u0103sit dormind ghemuit sub unul dintre copacii mai b\u0103tr\u00e2ni, cu o p\u0103tur\u0103 umed\u0103 tras\u0103 peste umeri. Avea buzele vinetii \u0219i tremura.<\/p>\n\n\n\n<p>L-am dus \u00een\u0103untru, l-am \u00eenvelit \u0219i i-am f\u0103cut ciocolat\u0103 cald\u0103. A b\u0103ut-o \u00eencet, cu ambele m\u00e2ini, de parc\u0103 se temea c\u0103 i-o va lua cineva.<\/p>\n\n\n\n<p>\u2014 Ethan\u2026 unde e mama ta? am \u00eentrebat, de\u0219i \u0219tiam deja r\u0103spunsul.<\/p>\n\n\n\n<p>A dat din cap, aproape imperceptibil.<\/p>\n\n\n\n<p>\u2014 Nu mai e, a spus. A murit acum un an. Iar tat\u0103l meu&#8230; nu mai e tata de mult.<\/p>\n\n\n\n<p>Am sim\u021bit cum mi se str\u00e2nge inima. O parte din mine voia s\u0103 pl\u00e2ng\u0103. Alta voia s\u0103 strige. Dar ce am f\u0103cut a fost s\u0103-i pun m\u00e2na peste m\u00e2na lui \u0219i s\u0103 spun:<\/p>\n\n\n\n<p>\u2014 Atunci stai aici c\u00e2t ai nevoie.<\/p>\n\n\n\n<hr class=\"wp-block-separator has-alpha-channel-opacity\"\/>\n\n\n\n<p>\ud83d\udcc5 Au trecut luni. Gr\u0103dina a \u00eenflorit din nou, ca \u0219i cum prezen\u021ba lui o trezea la via\u021b\u0103. Merele p\u0103reau mai dulci, frunzele mai verzi, iar copacii \u2014 de parc\u0103 \u00ee\u0219i ridicau ramurile ca s\u0103 ne \u00eembr\u0103\u021bi\u0219eze.<\/p>\n\n\n\n<p>Brian a venit din nou, cu o alt\u0103 ofert\u0103, mai mare. I-am \u00eentins plicul f\u0103r\u0103 s\u0103-l deschid.<\/p>\n\n\n\n<p>\u2014 Nu, fiule. Locul \u0103sta \u00eenc\u0103 are nevoie de mine. \u0218i&#8230; poate eu am nevoie de el mai mult dec\u00e2t mi-am dat seama.<\/p>\n\n\n\n<p>El s-a uitat la Ethan, care ridica merele c\u0103zute de sub copaci cu grij\u0103, \u0219i pentru prima dat\u0103, n-a zis nimic. Doar a dat din cap.<\/p>\n\n\n\n<hr class=\"wp-block-separator has-alpha-channel-opacity\"\/>\n\n\n\n<p>\ud83c\udf05 \u00centr-o sear\u0103 de toamn\u0103, st\u0103team am\u00e2ndoi pe banc\u0103. V\u00e2ntul aducea miros de frunze uscate \u0219i mere coapte. Ethan \u0219i-a sprijinit capul de um\u0103rul meu.<\/p>\n\n\n\n<p>\u2014 \u0218tii, cred c\u0103 \u0219i eu sunt gata s\u0103 nu mai fug.<\/p>\n\n\n\n<p>L-am str\u00e2ns u\u0219or.<\/p>\n\n\n\n<p>\u2014 Atunci hai s\u0103 nu mai fugim niciunul.<\/p>\n\n\n\n<p>\ud83d\udcdc <strong>Lumea m\u0103 uitase, a\u0219a credeam. Dar un b\u0103iat murdar \u0219i cu inima plin\u0103 de umbre m-a \u00eenv\u0103\u021bat c\u0103 nici gr\u0103dinile, nici oamenii nu se pierd&#8230; at\u00e2ta timp c\u00e2t cineva are grij\u0103 de ele.<\/strong><\/p>\n\n\n\n<p>\u0218i a\u0219a, \u00een lini\u0219tea unei livezi vechi, dou\u0103 suflete \u2014 unul r\u0103t\u0103cit, altul obosit \u2014 au \u00eenv\u0103\u021bat din nou ce \u00eenseamn\u0103 <strong>acas\u0103<\/strong>. \ud83c\udf4e\ud83d\udc9b<\/p>\n\n\n\n<p><\/p>\n","protected":false},"excerpt":{"rendered":"<p>Lumea m\u0103 uitase, a\u0219a credeam, \u0219i \u00een majoritatea zilelor asta m\u0103 f\u0103cea fericit\u0103. Dar c\u00e2nd un b\u0103iat obraznic cu fa\u021ba murdar\u0103 \u0219i secrete \u00een ochi<\/p>\n","protected":false},"author":1,"featured_media":39187,"comment_status":"closed","ping_status":"closed","sticky":false,"template":"","format":"standard","meta":[],"categories":[1],"tags":[],"_links":{"self":[{"href":"https:\/\/calatorinromania.com\/index.php?rest_route=\/wp\/v2\/posts\/39459"}],"collection":[{"href":"https:\/\/calatorinromania.com\/index.php?rest_route=\/wp\/v2\/posts"}],"about":[{"href":"https:\/\/calatorinromania.com\/index.php?rest_route=\/wp\/v2\/types\/post"}],"author":[{"embeddable":true,"href":"https:\/\/calatorinromania.com\/index.php?rest_route=\/wp\/v2\/users\/1"}],"replies":[{"embeddable":true,"href":"https:\/\/calatorinromania.com\/index.php?rest_route=%2Fwp%2Fv2%2Fcomments&post=39459"}],"version-history":[{"count":1,"href":"https:\/\/calatorinromania.com\/index.php?rest_route=\/wp\/v2\/posts\/39459\/revisions"}],"predecessor-version":[{"id":39460,"href":"https:\/\/calatorinromania.com\/index.php?rest_route=\/wp\/v2\/posts\/39459\/revisions\/39460"}],"wp:featuredmedia":[{"embeddable":true,"href":"https:\/\/calatorinromania.com\/index.php?rest_route=\/wp\/v2\/media\/39187"}],"wp:attachment":[{"href":"https:\/\/calatorinromania.com\/index.php?rest_route=%2Fwp%2Fv2%2Fmedia&parent=39459"}],"wp:term":[{"taxonomy":"category","embeddable":true,"href":"https:\/\/calatorinromania.com\/index.php?rest_route=%2Fwp%2Fv2%2Fcategories&post=39459"},{"taxonomy":"post_tag","embeddable":true,"href":"https:\/\/calatorinromania.com\/index.php?rest_route=%2Fwp%2Fv2%2Ftags&post=39459"}],"curies":[{"name":"wp","href":"https:\/\/api.w.org\/{rel}","templated":true}]}}