{"id":39453,"date":"2025-05-23T09:21:44","date_gmt":"2025-05-23T09:21:44","guid":{"rendered":"https:\/\/calatorinromania.com\/?p=39453"},"modified":"2025-05-23T09:21:44","modified_gmt":"2025-05-23T09:21:44","slug":"toata-satul-a-ramas-cu-gura-cascata-de-uimire","status":"publish","type":"post","link":"https:\/\/calatorinromania.com\/?p=39453","title":{"rendered":"Toat\u0103 satul a r\u0103mas cu gura c\u0103scat\u0103 de uimire!"},"content":{"rendered":"\n<p><strong>Toat\u0103 satul a r\u0103mas cu gura c\u0103scat\u0103 de uimire! Cum adic\u0103 \u2014 frumosul Tolya, b\u0103iatul preferat al satului, s-a \u00eentors din armat\u0103 cu O A\u0218A nevast\u0103&#8230;??? \ud83d\ude31\ud83d\ude31\ud83d\ude31<\/strong><\/p>\n\n\n\n<p>De la \u00eenceput, cuplul \u0103sta ciud\u0103\u021bel a st\u00e2rnit un adev\u0103rat scandal \u00een sat. Jum\u0103tate dintre fetele de pe aici fierbeau de ciud\u0103 \u2014 c\u0103 nu era vorba de oricine, ci chiar de Anatolie, cel care f\u0103cea inimile fetelor s\u0103 tresar\u0103 doar c\u00e2nd ap\u0103rea. \u0218i \u00een loc s\u0103 aduc\u0103 acas\u0103 o frumuse\u021be, s-a \u00eentors cu&#8230; ei bine, o fat\u0103 cam nesp\u0103lat\u0103, sincer s\u0103 fim.<\/p>\n\n\n\n<p>Mic\u0103 de statur\u0103, slab\u0103, cu urechi mari \u2014 da\u2019 cu ni\u0219te ochi alba\u0219tri incredibili, de parc\u0103 luminau! \u0218i partea cea mai \u0219ocant\u0103 \u2014 fata asta era deja nevasta lui cu acte \u00een regul\u0103! Cum e posibil a\u0219a ceva?!<\/p>\n\n\n\n<p>Dar cea mai sup\u0103rat\u0103 era Oksanka \u2014 vecina \u0219i fosta coleg\u0103 de clas\u0103 a lui Tolya.<\/p>\n\n\n\n<p>Ea era considerat\u0103 floarea satului \u2014 frumoas\u0103, admirat\u0103 de to\u021bi. Cu ani \u00een urm\u0103, Anatolie o dusese acas\u0103 dup\u0103 o hor\u0103, iar Oksanka deja \u00ee\u0219i f\u0103cuse un film \u00eentreg cu dragoste, nunt\u0103 \u0219i copii. L-a a\u0219teptat din armat\u0103, i-a scris scrisori, visa la rochia de mireas\u0103, fiind convins\u0103 c\u0103 el o iube\u0219te. De\u0219i Tolya i-a r\u0103spuns doar de dou\u0103 ori la \u00eenceput \u0219i apoi n-a mai zis nimic, Oksanka nu s-a l\u0103sat \u2014 spunea tuturor c\u0103, atunci c\u00e2nd se \u00eentoarce, sigur se \u00eensoar\u0103 cu ea. Pentru ea, asta era deja b\u0103tut \u00een cuie.<\/p>\n\n\n\n<hr class=\"wp-block-separator has-alpha-channel-opacity\"\/>\n\n\n\n<p>\u00cen primele zile, lumea tot tr\u0103gea cu ochiul peste gard la noua nevast\u0103. O chema Mira \u0219i nu p\u0103rea s\u0103 se supere c\u0103 to\u021bi o judecau din priviri. Mergea cu capul sus, z\u00e2mbea frumos \u0219i \u00ee\u0219i vedea de treab\u0103. \u00cen c\u00e2teva zile, curtea lui Tolya era ca scoas\u0103 din revist\u0103: flori, cur\u0103\u021benie, p\u00e2n\u0103 \u0219i cote\u021bul g\u0103inilor p\u0103rea nou vopsit. Cineva zicea c\u0103 Mira chiar \u0219tie s\u0103 repare soba, \u0219i c\u0103 ea i-a f\u0103cut bunicii lui Tolya ni\u0219te leacuri pentru reumatism.<\/p>\n\n\n\n<p>Dar s\u0103tenii tot bomb\u0103neau: \u201eE ur\u00e2t\u0103!\u201d, \u201eAre fa\u021ba aia ascu\u021bit\u0103, parc\u0103-i vulpe!\u201d, \u201eTolya sigur a fost vr\u0103jit!\u201d<\/p>\n\n\n\n<p>Oksanka, r\u0103nit\u0103 \u00een orgoliu, a \u00eenceput s\u0103 lanseze zvonuri. Ba c\u0103 Mira e de fapt o fat\u0103 s\u0103rac\u0103 luat\u0103 din mil\u0103, ba c\u0103 e vreo orfan\u0103 f\u0103r\u0103 nume. Dar nimic nu \u021binea mult, fiindc\u0103 Mira era calm\u0103, politicoas\u0103 \u0219i, ciudat, \u00eencepea s\u0103 le c\u00e2\u0219tige simpatia b\u0103tr\u00e2nelor din sat.<\/p>\n\n\n\n<p>Dup\u0103 vreo lun\u0103, s-a \u00eent\u00e2mplat ceva care a schimbat totul.<\/p>\n\n\n\n<p>Doctori\u021ba de la sat s-a \u00eemboln\u0103vit grav. Nu mai putea veni la dispensar. Mira, f\u0103r\u0103 tam-tam, a intrat \u00een locul ei. Asta da surpriz\u0103! Se pare c\u0103 Mira avea \u0219coal\u0103 medical\u0103 serioas\u0103, \u0219i chiar lucrase \u00een spital militar. \u0218tia s\u0103 pun\u0103 perfuzii, s\u0103 verifice tensiunea, s\u0103 \u00eengrijeasc\u0103 r\u0103ni \u2014 tot! \u00centr-o zi, a salvat via\u021ba unui copil care f\u0103cuse o criz\u0103 de apendicit\u0103. L-a stabilizat p\u00e2n\u0103 a venit ambulan\u021ba din ora\u0219.<\/p>\n\n\n\n<p>Satul a t\u0103cut.<\/p>\n\n\n\n<p>P\u00e2n\u0103 \u0219i Oksanka, cu toat\u0103 m\u00e2ndria ei, a \u00eenghi\u021bit \u00een sec c\u00e2nd mama ei i-a zis: \u201eFata asta, ur\u00e2t\u0103 sau nu, valoreaz\u0103 c\u00e2t zece din tine.\u201d<\/p>\n\n\n\n<p>\u00centr-o duminic\u0103, la biseric\u0103, p\u0103rintele a spus: \u201eNu frumuse\u021bea \u021bine casa, ci mintea, inima \u0219i sufletul.\u201d<\/p>\n\n\n\n<p>De atunci, Mira a fost v\u0103zut\u0103 altfel. Nu ca o ciudat\u0103, ci ca o femeie puternic\u0103, bun\u0103 \u0219i de\u0219teapt\u0103. Iar Tolya? El doar z\u00e2mbea \u0219i spunea: \u201eA\u0219a e c\u00e2nd iube\u0219ti cu ochii sufletului, nu cu ai capului.\u201d<\/p>\n\n\n\n<p>\u0218i a\u0219a, satul \u0219i-a \u00eenchis gura. Iar Mira&#8230; Mira a devenit, \u00eencet-\u00eencet, cea mai respectat\u0103 femeie din toat\u0103 mahalaua.<\/p>\n","protected":false},"excerpt":{"rendered":"<p>Toat\u0103 satul a r\u0103mas cu gura c\u0103scat\u0103 de uimire! Cum adic\u0103 \u2014 frumosul Tolya, b\u0103iatul preferat al satului, s-a \u00eentors din armat\u0103 cu O A\u0218A<\/p>\n","protected":false},"author":1,"featured_media":39187,"comment_status":"closed","ping_status":"closed","sticky":false,"template":"","format":"standard","meta":[],"categories":[1],"tags":[],"_links":{"self":[{"href":"https:\/\/calatorinromania.com\/index.php?rest_route=\/wp\/v2\/posts\/39453"}],"collection":[{"href":"https:\/\/calatorinromania.com\/index.php?rest_route=\/wp\/v2\/posts"}],"about":[{"href":"https:\/\/calatorinromania.com\/index.php?rest_route=\/wp\/v2\/types\/post"}],"author":[{"embeddable":true,"href":"https:\/\/calatorinromania.com\/index.php?rest_route=\/wp\/v2\/users\/1"}],"replies":[{"embeddable":true,"href":"https:\/\/calatorinromania.com\/index.php?rest_route=%2Fwp%2Fv2%2Fcomments&post=39453"}],"version-history":[{"count":1,"href":"https:\/\/calatorinromania.com\/index.php?rest_route=\/wp\/v2\/posts\/39453\/revisions"}],"predecessor-version":[{"id":39454,"href":"https:\/\/calatorinromania.com\/index.php?rest_route=\/wp\/v2\/posts\/39453\/revisions\/39454"}],"wp:featuredmedia":[{"embeddable":true,"href":"https:\/\/calatorinromania.com\/index.php?rest_route=\/wp\/v2\/media\/39187"}],"wp:attachment":[{"href":"https:\/\/calatorinromania.com\/index.php?rest_route=%2Fwp%2Fv2%2Fmedia&parent=39453"}],"wp:term":[{"taxonomy":"category","embeddable":true,"href":"https:\/\/calatorinromania.com\/index.php?rest_route=%2Fwp%2Fv2%2Fcategories&post=39453"},{"taxonomy":"post_tag","embeddable":true,"href":"https:\/\/calatorinromania.com\/index.php?rest_route=%2Fwp%2Fv2%2Ftags&post=39453"}],"curies":[{"name":"wp","href":"https:\/\/api.w.org\/{rel}","templated":true}]}}