{"id":39445,"date":"2025-05-23T09:07:19","date_gmt":"2025-05-23T09:07:19","guid":{"rendered":"https:\/\/calatorinromania.com\/?p=39445"},"modified":"2025-05-23T09:07:19","modified_gmt":"2025-05-23T09:07:19","slug":"un-adolescent-paralizat-intra-in-arena-ce-a-facut-armasarul-salbatic-in-clipa-urmatoare-i-a-facut-pe-toti-sa-planga","status":"publish","type":"post","link":"https:\/\/calatorinromania.com\/?p=39445","title":{"rendered":"Un adolescent paralizat intr\u0103 \u00een aren\u0103! Ce a f\u0103cut arm\u0103sarul s\u0103lbatic \u00een clipa urm\u0103toare i-a f\u0103cut pe to\u021bi s\u0103 pl\u00e2ng\u0103&#8230;&nbsp;"},"content":{"rendered":"\n<p>V\u00e2ntul aducea o r\u0103coare pl\u0103cut\u0103 de ploaie, dar mul\u021bimea din tribune nici nu o sim\u021bea. Zeci de ochi priveau spre centrul arenei,\u00a0unde tocmai se \u00eencheiase un alt spectacol. Spectatorii aplaudau, discutau, glumeau. Nimeni nu b\u0103nuia c\u0103 vor fi martorii nu doar ai unui show, ci ai unui moment mult mai profund.<\/p>\n\n\n\n<p><\/p>\n\n\n\n<p>\u2014 \u00cel vezi? \u2014 se aplec\u0103 un dresor b\u0103tr\u00e2n spre colegul s\u0103u, str\u00e2ng\u00e2nd ochii.<\/p>\n\n\n\n<p>\u2014 Da&#8230; dar nu \u00een\u021beleg ce se \u00eent\u00e2mpl\u0103. Cine e?<\/p>\n\n\n\n<p><\/p>\n\n\n\n<p>Pe cealalt\u0103 parte a arenei ap\u0103ru o siluet\u0103. Nu un c\u0103l\u0103re\u021b. Nu un antrenor. Un b\u0103iat \u00eentr-un scaun cu rotile. Singur. F\u0103r\u0103 \u00eenso\u021bitor, f\u0103r\u0103 fr\u00e2u, f\u0103r\u0103 casc\u0103, f\u0103r\u0103 team\u0103. Ro\u021bile sc\u00e2r\u021b\u00e2iau \u00eencet pe p\u0103m\u00e2ntul umed, spintec\u00e2nd t\u0103cerea care c\u0103zuse peste mul\u021bime.<\/p>\n\n\n\n<p><\/p>\n\n\n\n<p>\u2014 E o glum\u0103? \u2014 strig\u0103 unul dintre antrenorii mai tineri. \u2014 Face parte din spectacol?<\/p>\n\n\n\n<p><\/p>\n\n\n\n<p>Dar nimeni nu r\u00e2dea. Privirile deveniser\u0103 serioase, atente. \u00cen m\u00e2inile b\u0103iatului nu era nici bici, nici steag \u2014 nu p\u0103rea un participant. Dar felul \u00een care \u00ee\u0219i \u021binea capul sus, postura lui, nu permiteau s\u0103 fie ignorat.<\/p>\n\n\n\n<p><\/p>\n\n\n\n<p>Apoi s-a \u00eent\u00e2mplat ceva \u0219i mai ciudat.<\/p>\n\n\n\n<p><\/p>\n\n\n\n<p>Por\u021bile de la cel\u0103lalt cap\u0103t al arenei s-au deschis sc\u00e2r\u021b\u00e2ind \u2014 iar toate privirile s-au \u00eentors brusc \u00eentr-acolo. Din umbr\u0103 a ie\u0219it el.<\/p>\n\n\n\n<p><\/p>\n\n\n\n<p>Negru. Puternic. Cu coama zbur\u00e2nd \u00een toate direc\u021biile, ca un foc viu. \u00cel numeau Furtun\u0103, Fia\u00adr\u0103, Blestematul \u2014 arm\u0103sarul pe care nimeni nu reu\u0219ise s\u0103-l \u00eembl\u00e2nzeasc\u0103. Renumit pentru firea lui n\u0103prasnic\u0103, agresivitatea \u0219i furia nest\u0103vilit\u0103. Antrenorii \u00eencercaser\u0103 totul: dresaj, fric\u0103, momeal\u0103 \u2014 \u00een zadar. Se spunea c\u0103 pe unul l-a aruncat peste gard, iar altul a stat \u00een spital s\u0103pt\u0103m\u00e2ni \u00eentregi.<\/p>\n\n\n\n<p>\u0218i acum, aceast\u0103 fiar\u0103 galopa&#8230; direct spre adolescentul \u00een scaun cu rotile.<\/p>\n\n\n\n<p>\u2014 Doamne\u2026 \u2014 \u0219opti cineva, \u00eenfrico\u0219at.<\/p>\n\n\n\n<p>\u2014 Trebuie s\u0103 oprim asta! \u2014 strig\u0103 o femeie cu vest\u0103 oficial\u0103.<\/p>\n\n\n\n<p>Dar era prea t\u00e2rziu.<\/p>\n\n\n\n<p>Arm\u0103sarul negru se repezea, un v\u00e2rtej de for\u021b\u0103 s\u0103lbatic\u0103. Copitele \u00eei sf\u00e2\u0219iau p\u0103m\u00e2ntul. Ochii \u00eei ardeau de furie \u0219i dispre\u021b. Chiar \u0219i cei din spatele gardului se retr\u0103geau speria\u021bi.<\/p>\n\n\n\n<p>Dar b\u0103iatul\u2026 nu s-a clintit.<\/p>\n\n\n\n<p>N-a \u021bipat. N-a ridicat m\u00e2inile s\u0103 se apere. Palmele lui st\u0103teau lini\u0219tite pe ro\u021bi. Ochii \u2013 fixa\u021bi drept \u00een privirea arz\u0103toare a arm\u0103sarului.<\/p>\n\n\n\n<p>Distan\u021ba se mic\u0219ora. Dou\u0103zeci de pa\u0219i. Zece. Cinci\u2026<\/p>\n\n\n\n<p>\u0218i atunci\u2026 s-a \u00eent\u00e2mplat ceva ce a schimbat totul \u00eentr-o clip\u0103.<\/p>\n\n\n\n<p>Ceva ce nimeni nu a prev\u0103zut.<\/p>\n\n\n\n<p>Ceva ce a f\u0103cut \u0219i pe cei mai insensibili din sal\u0103 s\u0103-\u0219i \u021bin\u0103 respira\u021bia.<\/p>\n\n\n\n<p>Iar pe unii \u2014 s\u0103-\u0219i \u0219tearg\u0103 o lacrim\u0103, f\u0103r\u0103 s\u0103 \u0219tie exact DE CE&#8230;<\/p>\n\n\n\n<p>Arm\u0103sarul s\u0103lbatic se opri.<\/p>\n\n\n\n<p>Brusc. La doar un pas de b\u0103iat.<\/p>\n\n\n\n<p>P\u0103m\u00e2ntul se cutremur\u0103 u\u0219or sub copitele lui uria\u0219e, iar aburul i se ridica din n\u0103ri ca un nor de fum. Furtun\u0103 ridic\u0103 fruntea, nechez\u0103 scurt \u0219i r\u0103mase nemi\u0219cat \u2014 privindu-l pe copil ca \u0219i cum l-ar fi recunoscut.<\/p>\n\n\n\n<p>O lini\u0219te ad\u00e2nc\u0103 se a\u0219ternu peste aren\u0103. P\u0103rea c\u0103 timpul \u00eensu\u0219i se oprise s\u0103 priveasc\u0103.<\/p>\n\n\n\n<p>B\u0103iatul a \u00eentins o m\u00e2n\u0103.<\/p>\n\n\n\n<p>Tremura u\u0219or, dar nu de fric\u0103. Ci de ceva mult mai profund \u2014 o emo\u021bie care nici nu avea nume. Ochii i se umezeau, dar nu clipi. Nu voia s\u0103 piard\u0103 nicio clip\u0103 din acea conexiune.<\/p>\n\n\n\n<p>\u0218i apoi&#8230;<\/p>\n\n\n\n<p>\ud83d\udc0e <strong>Furtun\u0103 a \u00eengenuncheat<\/strong>.<\/p>\n\n\n\n<p>Da. Cu un oftat ad\u00e2nc \u0219i bl\u00e2nd, de parc\u0103 toat\u0103 furia i-ar fi fost sp\u0103lat\u0103 de ploaia care \u00eencepea s\u0103 cad\u0103 lin, arm\u0103sarul s-a l\u0103sat \u00eencet pe genunchi, cu capul plecat \u00een fa\u021ba b\u0103iatului.<\/p>\n\n\n\n<p>Un suspin colectiv se auzi din tribune. Cineva izbucni \u00een pl\u00e2ns. Altcineva a c\u0103zut \u00een genunchi, \u00eenm\u0103rmurit.<\/p>\n\n\n\n<p>B\u0103iatul a atins u\u0219or fruntea calului cu degetele lui firave, iar fiara \u2014 fiara de care to\u021bi se temeau \u2014 \u00eenchise ochii, ca \u00eentr-o rug\u0103ciune.<\/p>\n\n\n\n<p>\u2014 Cum&#8230;? \u2014 \u0219opti antrenorul b\u0103tr\u00e2n. \u2014 Ce&#8230; i-a f\u0103cut?<\/p>\n\n\n\n<p>Dar nu era magie.<\/p>\n\n\n\n<p>Era ceva mult mai rar \u0219i mai puternic.<\/p>\n\n\n\n<p><strong>\u00cen\u021belegere. Curaj. T\u0103cere. Acceptare.<\/strong> Toate \u00een acea privire f\u0103r\u0103 fric\u0103 a unui copil care \u0219tia ce \u00eenseamn\u0103 s\u0103 lup\u021bi zi de zi&#8230; s\u0103 cazi&#8230; s\u0103 te ridici din nou, chiar dac\u0103 nu po\u021bi merge niciodat\u0103.<\/p>\n\n\n\n<p>Furtun\u0103 sim\u021bise asta.<\/p>\n\n\n\n<p>Nu cu mintea, ci cu inima. \u0218i o fiar\u0103 adev\u0103rat\u0103 recunoa\u0219te durerea adev\u0103rat\u0103.<\/p>\n\n\n\n<p>Apoi, b\u0103iatul a z\u00e2mbit. Un z\u00e2mbet bl\u00e2nd, care a spart norii \u0219i a luminat fe\u021bele tuturor.<\/p>\n\n\n\n<p>\u2014 Vrei s\u0103 fii al meu? \u2014 a \u00eentrebat \u00eencet, aproape \u00eentr-o \u0219oapt\u0103.<\/p>\n\n\n\n<p>Furtun\u0103 a ridicat capul \u0219i a dat din coam\u0103 ca un semn. Apoi, cu o mi\u0219care nea\u0219teptat\u0103, \u0219i-a a\u0219ezat g\u00e2tul gros \u0219i cald l\u00e2ng\u0103 scaunul b\u0103iatului.<\/p>\n\n\n\n<p>Ca s\u0103 se urce.<\/p>\n\n\n\n<p>Ca s\u0103-l ia.<\/p>\n\n\n\n<p>Ca pe <strong>egalul<\/strong> s\u0103u.<\/p>\n\n\n\n<p>\ud83d\udc94 <em>\u0218i atunci&#8230; nimeni nu a mai r\u0103mas neatins.<\/em><\/p>\n\n\n\n<p>Un val de aplauze a izbucnit, dar nu era zgomotos. Era un fel de recuno\u0219tin\u021b\u0103, ca o rug\u0103 mut\u0103 pentru ceea ce tocmai v\u0103zuser\u0103.<\/p>\n\n\n\n<p>\u00cen acea zi, \u00een acea aren\u0103, nu s-a dresat un cal. Nu s-a demonstrat for\u021b\u0103.<br>S-a demonstrat <strong>speran\u021b\u0103<\/strong>.<br>C\u0103 acolo unde nimeni nu mai crede, poate r\u0103s\u0103ri ceva sf\u00e2nt.<\/p>\n\n\n\n<hr class=\"wp-block-separator has-alpha-channel-opacity\"\/>\n\n\n\n<p>\ud83d\udcdd <em>Uneori, cei mai puternici nu sunt cei care pot s\u0103 mearg\u0103, ci cei care pot s\u0103 stea drep\u021bi&#8230; chiar \u0219i atunci c\u00e2nd via\u021ba i-a pus jos.<\/em><\/p>\n\n\n\n<h2>\ud83d\udc34 Partea a II-a \u2014 <em>Fiara \u0219i Copilul<\/em><\/h2>\n\n\n\n<p>Dup\u0103 acea zi, nimic nu a mai fost la fel.<\/p>\n\n\n\n<p>To\u021bi cei care fuseser\u0103 \u00een aren\u0103 au povestit \u00eent\u00e2mplarea cu lacrimi \u00een ochi. Videoclipul a devenit viral \u00een c\u00e2teva ore, iar \u00een c\u00e2teva zile, \u00eentreaga lume \u00eel cuno\u0219tea pe b\u0103iatul din scaunul cu rotile \u0219i pe arm\u0103sarul Furtun\u0103.<\/p>\n\n\n\n<p>\ud83d\udcfa Emisiuni. Interviuri. Reportaje. Dar b\u0103iatul, pe nume <strong>Luca<\/strong>, nu c\u0103uta faim\u0103.<\/p>\n\n\n\n<p>\u2014 Nu vreau s\u0103 fiu vedet\u0103, spunea. Vreau doar&#8230; s\u0103 c\u0103l\u0103resc.<\/p>\n\n\n\n<p>\ud83d\udcac \u0218i a\u0219a a \u00eenceput totul.<\/p>\n\n\n\n<h3>O leg\u0103tur\u0103 de ne\u00een\u021beles<\/h3>\n\n\n\n<p>Luca \u0219i Furtun\u0103 deveniser\u0103 <strong>inseparabili<\/strong>. Diminea\u021ba, calul \u00eel a\u0219tepta deja l\u00e2ng\u0103 grajd, nechez\u00e2nd u\u0219or. Luca \u00eenv\u0103\u021base s\u0103 se ridice din scaun, cu ajutorul unei schele speciale, \u0219i s\u0103 urce pe spatele arm\u0103sarului.<\/p>\n\n\n\n<p>F\u0103r\u0103 \u0219a. F\u0103r\u0103 fr\u00e2u. Doar <strong>\u00eencredere<\/strong>.<\/p>\n\n\n\n<p>Zburau \u00eempreun\u0103 pe c\u00e2mpurile ude, prin p\u0103duri, peste dealuri \u2014 iar acolo, pe spinarea calului, Luca nu mai era &#8222;copilul paralizat&#8221;. Era <strong>liber<\/strong>.<\/p>\n\n\n\n<h3>Primul concurs<\/h3>\n\n\n\n<p>La c\u00e2teva luni dup\u0103 \u00eent\u00e2lnirea lor, un antrenor i-a spus:<\/p>\n\n\n\n<p>\u2014 Luca&#8230; ai vrea s\u0103 participi la un concurs de dresaj?<br>\u2014 Eu? Dar&#8230; nu pot nici s\u0103 stau pe cal ca lumea&#8230;<\/p>\n\n\n\n<p>\u2014 Tocmai de aceea, zise antrenorul. Pentru c\u0103 po\u021bi ceva ce al\u021bii nu pot. <em>Iube\u0219ti cu totul.<\/em><\/p>\n\n\n\n<p>\ud83d\udca1 Competi\u021bia a fost un succes. Nu a c\u00e2\u0219tigat locul 1 \u2014 dar a c\u00e2\u0219tigat ceva mai mare: <strong>inimile tuturor<\/strong>.<\/p>\n\n\n\n<p>Juriul, publicul, ceilal\u021bi c\u0103l\u0103re\u021bi \u2014 to\u021bi s-au ridicat \u00een picioare. Unii au aplaudat. Al\u021bii au pl\u00e2ns. To\u021bi au sim\u021bit.<\/p>\n\n\n\n<blockquote class=\"wp-block-quote\">\n<p>&#8222;E mai mult dec\u00e2t echita\u021bie&#8221;, a spus un jurat.<br>&#8222;E o lec\u021bie despre via\u021b\u0103.&#8221;<\/p>\n<\/blockquote>\n\n\n\n<hr class=\"wp-block-separator has-alpha-channel-opacity\"\/>\n\n\n\n<h3>\ud83d\udc96 <em>Un simbol pentru al\u021bi copii<\/em><\/h3>\n\n\n\n<p>Dup\u0103 acel moment, Luca a primit sute de scrisori de la copii din toat\u0103 lumea.<\/p>\n\n\n\n<p>\ud83d\udcec &#8222;M-ai f\u0103cut s\u0103 nu-mi mai fie ru\u0219ine c\u0103 merg cu cadru.&#8221;<br>\ud83d\udcec &#8222;Vreau \u0219i eu s\u0103 c\u0103l\u0103resc, chiar dac\u0103 nu am picioarele \u00eentregi.&#8221;<br>\ud83d\udcec &#8222;Datorit\u0103 \u021bie, nu mai simt c\u0103 sunt defect.&#8221;<\/p>\n\n\n\n<p>A\u0219a s-a n\u0103scut <strong>Proiectul &#8222;Copii pe aripi&#8221;<\/strong> \u2014 un loc unde copii cu dizabilit\u0103\u021bi vin s\u0103 \u00eenve\u021be s\u0103 c\u0103l\u0103reasc\u0103. Nu ca terapie. Nu ca distrac\u021bie. Ci ca <strong>declara\u021bie de curaj<\/strong>.<\/p>\n\n\n\n<p>\ud83d\udc0e Iar Furtun\u0103? A devenit sufletul centrului.<\/p>\n\n\n\n<p>Nu mai era &#8222;fiara&#8221;, &#8222;blestematul&#8221;, &#8222;pericolul&#8221;. Era:<\/p>\n\n\n\n<blockquote class=\"wp-block-quote\">\n<p><strong>&#8222;C\u0103l\u0103uza celor f\u0103r\u0103 team\u0103.&#8221;<\/strong><\/p>\n<\/blockquote>\n\n\n\n<hr class=\"wp-block-separator has-alpha-channel-opacity\"\/>\n\n\n\n<h3>\ud83d\udd4a\ufe0f Epilog<\/h3>\n\n\n\n<p>\u00centr-o zi, Luca a fost \u00eentrebat:<\/p>\n\n\n\n<p>\u2014 Cum ai \u0219tiut c\u0103 nu te va r\u0103ni?<\/p>\n\n\n\n<p>B\u0103iatul a z\u00e2mbit u\u0219or \u0219i a spus:<\/p>\n\n\n\n<blockquote class=\"wp-block-quote\">\n<p>\u2014 Pentru c\u0103 \u0219i el era ca mine. Speriat. R\u0103nit. Obosit. Dar dornic s\u0103 fie iubit din nou.<\/p>\n<\/blockquote>\n\n\n\n<hr class=\"wp-block-separator has-alpha-channel-opacity\"\/>\n\n\n\n<p>\ud83e\udd79 <em>Povestea lor ne aminte\u0219te c\u0103 uneori, cei mai puternici r\u0103zboinici nu lupt\u0103 cu s\u0103bii \u2014 ci cu bl\u00e2nde\u021be. \u0218i c\u0103 inimile r\u0103nite se pot vindeca&#8230; dac\u0103 se \u00eent\u00e2lnesc.<\/em><\/p>\n\n\n\n<p><\/p>\n\n\n\n<p><\/p>\n","protected":false},"excerpt":{"rendered":"<p>V\u00e2ntul aducea o r\u0103coare pl\u0103cut\u0103 de ploaie, dar mul\u021bimea din tribune nici nu o sim\u021bea. Zeci de ochi priveau spre centrul arenei,\u00a0unde tocmai se \u00eencheiase<\/p>\n","protected":false},"author":1,"featured_media":39187,"comment_status":"closed","ping_status":"closed","sticky":false,"template":"","format":"standard","meta":[],"categories":[1],"tags":[],"_links":{"self":[{"href":"https:\/\/calatorinromania.com\/index.php?rest_route=\/wp\/v2\/posts\/39445"}],"collection":[{"href":"https:\/\/calatorinromania.com\/index.php?rest_route=\/wp\/v2\/posts"}],"about":[{"href":"https:\/\/calatorinromania.com\/index.php?rest_route=\/wp\/v2\/types\/post"}],"author":[{"embeddable":true,"href":"https:\/\/calatorinromania.com\/index.php?rest_route=\/wp\/v2\/users\/1"}],"replies":[{"embeddable":true,"href":"https:\/\/calatorinromania.com\/index.php?rest_route=%2Fwp%2Fv2%2Fcomments&post=39445"}],"version-history":[{"count":1,"href":"https:\/\/calatorinromania.com\/index.php?rest_route=\/wp\/v2\/posts\/39445\/revisions"}],"predecessor-version":[{"id":39446,"href":"https:\/\/calatorinromania.com\/index.php?rest_route=\/wp\/v2\/posts\/39445\/revisions\/39446"}],"wp:featuredmedia":[{"embeddable":true,"href":"https:\/\/calatorinromania.com\/index.php?rest_route=\/wp\/v2\/media\/39187"}],"wp:attachment":[{"href":"https:\/\/calatorinromania.com\/index.php?rest_route=%2Fwp%2Fv2%2Fmedia&parent=39445"}],"wp:term":[{"taxonomy":"category","embeddable":true,"href":"https:\/\/calatorinromania.com\/index.php?rest_route=%2Fwp%2Fv2%2Fcategories&post=39445"},{"taxonomy":"post_tag","embeddable":true,"href":"https:\/\/calatorinromania.com\/index.php?rest_route=%2Fwp%2Fv2%2Ftags&post=39445"}],"curies":[{"name":"wp","href":"https:\/\/api.w.org\/{rel}","templated":true}]}}