{"id":39437,"date":"2025-05-23T06:53:10","date_gmt":"2025-05-23T06:53:10","guid":{"rendered":"https:\/\/calatorinromania.com\/?p=39437"},"modified":"2025-05-23T06:53:10","modified_gmt":"2025-05-23T06:53:10","slug":"zbor-frecvent-cu-avionul-si-de-fiecare-data-ma-confrunt","status":"publish","type":"post","link":"https:\/\/calatorinromania.com\/?p=39437","title":{"rendered":"Zbor frecvent cu avionul \u0219i de fiecare dat\u0103 m\u0103 confrunt"},"content":{"rendered":"\n<h3>DISCLAIMER: Acest site este neutru din punct de vedere politic \u0219i nu sus\u021bine niciun partid sau ideologie politic\u0103.<\/h3>\n\n\n\n<p><\/p>\n\n\n\n<p>Zbor frecvent cu avionul \u0219i de fiecare dat\u0103 m\u0103 confrunt cu aceea\u0219i problem\u0103: am o greutate peste medie \u0219i, fizic, nu \u00eencap \u00eentr-un scaun standard f\u0103r\u0103 s\u0103-l incomodez pe vecinul de l\u00e2ng\u0103 mine.<\/p>\n\n\n\n<p><\/p>\n\n\n\n<p>A\u0219a c\u0103, din respect fa\u021b\u0103 de mine \u0219i fa\u021b\u0103 de ceilal\u021bi, am decis s\u0103 cump\u0103r \u00eentotdeauna dou\u0103 bilete \u2014 locul de la geam \u0219i cel de l\u00e2ng\u0103, ca s\u0103 nu deranjez pe nimeni.<\/p>\n\n\n\n<p><\/p>\n\n\n\n<p>M-am a\u0219ezat, m-am prins cu centura, c\u00e2nd deodat\u0103 s-a apropiat o femeie cu un copil mic. F\u0103r\u0103 s\u0103 \u00eentrebe nimic, \u0219i-a pus copilul pe locul liber de l\u00e2ng\u0103 mine.\u00a0<\/p>\n\n\n\n<p><\/p>\n\n\n\n<p>I-am explicat calm c\u0103 \u0219i acel loc \u00eemi apar\u021bine, c\u0103 am pl\u0103tit pentru el \u0219i c\u0103 am nevoie de el din motive personale.<\/p>\n\n\n\n<p><\/p>\n\n\n\n<p>Dar femeia a \u00eenceput s\u0103 se revolte cu voce tare:<\/p>\n\n\n\n<p><br>\u2014 \u201eSerios? \u021ai-e mil\u0103 de un loc pentru un copil?!\u201d<\/p>\n\n\n\n<p>Imediat s-au al\u0103turat \u0219i al\u021bi \u201ebinevoitori\u201d din jur:<br>\u2014 \u201eE totu\u0219i un copil!\u201d<\/p>\n\n\n\n<p>Sim\u021beam cum to\u021bi m\u0103 priveau cu judecat\u0103. Dar \u0219tiam c\u0103 sunt \u00een dreptul meu. \u0218i atunci am f\u0103cut ceva care a pus cap\u0103t acestui spectacol.<\/p>\n\n\n\n<p><strong>Am cump\u0103rat dou\u0103 bilete de avion, dar o mam\u0103 cu copil a \u00eencercat s\u0103-mi ia locul: iat\u0103 ce am f\u0103cut<\/strong><\/p>\n\n\n\n<p>Am ap\u0103sat calm butonul de chemare a \u00eenso\u021bitoarei de bord \u0219i i-am explicat situa\u021bia. I-am ar\u0103tat ambele c\u0103r\u021bi de \u00eembarcare \u0219i am spus:<\/p>\n\n\n\n<p>\u201eFie le g\u0103si\u021bi alt loc acestor pasageri, fie v\u0103 rog s\u0103 chema\u021bi c\u0103pitanul \u0219i s\u0103 \u00eentocmi\u021bi un raport oficial de ocupare abuziv\u0103 a locurilor pl\u0103tite. Asta \u00eencalc\u0103 regulile de transport.\u201d<\/p>\n\n\n\n<p>Totul s-a desf\u0103\u0219urat rapid. \u00censo\u021bitoarea a chemat \u0219eful de cabin\u0103. Dup\u0103 o scurt\u0103 discu\u021bie cu c\u0103pitanul, femeia \u0219i copilul au fost da\u021bi jos din avion. Se pare c\u0103 nu era prima dat\u0103 c\u00e2nd \u00eencerca astfel de \u201e\u0219mecherii\u201d \u2014 doar c\u0103 p\u00e2n\u0103 acum avusese noroc.<\/p>\n\n\n\n<p>\u00cen timp ce avionul se preg\u0103tea de decolare, \u00een jurul meu s-a f\u0103cut \u00een sf\u00e2r\u0219it lini\u0219te. C\u00e2\u021biva oameni \u0219i-au cerut scuze \u2014 de\u0219i majoritatea doar au \u00eentors privirea \u00een alt\u0103 parte.<\/p>\n\n\n\n<p><strong>P.S. Am cump\u0103rat dou\u0103 locuri pentru c\u0103 m\u0103 respect pe mine \u0219i pe ceilal\u021bi. Nu ca s\u0103 \u201ecedez\u201d celor care s-au obi\u0219nuit s\u0103 ob\u021bin\u0103 totul cu tupeu.<\/strong><\/p>\n","protected":false},"excerpt":{"rendered":"<p>DISCLAIMER: Acest site este neutru din punct de vedere politic \u0219i nu sus\u021bine niciun partid sau ideologie politic\u0103. Zbor frecvent cu avionul \u0219i de fiecare<\/p>\n","protected":false},"author":1,"featured_media":39099,"comment_status":"closed","ping_status":"closed","sticky":false,"template":"","format":"standard","meta":[],"categories":[1],"tags":[],"_links":{"self":[{"href":"https:\/\/calatorinromania.com\/index.php?rest_route=\/wp\/v2\/posts\/39437"}],"collection":[{"href":"https:\/\/calatorinromania.com\/index.php?rest_route=\/wp\/v2\/posts"}],"about":[{"href":"https:\/\/calatorinromania.com\/index.php?rest_route=\/wp\/v2\/types\/post"}],"author":[{"embeddable":true,"href":"https:\/\/calatorinromania.com\/index.php?rest_route=\/wp\/v2\/users\/1"}],"replies":[{"embeddable":true,"href":"https:\/\/calatorinromania.com\/index.php?rest_route=%2Fwp%2Fv2%2Fcomments&post=39437"}],"version-history":[{"count":1,"href":"https:\/\/calatorinromania.com\/index.php?rest_route=\/wp\/v2\/posts\/39437\/revisions"}],"predecessor-version":[{"id":39438,"href":"https:\/\/calatorinromania.com\/index.php?rest_route=\/wp\/v2\/posts\/39437\/revisions\/39438"}],"wp:featuredmedia":[{"embeddable":true,"href":"https:\/\/calatorinromania.com\/index.php?rest_route=\/wp\/v2\/media\/39099"}],"wp:attachment":[{"href":"https:\/\/calatorinromania.com\/index.php?rest_route=%2Fwp%2Fv2%2Fmedia&parent=39437"}],"wp:term":[{"taxonomy":"category","embeddable":true,"href":"https:\/\/calatorinromania.com\/index.php?rest_route=%2Fwp%2Fv2%2Fcategories&post=39437"},{"taxonomy":"post_tag","embeddable":true,"href":"https:\/\/calatorinromania.com\/index.php?rest_route=%2Fwp%2Fv2%2Ftags&post=39437"}],"curies":[{"name":"wp","href":"https:\/\/api.w.org\/{rel}","templated":true}]}}