{"id":39433,"date":"2025-05-23T06:22:53","date_gmt":"2025-05-23T06:22:53","guid":{"rendered":"https:\/\/calatorinromania.com\/?p=39433"},"modified":"2025-05-23T06:22:53","modified_gmt":"2025-05-23T06:22:53","slug":"candva-asa-mergeam-dupa-lapte","status":"publish","type":"post","link":"https:\/\/calatorinromania.com\/?p=39433","title":{"rendered":"C\u00e2ndva\u2026\u2026..a\u0219a mergeam dup\u0103 lapte."},"content":{"rendered":"\n<p>Da\u021bi un like dac\u0103 imaginea v\u0103 este familiar\u0103! Ei bine, mie chiar \u00eemi este! E adev\u0103rat c\u0103 am fost o fat\u0103 de ora\u0219 p\u00e2n\u0103 \u00een m\u0103duva oaselor, p\u00e2n\u0103 c\u00e2nd am ajuns s\u0103-mi petrec verile, \u0219i apoi, fiindc\u0103 mi-a pl\u0103cut at\u00e2t de mult, toate vacan\u021bele la str\u0103bunicii mei.<\/p>\n\n\n\n<p>Acolo omul a \u00eenv\u0103\u021bat multe. La \u00eenceput nu eram entuziasmat\u0103 de at\u00e2ta munc\u0103, pentru c\u0103 acolo nu existau momente \u00een care s\u0103 te plictise\u0219ti\u2026 Trebuia s\u0103 faci de toate: s\u0103 hr\u0103ne\u0219ti, s\u0103 m\u00e2ni turmele, s\u0103 mulgi, s\u0103 pr\u0103\u0219e\u0219ti, iar dac\u0103 eram acolo \u00een timpul culesului, s\u0103 culegem, dar apoi am \u00eendr\u0103git at\u00e2t de mult totul \u00eenc\u00e2t deja \u00eemi lipsea.. S\u0103 recunoa\u0219tem c\u0103 \u00eentre laptele UHT de 1,5% din magazin \u0219i laptele proasp\u0103t muls de la vac\u0103 exist\u0103 \u201eceva\u201d diferen\u021b\u0103\u2026 V\u0103 mai aminti\u021bi acele vremuri?<\/p>\n\n\n<div class=\"wp-block-image\">\n<figure class=\"aligncenter\"><img decoding=\"async\" src=\"http:\/\/roactual.ro\/wp-content\/uploads\/2025\/05\/1000_12644824_1107502955940619_7861934767754204735_n_20160208_191559.jpg\" alt=\"\" class=\"wp-image-11648\"\/><\/figure><\/div>\n\n\n<p>LOCALURILE DE LAPTE DIN TRECUT La auzul numelui \u201elocal de lapte\u201d, \u00een unii se poate trezi nostalgia pentru vechile magazine din vremurile trecute. \u00cenainte de schimbarea regimului, dup\u0103 \u0219coal\u0103 sau \u00een zilele libere, mul\u021bi intrau \u00een localurile de lapte pentru a sorbi acolo, la fa\u021ba locului, cafeaua cu lapte turnat\u0103 din carafa de sticl\u0103 \u0219i pentru a m\u00e2nca al\u0103turi pr\u0103jituri dulci cu stafide.<\/p>\n\n\n<div class=\"wp-block-image\">\n<figure class=\"aligncenter\"><img decoding=\"async\" src=\"http:\/\/roactual.ro\/wp-content\/uploads\/2025\/05\/tejivoregen03.jpg\" alt=\"\" class=\"wp-image-11649\"\/><\/figure><\/div>\n\n\n<p><strong>Dac\u0103 \u021bi-a pl\u0103cut povestea, nu uita s\u0103 o distribui cu prietenii t\u0103i! \u00cempreun\u0103 putem duce mai departe emo\u021bia \u0219i inspira\u021bia.<\/strong><\/p>\n","protected":false},"excerpt":{"rendered":"<p>Da\u021bi un like dac\u0103 imaginea v\u0103 este familiar\u0103! Ei bine, mie chiar \u00eemi este! E adev\u0103rat c\u0103 am fost o fat\u0103 de ora\u0219 p\u00e2n\u0103 \u00een<\/p>\n","protected":false},"author":1,"featured_media":39187,"comment_status":"closed","ping_status":"closed","sticky":false,"template":"","format":"standard","meta":[],"categories":[1],"tags":[],"_links":{"self":[{"href":"https:\/\/calatorinromania.com\/index.php?rest_route=\/wp\/v2\/posts\/39433"}],"collection":[{"href":"https:\/\/calatorinromania.com\/index.php?rest_route=\/wp\/v2\/posts"}],"about":[{"href":"https:\/\/calatorinromania.com\/index.php?rest_route=\/wp\/v2\/types\/post"}],"author":[{"embeddable":true,"href":"https:\/\/calatorinromania.com\/index.php?rest_route=\/wp\/v2\/users\/1"}],"replies":[{"embeddable":true,"href":"https:\/\/calatorinromania.com\/index.php?rest_route=%2Fwp%2Fv2%2Fcomments&post=39433"}],"version-history":[{"count":1,"href":"https:\/\/calatorinromania.com\/index.php?rest_route=\/wp\/v2\/posts\/39433\/revisions"}],"predecessor-version":[{"id":39434,"href":"https:\/\/calatorinromania.com\/index.php?rest_route=\/wp\/v2\/posts\/39433\/revisions\/39434"}],"wp:featuredmedia":[{"embeddable":true,"href":"https:\/\/calatorinromania.com\/index.php?rest_route=\/wp\/v2\/media\/39187"}],"wp:attachment":[{"href":"https:\/\/calatorinromania.com\/index.php?rest_route=%2Fwp%2Fv2%2Fmedia&parent=39433"}],"wp:term":[{"taxonomy":"category","embeddable":true,"href":"https:\/\/calatorinromania.com\/index.php?rest_route=%2Fwp%2Fv2%2Fcategories&post=39433"},{"taxonomy":"post_tag","embeddable":true,"href":"https:\/\/calatorinromania.com\/index.php?rest_route=%2Fwp%2Fv2%2Ftags&post=39433"}],"curies":[{"name":"wp","href":"https:\/\/api.w.org\/{rel}","templated":true}]}}