{"id":39431,"date":"2025-05-23T06:20:07","date_gmt":"2025-05-23T06:20:07","guid":{"rendered":"https:\/\/calatorinromania.com\/?p=39431"},"modified":"2025-05-23T06:20:07","modified_gmt":"2025-05-23T06:20:07","slug":"la-un-an-dupa-divort-am-regretat-amarnic-ca-am-plecat-la-amanta-si-am-decis-sa-ma-intorc-la-sotie","status":"publish","type":"post","link":"https:\/\/calatorinromania.com\/?p=39431","title":{"rendered":"La un an dup\u0103 divor\u021b am regretat amarnic c\u0103 am plecat la amant\u0103 \u0219i am decis s\u0103 m\u0103 \u00eentorc la so\u021bie"},"content":{"rendered":"\n<p>\u2013 Andrei, dragul meu, a \u0219optit tanti Valentina, tr\u0103g\u00e2ndu-l \u00een\u0103untru. Nu \u0219tiai? Elena a plecat cu fetele acum nou\u0103 luni. A v\u00e2ndut apartamentul unui cuplu t\u00e2n\u0103r care urmeaz\u0103 s\u0103 se mute s\u0103pt\u0103m\u00e2na viitoare.<\/p>\n\n\n\n<p><\/p>\n\n\n\n<p>\u2013 Cum\u2026 unde? a bolborosit Andrei, sim\u021bind cum podeaua \u00eei fuge de sub picioare.<\/p>\n\n\n\n<p><\/p>\n\n\n\n<p>\u2013 Dup\u0103 ce ai plecat, ea a continuat s\u0103 lucreze la acea firm\u0103 de IT. \u00centr-o zi a venit acas\u0103 radiind de fericire. Mi-a spus c\u0103 a primit o ofert\u0103 s\u0103 conduc\u0103 o filial\u0103 nou\u0103 la Bra\u0219ov. O pozi\u021bie important\u0103, cu un salariu dublu.<\/p>\n\n\n\n<p><\/p>\n\n\n\n<p>Andrei s-a pr\u0103bu\u0219it pe un scaun din buc\u0103t\u0103ria vecin\u0103.<\/p>\n\n\n\n<p><\/p>\n\n\n\n<p>\u2013 Era secretul ei, a continuat tanti Valentina turn\u00e2ndu-i un pahar cu ap\u0103. Lucra de luni de zile la un proiect important, dar nu \u021bi-a spus nimic pentru c\u0103 \u0219tia c\u0103 nu ai fi vrut s\u0103 te mu\u021bi. Ironia sor\u021bii e c\u0103 dup\u0103 plecarea ta, nimic n-a mai \u021binut-o aici.<\/p>\n\n\n\n<p><\/p>\n\n\n\n<p>B\u0103rbatul privea \u00een gol, realiz\u00e2nd c\u0103 \u00een timp ce el \u00ee\u0219i distrugea c\u0103snicia, Elena \u00ee\u0219i construia \u00een t\u0103cere un viitor str\u0103lucit.<\/p>\n\n\n\n<p><\/p>\n\n\n\n<p>\u2013 Mi-a l\u0103sat asta pentru tine, a spus b\u0103tr\u00e2na, \u00eentinz\u00e2ndu-i un plic. Spunea c\u0103 \u00eentr-o zi s-ar putea s\u0103 te \u00eentorci.<\/p>\n\n\n\n<p><\/p>\n\n\n\n<p>Cu m\u00e2ini tremur\u00e2nde, Andrei a deschis plicul. \u00cen\u0103untru era adresa ei din Bra\u0219ov \u0219i o fotografie recent\u0103 cu ea \u0219i fetele, z\u00e2mbind \u00een fa\u021ba unei case frumoase cu gr\u0103din\u0103.<\/p>\n\n\n\n<p><\/p>\n\n\n\n<p>Pe verso scria simplu: \u201eDac\u0103 vei regreta vreodat\u0103, \u0219tii unde s\u0103 ne g\u0103se\u0219ti. Dar vino doar dac\u0103 e\u0219ti sigur c\u0103 de data aceasta r\u0103m\u00e2i.\u201d<\/p>\n\n\n\n<p><\/p>\n\n\n\n<p><strong>Dac\u0103 \u021bi-a pl\u0103cut povestea, nu uita s\u0103 o distribui cu prietenii t\u0103i! \u00cempreun\u0103 putem duce mai departe emo\u021bia \u0219i inspira\u021bia.<\/strong><\/p>\n\n\n\n<p><\/p>\n\n\n\n<h2><\/h2>\n","protected":false},"excerpt":{"rendered":"<p>\u2013 Andrei, dragul meu, a \u0219optit tanti Valentina, tr\u0103g\u00e2ndu-l \u00een\u0103untru. Nu \u0219tiai? Elena a plecat cu fetele acum nou\u0103 luni. A v\u00e2ndut apartamentul unui cuplu<\/p>\n","protected":false},"author":1,"featured_media":39187,"comment_status":"closed","ping_status":"closed","sticky":false,"template":"","format":"standard","meta":[],"categories":[1],"tags":[],"_links":{"self":[{"href":"https:\/\/calatorinromania.com\/index.php?rest_route=\/wp\/v2\/posts\/39431"}],"collection":[{"href":"https:\/\/calatorinromania.com\/index.php?rest_route=\/wp\/v2\/posts"}],"about":[{"href":"https:\/\/calatorinromania.com\/index.php?rest_route=\/wp\/v2\/types\/post"}],"author":[{"embeddable":true,"href":"https:\/\/calatorinromania.com\/index.php?rest_route=\/wp\/v2\/users\/1"}],"replies":[{"embeddable":true,"href":"https:\/\/calatorinromania.com\/index.php?rest_route=%2Fwp%2Fv2%2Fcomments&post=39431"}],"version-history":[{"count":1,"href":"https:\/\/calatorinromania.com\/index.php?rest_route=\/wp\/v2\/posts\/39431\/revisions"}],"predecessor-version":[{"id":39432,"href":"https:\/\/calatorinromania.com\/index.php?rest_route=\/wp\/v2\/posts\/39431\/revisions\/39432"}],"wp:featuredmedia":[{"embeddable":true,"href":"https:\/\/calatorinromania.com\/index.php?rest_route=\/wp\/v2\/media\/39187"}],"wp:attachment":[{"href":"https:\/\/calatorinromania.com\/index.php?rest_route=%2Fwp%2Fv2%2Fmedia&parent=39431"}],"wp:term":[{"taxonomy":"category","embeddable":true,"href":"https:\/\/calatorinromania.com\/index.php?rest_route=%2Fwp%2Fv2%2Fcategories&post=39431"},{"taxonomy":"post_tag","embeddable":true,"href":"https:\/\/calatorinromania.com\/index.php?rest_route=%2Fwp%2Fv2%2Ftags&post=39431"}],"curies":[{"name":"wp","href":"https:\/\/api.w.org\/{rel}","templated":true}]}}