{"id":39429,"date":"2025-05-23T06:16:28","date_gmt":"2025-05-23T06:16:28","guid":{"rendered":"https:\/\/calatorinromania.com\/?p=39429"},"modified":"2025-05-23T06:16:29","modified_gmt":"2025-05-23T06:16:29","slug":"dintr-o-masina-care-gonea-pe-sosea-a-fost-aruncat-un-pachet-cu-un-aspect-ciudat","status":"publish","type":"post","link":"https:\/\/calatorinromania.com\/?p=39429","title":{"rendered":"DINTR-O MA\u0218IN\u0102 CARE GONEA PE \u0218OSEA, A FOST ARUNCAT UN PACHET CU UN ASPECT CIUDAT"},"content":{"rendered":"\n<p>Cerul at\u00e2rna greu, \u00eenc\u0103rcat de nori gri gro\u0219i, \u00een timp ce un v\u00e2nt \u00eenghe\u021bat cobora din mun\u021bi, purt\u00e2nd frunzele ude de-a lungul drumului pustiu. Ion conducea de mai bine de dou\u0103 ore, gr\u0103bindu-se spre ora\u0219 dup\u0103 un apel urgent de la serviciu. Credincioasa lui ciob\u0103ni\u021b\u0103 german\u0103, Bianca, era ghemuit\u0103 pe scaunul pasagerului, dormind lini\u0219tit\u0103.<\/p>\n\n\n\n<p><\/p>\n\n\n\n<p>Pe m\u0103sur\u0103 ce \u00eenainta prin cea\u021b\u0103, farurile au luminat o ma\u0219in\u0103 care se deplasa lent \u00een fa\u021b\u0103.<\/p>\n\n\n\n<p><\/p>\n\n\n\n<p>Ceva la ea p\u0103rea \u00een neregul\u0103. L\u0103s\u00e2nd piciorul de pe accelera\u021bie, Ion privi cum portiera din spate a ma\u0219inii s-a deschis brusc\u2014\u0219i \u00eentr-o frac\u021biune de secund\u0103, ceva a fost aruncat pe marginea drumului. U\u0219a s-a tr\u00e2ntit la loc, iar vehiculul a disp\u0103rut \u00een ploaie. Pulsul lui Ion a crescut. \u201eAi v\u0103zut asta, fat\u0103?\u201d a murmurat el. Bianca, acum treaz\u0103, \u0219i-a fixat privirea asupra obiectului \u00eentunecat care aterizase pe marginea drumului. P\u0103rea un sac de gunoi\u2014p\u00e2n\u0103 c\u00e2nd s-a mi\u0219cat.<\/p>\n\n\n\n<p><\/p>\n\n\n\n<p>Tr\u0103g\u00e2nd imediat pe dreapta, Ion a cobor\u00e2t \u00een frigul mu\u0219c\u0103tor. Ploaia i se infiltra prin guler \u00een timp ce se apropia cu pruden\u021b\u0103 de pachetul \u00eenf\u0103\u0219urat \u00eentr-o p\u0103tur\u0103 murdar\u0103, legat\u0103 str\u00e2ns cu o fr\u00e2nghie albastr\u0103. Atunci a auzit\u2014un sc\u00e2ncet slab, speriat. Gr\u0103bindu-se s\u0103 desfac\u0103 sfoara, a descoperit un b\u0103ie\u021bel tremur\u00e2nd, de aproximativ doi ani, palid \u0219i ud p\u00e2n\u0103 la piele, cu buzele u\u0219or vine\u021bii.<\/p>\n\n\n\n<p><\/p>\n\n\n\n<p>Ion l-a \u00eenf\u0103\u0219urat repede \u00een geaca lui \u0219i l-a dus \u00een c\u0103ldura ma\u0219inii, unde Bianca i-a lins u\u0219or obrazul copilului.<\/p>\n\n\n\n<p><\/p>\n\n\n\n<p>C\u00e2teva minute mai t\u00e2rziu, au sosit paramedicii \u0219i au confirmat c\u0103 b\u0103iatul suferea de hipotermie sever\u0103, dar fusese salvat la timp. La sec\u021bia de poli\u021bie, ofi\u021berii au b\u0103nuit c\u0103 este copilul disp\u0103rut \u00eentr-un caz legat de un centru de plasament.<\/p>\n\n\n\n<p><\/p>\n\n\n\n<p>A doua zi diminea\u021b\u0103, Ion a aflat c\u0103 b\u0103iatul era \u00een stare stabil\u0103, iar serviciile de protec\u021bie a copilului preluaser\u0103 cazul.<\/p>\n\n\n\n<p><\/p>\n\n\n\n<p>\u00cen acea sear\u0103, \u00een timp ce privea pe fereastr\u0103, cu Bianca odihnindu-se la picioarele lui, Ion nu putea sc\u0103pa de sentimentul c\u0103 nimic din toate acestea nu fusese \u00eent\u00e2mpl\u0103tor\u2014el trebuia s\u0103 fie acolo.<\/p>\n\n\n\n<p><\/p>\n\n\n\n<p><strong>Dac\u0103 \u021bi-a pl\u0103cut povestea, nu uita s\u0103 o distribui cu prietenii t\u0103i! \u00cempreun\u0103 putem duce mai departe emo\u021bia \u0219i inspira\u021bia.<\/strong><\/p>\n","protected":false},"excerpt":{"rendered":"<p>Cerul at\u00e2rna greu, \u00eenc\u0103rcat de nori gri gro\u0219i, \u00een timp ce un v\u00e2nt \u00eenghe\u021bat cobora din mun\u021bi, purt\u00e2nd frunzele ude de-a lungul drumului pustiu. Ion<\/p>\n","protected":false},"author":1,"featured_media":39187,"comment_status":"closed","ping_status":"closed","sticky":false,"template":"","format":"standard","meta":[],"categories":[1],"tags":[],"_links":{"self":[{"href":"https:\/\/calatorinromania.com\/index.php?rest_route=\/wp\/v2\/posts\/39429"}],"collection":[{"href":"https:\/\/calatorinromania.com\/index.php?rest_route=\/wp\/v2\/posts"}],"about":[{"href":"https:\/\/calatorinromania.com\/index.php?rest_route=\/wp\/v2\/types\/post"}],"author":[{"embeddable":true,"href":"https:\/\/calatorinromania.com\/index.php?rest_route=\/wp\/v2\/users\/1"}],"replies":[{"embeddable":true,"href":"https:\/\/calatorinromania.com\/index.php?rest_route=%2Fwp%2Fv2%2Fcomments&post=39429"}],"version-history":[{"count":1,"href":"https:\/\/calatorinromania.com\/index.php?rest_route=\/wp\/v2\/posts\/39429\/revisions"}],"predecessor-version":[{"id":39430,"href":"https:\/\/calatorinromania.com\/index.php?rest_route=\/wp\/v2\/posts\/39429\/revisions\/39430"}],"wp:featuredmedia":[{"embeddable":true,"href":"https:\/\/calatorinromania.com\/index.php?rest_route=\/wp\/v2\/media\/39187"}],"wp:attachment":[{"href":"https:\/\/calatorinromania.com\/index.php?rest_route=%2Fwp%2Fv2%2Fmedia&parent=39429"}],"wp:term":[{"taxonomy":"category","embeddable":true,"href":"https:\/\/calatorinromania.com\/index.php?rest_route=%2Fwp%2Fv2%2Fcategories&post=39429"},{"taxonomy":"post_tag","embeddable":true,"href":"https:\/\/calatorinromania.com\/index.php?rest_route=%2Fwp%2Fv2%2Ftags&post=39429"}],"curies":[{"name":"wp","href":"https:\/\/api.w.org\/{rel}","templated":true}]}}