{"id":39427,"date":"2025-05-23T06:14:46","date_gmt":"2025-05-23T06:14:46","guid":{"rendered":"https:\/\/calatorinromania.com\/?p=39427"},"modified":"2025-05-23T06:14:47","modified_gmt":"2025-05-23T06:14:47","slug":"baietii-au-hartuit-o-pe-noua-mecanica-a-doua-zi-a-aparut-cu-un-bugatti-si-a-spus-ceva-care-ne-a-lasat-fara-cuvinte","status":"publish","type":"post","link":"https:\/\/calatorinromania.com\/?p=39427","title":{"rendered":"B\u0102IE\u021aII AU H\u0102R\u021aUIT-O PE NOUA MECANIC\u0102 \u2014 A DOUA ZI, A AP\u0102RUT CU UN BUGATTI \u0218I A SPUS CEVA CARE NE-A L\u0102SAT F\u0102R\u0102 CUVINTE"},"content":{"rendered":"\n<p>\u00cenc\u0103 \u00eemi amintesc ziua \u00een care \u0219eful ne-a prezentat-o pe Simona, noua mecanic\u0103. B\u0103ie\u021bii au fost sceptici \u2014 chiar ostili. O femeie care repar\u0103 ma\u0219ini? Au luat-o \u00een r\u00e2s, i-au umplut ma\u0219ina cu gunoaie, i-au aruncat c\u00e2rpe murdare \u0219i, culmea nesim\u021birii, au \u00eencuiat-o peste noapte \u00een groapa de repara\u021bii. Eu nu m-am b\u0103gat, nu \u0219tiam cum s\u0103 reac\u021bionez. Dar Simona nu s-a cl\u0103tinat nicio clip\u0103.<\/p>\n\n\n\n<p><\/p>\n\n\n\n<p>A doua zi, a ap\u0103rut cu un Bugatti negru, lucios. Am r\u0103mas to\u021bi cu gura c\u0103scat\u0103. A cobor\u00e2t calm\u0103 \u0219i sigur\u0103 pe ea \u0219i a spus: \u201eBugatti-ul \u0103sta valoreaz\u0103 mai mult dec\u00e2t toate salariile voastre la un loc. \u0218i \u0219ti\u021bi cine-l de\u021bine?\u201d<\/p>\n\n\n\n<p><\/p>\n\n\n\n<p>Momentul \u0103la a schimbat totul. Simona nu venise s\u0103 demonstreze ceva \u2014 ci doar s\u0103 fac\u0103 ceea ce iubea. \u0218i era bun\u0103 \u2014 foarte bun\u0103. Punea diagnostic mai repede dec\u00e2t oricine \u0219i \u00eei ajuta pe ceilal\u021bi f\u0103r\u0103 s\u0103 se laude.<\/p>\n\n\n\n<p><\/p>\n\n\n\n<p>Apoi a venit vestea: atelierul avea probleme financiare. Simona a propus s\u0103 construim o ma\u0219in\u0103 personalizat\u0103 pentru un t\u00e2rg local, ca s\u0103 atragem clien\u021bi. Nimeni n-a zis nimic \u00eempotriv\u0103. Sub conducerea ei, am reconstruit un Mustang vechi. N-am c\u00e2\u0219tigat concursul, dar discursul ei a furat spectacolul \u0219i a adus un nou suflu garajului.<\/p>\n\n\n\n<p><\/p>\n\n\n\n<p>Cu timpul, respectul a luat locul dispre\u021bului. Au venit \u0219i scuzele. Simona nu repara doar ma\u0219ini \u2014 ne-a reparat \u0219i pe noi.<\/p>\n\n\n\n<p><\/p>\n\n\n\n<p>C\u00e2nd am \u00eentrebat-o de ce a r\u0103mas, mi-a spus: \u201eUneori, oamenii se dau tari pentru c\u0103 le e fric\u0103. Dar, \u00een ad\u00e2ncul sufletului, to\u021bi \u00eencerc\u0103m doar s\u0103 ne g\u0103sim drumul.\u201d Avea dreptate.<\/p>\n\n\n\n<p><\/p>\n\n\n\n<p>\u0218i, cumva, cu t\u0103rie \u0219i bun\u0103tate, Simona a devenit sufletul garajului nostru.<\/p>\n\n\n\n<p><\/p>\n\n\n\n<p><strong>Dac\u0103 \u021bi-a pl\u0103cut povestea, nu uita s\u0103 o distribui cu prietenii t\u0103i! \u00cempreun\u0103 putem duce mai departe emo\u021bia \u0219i inspira\u021bia.<\/strong><\/p>\n","protected":false},"excerpt":{"rendered":"<p>\u00cenc\u0103 \u00eemi amintesc ziua \u00een care \u0219eful ne-a prezentat-o pe Simona, noua mecanic\u0103. B\u0103ie\u021bii au fost sceptici \u2014 chiar ostili. O femeie care repar\u0103 ma\u0219ini?<\/p>\n","protected":false},"author":1,"featured_media":39187,"comment_status":"closed","ping_status":"closed","sticky":false,"template":"","format":"standard","meta":[],"categories":[1],"tags":[],"_links":{"self":[{"href":"https:\/\/calatorinromania.com\/index.php?rest_route=\/wp\/v2\/posts\/39427"}],"collection":[{"href":"https:\/\/calatorinromania.com\/index.php?rest_route=\/wp\/v2\/posts"}],"about":[{"href":"https:\/\/calatorinromania.com\/index.php?rest_route=\/wp\/v2\/types\/post"}],"author":[{"embeddable":true,"href":"https:\/\/calatorinromania.com\/index.php?rest_route=\/wp\/v2\/users\/1"}],"replies":[{"embeddable":true,"href":"https:\/\/calatorinromania.com\/index.php?rest_route=%2Fwp%2Fv2%2Fcomments&post=39427"}],"version-history":[{"count":1,"href":"https:\/\/calatorinromania.com\/index.php?rest_route=\/wp\/v2\/posts\/39427\/revisions"}],"predecessor-version":[{"id":39428,"href":"https:\/\/calatorinromania.com\/index.php?rest_route=\/wp\/v2\/posts\/39427\/revisions\/39428"}],"wp:featuredmedia":[{"embeddable":true,"href":"https:\/\/calatorinromania.com\/index.php?rest_route=\/wp\/v2\/media\/39187"}],"wp:attachment":[{"href":"https:\/\/calatorinromania.com\/index.php?rest_route=%2Fwp%2Fv2%2Fmedia&parent=39427"}],"wp:term":[{"taxonomy":"category","embeddable":true,"href":"https:\/\/calatorinromania.com\/index.php?rest_route=%2Fwp%2Fv2%2Fcategories&post=39427"},{"taxonomy":"post_tag","embeddable":true,"href":"https:\/\/calatorinromania.com\/index.php?rest_route=%2Fwp%2Fv2%2Ftags&post=39427"}],"curies":[{"name":"wp","href":"https:\/\/api.w.org\/{rel}","templated":true}]}}