{"id":39421,"date":"2025-05-22T09:31:03","date_gmt":"2025-05-22T09:31:03","guid":{"rendered":"https:\/\/calatorinromania.com\/?p=39421"},"modified":"2025-05-22T09:31:04","modified_gmt":"2025-05-22T09:31:04","slug":"am-sustinut-o-pe-cea-mai-buna-prietena-a-mea-dupa-despartirea-ei-dar-m-am-gasit-indragostindu-ma-de-fostul-ei","status":"publish","type":"post","link":"https:\/\/calatorinromania.com\/?p=39421","title":{"rendered":"Am Sus\u021binut-o Pe Cea Mai Bun\u0103 Prietena a Mea Dup\u0103 Desp\u0103r\u021birea Ei, Dar M-am G\u0103sit \u00cendr\u0103gostindu-m\u0103 De Fostul Ei"},"content":{"rendered":"\n<p>Exist\u0103 un proverb care spune \u201eIubirea este oarb\u0103\u201d, dar nu este adev\u0103rat\u2014nu chiar.<\/p>\n\n\n\n<p>C\u00e2nd vine vorba de iubire, adesea vedem totul prea clar.<\/p>\n\n\n\n<p>\u0218i uneori, adev\u0103rul doare mai mult dec\u00e2t suntem preg\u0103ti\u021bi s\u0103 recunoa\u0219tem.<\/p>\n\n\n\n<p>Am fost \u00eentotdeauna persoana la care lumea venea c\u00e2nd inimile lor erau fr\u00e2nte.<\/p>\n\n\n\n<p>Eram prietena care asculta ore \u00een \u0219ir, \u00eei consola, le ofeream sfaturi \u0219i, cumva, \u0219tiam ce s\u0103 spun ca s\u0103 le fac lucrurile s\u0103 par\u0103 mai bune.<\/p>\n\n\n\n<p>A\u0219adar, c\u00e2nd cea mai bun\u0103 prieten\u0103 a mea, Mia, a trecut printr-o desp\u0103r\u021bire devastatoare cu Ben, am fost hot\u0103r\u00e2t\u0103 s\u0103 fiu acolo pentru ea\u2014indiferent de ce.<\/p>\n\n\n\n<p>Mia \u0219i Ben fuseser\u0103 de nedesp\u0103r\u021bit timp de trei ani.<\/p>\n\n\n\n<p>Erau genul de cuplu pe care toat\u0103 lumea \u00eel invidia, cei care p\u0103reau perfecti \u00eempreun\u0103.<\/p>\n\n\n\n<p>Dar c\u00e2nd Mia a aflat c\u0103 Ben \u00eei ascunsese lucruri, lucruri pe care ea nu le-ar fi putut ierta niciodat\u0103, rela\u021bia lor s-a destr\u0103mat \u00eentr-un mod care a l\u0103sat-o distrus\u0103.<\/p>\n\n\n\n<p>A pl\u00e2ns zile \u00eentregi, abia p\u0103r\u0103sind apartamentul ei, iar eu am fost acolo \u00een fiecare pas\u2014preg\u0103tind ceai, st\u00e2nd \u00een t\u0103cere c\u00e2nd nu voia s\u0103 vorbeasc\u0103 \u0219i oferindu-i um\u0103rul meu pe care s\u0103 pl\u00e2ng\u0103.<\/p>\n\n\n\n<p>Nu m-am g\u00e2ndit niciodat\u0103 la cum m\u0103 va afecta asta pe mine.<\/p>\n\n\n\n<p>Nu era despre mine.<\/p>\n\n\n\n<p>Era despre Mia.<\/p>\n\n\n\n<p>A\u0219a am v\u0103zut eu lucrurile.<\/p>\n\n\n\n<p>Dar apoi, a ap\u0103rut Ben.<\/p>\n\n\n\n<p>Nu m\u0103 a\u0219teptam s\u0103 m\u0103 contacteze.<\/p>\n\n\n\n<p>De fapt, c\u00e2nd Mia s-a desp\u0103r\u021bit de el, credeam c\u0103 nu-l voi mai vedea niciodat\u0103.<\/p>\n\n\n\n<p>Dar nu a fost a\u0219a.<\/p>\n\n\n\n<p>M-a sunat la c\u00e2teva s\u0103pt\u0103m\u00e2ni dup\u0103 desp\u0103r\u021bire.<\/p>\n\n\n\n<p>La \u00eenceput, am crezut c\u0103 doar \u00eencerca s\u0103-\u0219i cear\u0103 scuze, s\u0103 ob\u021bin\u0103 \u00eenchiderea lucrurilor.<\/p>\n\n\n\n<p>Dar c\u00e2nd m-a invitat s\u0103 bem o cafea, ceva din mine mi-a spus c\u0103 va fi diferit.<\/p>\n\n\n\n<p>Am fost de acord s\u0103 ne \u00eent\u00e2lnim \u00eentr-o cafenea local\u0103, mai ales pentru a m\u0103 asigura c\u0103 nu se pr\u0103bu\u0219e\u0219te complet.<\/p>\n\n\n\n<p>Ultimul lucru pe care-l voiam era ca fostul lui Mia s\u0103 se destrame complet.<\/p>\n\n\n\n<p>Era \u00eenc\u0103 cineva la care \u021bineam, chiar dac\u0103 el o r\u0103nise pe cea mai bun\u0103 prieten\u0103 a mea.<\/p>\n\n\n\n<p>Ce nu m\u0103 a\u0219teptam s\u0103 simt era c\u00e2t de mult m-a\u0219 sim\u021bi c\u00e2nd l-a\u0219 vedea din nou.<\/p>\n\n\n\n<p>Era diferit.<\/p>\n\n\n\n<p>Obi\u0219nuita lui atitudine arogant\u0103 \u0219i \u00eencrez\u0103toare disp\u0103ruse.<\/p>\n\n\n\n<p>\u00cen schimb, p\u0103rea vulnerabil\u2014aproape fragil.<\/p>\n\n\n\n<p>Avea cercuri negre sub ochi \u0219i p\u0103rea mai slab dec\u00e2t \u00eemi aminteam.<\/p>\n\n\n\n<p>\u00cen momentul \u00een care s-a a\u0219ezat \u00een fa\u021ba mea, nici m\u0103car nu \u0219tia de unde s\u0103 \u00eenceap\u0103.<\/p>\n\n\n\n<p>\u201eAm f\u0103cut o mare gre\u0219eal\u0103, nu-i a\u0219a?\u201d a \u00eentrebat, vocea lui era joas\u0103 \u0219i tremur\u0103toare.<\/p>\n\n\n\n<p>Nu am putut dec\u00e2t s\u0103 dau din cap.<\/p>\n\n\n\n<p>A f\u0103cut-o.<\/p>\n\n\n\n<p>Chiar a f\u0103cut-o.<\/p>\n\n\n\n<p>Discu\u021bia a \u00eenceput despre Mia, dar \u00eencet, s-a \u00eendreptat c\u0103tre alte subiecte\u2014via\u021ba lui, regretele lui \u0219i cum se sim\u021bea pierdut f\u0103r\u0103 ea.<\/p>\n\n\n\n<p>M-am trezit ascult\u00e2ndu-l nu doar din simpatie, ci cu o con\u0219tientizare din ce \u00een ce mai mare c\u0103 vedeam o parte din el pe care nu o observasem \u00eenainte.<\/p>\n\n\n\n<p>L-am v\u0103zut \u00eentotdeauna ca pe tipul fermec\u0103tor \u0219i \u00eencrez\u0103tor care avea totul sub control, dar acum \u00eel vedeam pe adev\u0103ratul lui sine\u2014raw \u0219i sincer.<\/p>\n\n\n\n<p>\u0218i asta m-a f\u0103cut s\u0103 pun la \u00eendoial\u0103 totul.<\/p>\n\n\n\n<p>Am vorbit ore \u00eentregi \u00een acea dup\u0103-amiaz\u0103, iar pe m\u0103sur\u0103 ce ziua trecea, mi-am dat seama c\u00e2t de u\u0219or era s\u0103 vorbesc cu el.<\/p>\n\n\n\n<p>C\u00e2t de mult aveam \u00een comun.<\/p>\n\n\n\n<p>\u0218i c\u00e2t de mult \u00eemi era dor de persoana pe care credeam c\u0103 o \u0219tiu\u2014\u00eenainte de toate minciunile, \u00eenainte de tr\u0103dare.<\/p>\n\n\n\n<p>Ben nu era doar fostul lui Mia.<\/p>\n\n\n\n<p>Era cineva de care m-am \u00eengrijit profund, cineva cu care m\u0103 puteam conecta la un nivel pe care nu-l a\u0219teptam.<\/p>\n\n\n\n<p>C\u00e2nd ne-am desp\u0103r\u021bit, m-am sim\u021bit conflictat\u0103.<\/p>\n\n\n\n<p>F\u0103cusem ceea ce mi-am propus\u2014s\u0103 m\u0103 asigur c\u0103 era bine.<\/p>\n\n\n\n<p>Dar nu am putut sc\u0103pa de senza\u021bia c\u0103 \u00eentre noi era ceva mai mult.<\/p>\n\n\n\n<p>Ceva care se sim\u021bea periculos, ceva ce nu eram sigur\u0103 c\u0103 sunt preg\u0103tit\u0103 s\u0103 confrunt.<\/p>\n\n\n\n<p>\u00cen urm\u0103toarele c\u00e2teva s\u0103pt\u0103m\u00e2ni, Ben \u0219i cu mine am \u021binut leg\u0103tura.<\/p>\n\n\n\n<p>A \u00eenceput destul de inocent, el trimi\u021b\u00e2ndu-mi mesaje despre cum merg lucrurile cu terapia lui, cu munca lui \u0219i cu via\u021ba lui dup\u0103 desp\u0103r\u021bire.<\/p>\n\n\n\n<p>Dar nu dup\u0103 mult timp, conversa\u021biile au luat o turnur\u0103 diferit\u0103.<\/p>\n\n\n\n<p>Am \u00eenceput s\u0103 vorbim despre lucruri mai personale\u2014amintiri din trecut, experien\u021be \u00eemp\u0103rt\u0103\u0219ite \u0219i momente despre care nu vorbisem niciodat\u0103 c\u00e2nd eram doar prieteni.<\/p>\n\n\n\n<p>Totul era at\u00e2t de u\u0219or, at\u00e2t de natural.<\/p>\n\n\n\n<p>\u0218i c\u00e2t de mult m-am ur\u00e2t pentru asta, am \u00eenceput s\u0103 realizez c\u0103 dezvoltam sentimente pentru el din nou.<\/p>\n\n\n\n<p>Nu era ceva ce planificam.<\/p>\n\n\n\n<p>Am \u00eencercat s\u0103 ignor, s\u0103 suprim g\u00e2ndurile care tot ap\u0103reau.<\/p>\n\n\n\n<p>Dar cu c\u00e2t vorbeam mai mult, cu at\u00e2t \u00eel vedeam pe Ben a\u0219a cum ar fi fost el f\u0103r\u0103 bagajul trecutului care \u00eel \u00eempov\u0103ra.<\/p>\n\n\n\n<p>\u0218i cu c\u00e2t realizam c\u0103 nu-mi era dor doar de versiunea lui care fusese iubitul lui Mia\u2014mi-era dor de versiunea lui care fusese al meu.<\/p>\n\n\n\n<p>Apoi a venit noaptea \u00een care totul s-a schimbat.<\/p>\n\n\n\n<p>Mia m\u0103 invitaser\u0103 pentru o sear\u0103 de fete, ceva ce pl\u0103nuia de c\u00e2teva s\u0103pt\u0103m\u00e2ni.<\/p>\n\n\n\n<p>Puteam s\u0103 v\u0103d c\u0103 \u00eenc\u0103 se chinuia, \u00eenc\u0103 suferea, dar voia s\u0103 fie curajoas\u0103.<\/p>\n\n\n\n<p>C\u00e2nd am intrat \u00een apartamentul ei, am fost surprins\u0103 s\u0103-l g\u0103sesc \u0219i pe Ben acolo.<\/p>\n\n\n\n<p>St\u0103tea pe canapea, expresia lui obi\u0219nuit\u0103 de \u00eencredere acum \u00eenlocuit\u0103 cu ceva mai anxios.<\/p>\n\n\n\n<p>Mia m-a privit cu o urm\u0103 de vinov\u0103\u021bie \u00een ochi.<\/p>\n\n\n\n<p>\u201eL-am invitat\u201d, a spus ea \u00eencet.<\/p>\n\n\n\n<p>\u201eA vrut s\u0103-\u0219i cear\u0103 scuze, s\u0103 \u00eendrepte lucrurile.\u201d<\/p>\n\n\n\n<p>Am \u00eencercat s\u0103 r\u0103m\u00e2n calm\u0103, s\u0103 r\u0103m\u00e2n neutr\u0103.<\/p>\n\n\n\n<p>Dar a fost imposibil.<\/p>\n\n\n\n<p>Tensiunea din camer\u0103 era groas\u0103, \u0219i fiecare privire \u00eentre Ben \u0219i mine p\u0103rea \u00eenc\u0103rcat\u0103 de semnifica\u021bie.<\/p>\n\n\n\n<p>Atunci am realizat c\u0103 nu mai puteam continua s\u0103 m\u0103 prefac.<\/p>\n\n\n\n<p>Cum m\u0103 privea, cum \u00eemp\u0103r\u021beam acea \u00een\u021belegere t\u0103cut\u0103\u2014totul era prea mult.<\/p>\n\n\n\n<p>\u00cen acea sear\u0103, dup\u0103 ce Mia a mers la culcare, Ben a r\u0103mas pentru a vorbi.<\/p>\n\n\n\n<p>St\u0103tea la fereastr\u0103, privind ora\u0219ul, \u0219i m-am al\u0103turat lui.<\/p>\n\n\n\n<p>F\u0103r\u0103 s\u0103 spun\u0103 un cuv\u00e2nt, s-a \u00eentors s\u0103 m\u0103 priveasc\u0103, ochii lui plini de ceva ce nu puteam nega.<\/p>\n\n\n\n<p>S-a apropiat \u00eencet de mine \u0219i, pentru un moment, totul p\u0103rea s\u0103 scape de sub controlul meu.<\/p>\n\n\n\n<p>\u201e\u021ai-am p\u0103strat \u00eentotdeauna locul, Emily\u201d, a spus el, vocea lui abia un \u0219optit.<\/p>\n\n\n\n<p>\u201eChiar \u0219i c\u00e2nd eram cu Mia, nu te-am uitat.\u201d<\/p>\n\n\n\n<p>A fost momentul pe care \u00eel temeam.<\/p>\n\n\n\n<p>Momentul pe care \u00eel doream \u0219i \u00eel temeam \u00een acela\u0219i timp.<\/p>\n\n\n\n<p>\u0218i chiar dac\u0103 \u0219tiam c\u0103 era gre\u0219it, chiar \u0219i c\u00e2nd voiam s\u0103-l resping \u0219i s\u0103 o protejez pe Mia, nu m-am putut opri.<\/p>\n\n\n\n<p>L-am s\u0103rutat.<\/p>\n\n\n\n<p>S\u0103rutul a fost scurt, dar am sim\u021bit cum totul s-a schimbat.<\/p>\n\n\n\n<p>Parc\u0103 am trecut o linie care nu mai putea fi \u00eentoars\u0103.<\/p>\n\n\n\n<p>C\u00e2nd am plecat diminea\u021ba urm\u0103toare, \u0219tiam c\u0103 lucrurile nu vor mai fi niciodat\u0103 la fel.<\/p>\n\n\n\n<p>Nu puteam s\u0103 m\u0103 \u00eentorc la cum erau lucrurile \u00eenainte.<\/p>\n\n\n\n<p>Inima mea era fr\u00e2nt\u0103 \u00eentre loialitatea fa\u021b\u0103 de cea mai bun\u0103 prieten\u0103 a mea \u0219i sentimentele de necontestat pe care le aveam pentru cineva care fusese odat\u0103 parte din via\u021ba mea\u2014\u0219i care poate va fi din nou.<\/p>\n\n\n\n<p>Acum, m\u0103 confruntam cu o realitate pe care nu \u0219tiam cum s\u0103 o navighez.<\/p>\n\n\n\n<p>Trebuia s\u0103 aflu ce \u00eemi doresc\u2014\u00eenainte s\u0103 pierd at\u00e2t de mult pe cea mai bun\u0103 prieten\u0103 a mea c\u00e2t \u0219i b\u0103rbatul de care m-am \u00eendr\u0103gostit din nou.<\/p>\n","protected":false},"excerpt":{"rendered":"<p>Exist\u0103 un proverb care spune \u201eIubirea este oarb\u0103\u201d, dar nu este adev\u0103rat\u2014nu chiar. C\u00e2nd vine vorba de iubire, adesea vedem totul prea clar. \u0218i uneori,<\/p>\n","protected":false},"author":1,"featured_media":39187,"comment_status":"closed","ping_status":"closed","sticky":false,"template":"","format":"standard","meta":[],"categories":[1],"tags":[],"_links":{"self":[{"href":"https:\/\/calatorinromania.com\/index.php?rest_route=\/wp\/v2\/posts\/39421"}],"collection":[{"href":"https:\/\/calatorinromania.com\/index.php?rest_route=\/wp\/v2\/posts"}],"about":[{"href":"https:\/\/calatorinromania.com\/index.php?rest_route=\/wp\/v2\/types\/post"}],"author":[{"embeddable":true,"href":"https:\/\/calatorinromania.com\/index.php?rest_route=\/wp\/v2\/users\/1"}],"replies":[{"embeddable":true,"href":"https:\/\/calatorinromania.com\/index.php?rest_route=%2Fwp%2Fv2%2Fcomments&post=39421"}],"version-history":[{"count":1,"href":"https:\/\/calatorinromania.com\/index.php?rest_route=\/wp\/v2\/posts\/39421\/revisions"}],"predecessor-version":[{"id":39422,"href":"https:\/\/calatorinromania.com\/index.php?rest_route=\/wp\/v2\/posts\/39421\/revisions\/39422"}],"wp:featuredmedia":[{"embeddable":true,"href":"https:\/\/calatorinromania.com\/index.php?rest_route=\/wp\/v2\/media\/39187"}],"wp:attachment":[{"href":"https:\/\/calatorinromania.com\/index.php?rest_route=%2Fwp%2Fv2%2Fmedia&parent=39421"}],"wp:term":[{"taxonomy":"category","embeddable":true,"href":"https:\/\/calatorinromania.com\/index.php?rest_route=%2Fwp%2Fv2%2Fcategories&post=39421"},{"taxonomy":"post_tag","embeddable":true,"href":"https:\/\/calatorinromania.com\/index.php?rest_route=%2Fwp%2Fv2%2Ftags&post=39421"}],"curies":[{"name":"wp","href":"https:\/\/api.w.org\/{rel}","templated":true}]}}