{"id":39410,"date":"2025-05-22T07:23:37","date_gmt":"2025-05-22T07:23:37","guid":{"rendered":"https:\/\/calatorinromania.com\/?p=39410"},"modified":"2025-05-22T07:23:37","modified_gmt":"2025-05-22T07:23:37","slug":"o-femeie-in-varsta-a-decis-sa-publice-pe-internet-o-fotografie-indrazneata-in-tinuta-de-plaja","status":"publish","type":"post","link":"https:\/\/calatorinromania.com\/?p=39410","title":{"rendered":"O femeie \u00een v\u00e2rst\u0103 a decis s\u0103 publice pe internet o fotografie \u00eendr\u0103znea\u021b\u0103 \u00een \u021binut\u0103 de plaj\u0103"},"content":{"rendered":"\n<p>Dup\u0103 o c\u0103l\u0103torie la Miami Beach cu so\u021bul meu Mihai, m-am sim\u021bit \u00eentinerit\u0103 \u0219i iubit\u0103. \u00centr-o zi am purtat un costum de baie negru din dou\u0103 piese, iar Mihai nu \u00eenceta s\u0103-mi fac\u0103 complimente. O feti\u021b\u0103 a imortalizat chiar momentul nostru dulce \u00eentr-o fotografie, pe care am \u00eemp\u0103rt\u0103\u0219it-o apoi pe Facebook.<\/p>\n\n\n\n<p><\/p>\n\n\n\n<p>Dar apoi a urmat comentariul jignitor al Ioanei:\u00a0<strong>\u201eSerios? Cum poate m\u0103car s\u0103 se g\u00e2ndeasc\u0103 s\u0103-\u0219i arate corpul flasc \u00een costum de baie?! Arat\u0103 dezgust\u0103tor!\u201d<\/strong><\/p>\n\n\n\n<p><\/p>\n\n\n\n<p>\u00cen loc s\u0103 las lucrurile a\u0219a, am elaborat un plan. Am propus s\u0103 invit\u0103m pe toat\u0103 lumea la un gr\u0103tar \u00een familie. C\u00e2nd Ioana a sosit \u00een sf\u00e2r\u0219it, am profitat de ocazie pentru a \u00eemp\u0103rt\u0103\u0219i fotografia \u0219i am spus c\u0103 simbolizeaz\u0103 dragostea care cre\u0219te odat\u0103 cu v\u00e2rsta. De asemenea, am ar\u0103tat tuturor comentariul ei r\u0103ut\u0103cios, subliniind importan\u021ba bun\u0103t\u0103\u021bii \u0219i faptul c\u0103 to\u021bi \u00eemb\u0103tr\u00e2nim.<\/p>\n\n\n\n<p><\/p>\n\n\n\n<p>Dup\u0103 aceasta, Ioana \u0219i-a cerut scuze, recunosc\u00e2ndu-\u0219i gre\u0219eala. Confruntarea cu neacceptarea v\u00e2rstei din partea rudelor poate fi dificil\u0103, dar ridurile \u0219i p\u0103rul c\u0103runt sunt un semn al unei vie\u021bi bine tr\u0103ite.<\/p>\n\n\n\n<p><\/p>\n\n\n\n<p><strong>Voi ce p\u0103rere ave\u021bi?<\/strong><\/p>\n\n\n\n<p><\/p>\n\n\n\n<p><strong>Dac\u0103 \u021bi-a pl\u0103cut povestea, nu uita s\u0103 o distribui cu prietenii t\u0103i! \u00cempreun\u0103 putem duce mai departe emo\u021bia \u0219i inspira\u021bia.<\/strong><\/p>\n","protected":false},"excerpt":{"rendered":"<p>Dup\u0103 o c\u0103l\u0103torie la Miami Beach cu so\u021bul meu Mihai, m-am sim\u021bit \u00eentinerit\u0103 \u0219i iubit\u0103. \u00centr-o zi am purtat un costum de baie negru din<\/p>\n","protected":false},"author":1,"featured_media":39187,"comment_status":"closed","ping_status":"closed","sticky":false,"template":"","format":"standard","meta":[],"categories":[1],"tags":[],"_links":{"self":[{"href":"https:\/\/calatorinromania.com\/index.php?rest_route=\/wp\/v2\/posts\/39410"}],"collection":[{"href":"https:\/\/calatorinromania.com\/index.php?rest_route=\/wp\/v2\/posts"}],"about":[{"href":"https:\/\/calatorinromania.com\/index.php?rest_route=\/wp\/v2\/types\/post"}],"author":[{"embeddable":true,"href":"https:\/\/calatorinromania.com\/index.php?rest_route=\/wp\/v2\/users\/1"}],"replies":[{"embeddable":true,"href":"https:\/\/calatorinromania.com\/index.php?rest_route=%2Fwp%2Fv2%2Fcomments&post=39410"}],"version-history":[{"count":1,"href":"https:\/\/calatorinromania.com\/index.php?rest_route=\/wp\/v2\/posts\/39410\/revisions"}],"predecessor-version":[{"id":39411,"href":"https:\/\/calatorinromania.com\/index.php?rest_route=\/wp\/v2\/posts\/39410\/revisions\/39411"}],"wp:featuredmedia":[{"embeddable":true,"href":"https:\/\/calatorinromania.com\/index.php?rest_route=\/wp\/v2\/media\/39187"}],"wp:attachment":[{"href":"https:\/\/calatorinromania.com\/index.php?rest_route=%2Fwp%2Fv2%2Fmedia&parent=39410"}],"wp:term":[{"taxonomy":"category","embeddable":true,"href":"https:\/\/calatorinromania.com\/index.php?rest_route=%2Fwp%2Fv2%2Fcategories&post=39410"},{"taxonomy":"post_tag","embeddable":true,"href":"https:\/\/calatorinromania.com\/index.php?rest_route=%2Fwp%2Fv2%2Ftags&post=39410"}],"curies":[{"name":"wp","href":"https:\/\/api.w.org\/{rel}","templated":true}]}}