{"id":39408,"date":"2025-05-22T07:21:51","date_gmt":"2025-05-22T07:21:51","guid":{"rendered":"https:\/\/calatorinromania.com\/?p=39408"},"modified":"2025-05-22T07:21:52","modified_gmt":"2025-05-22T07:21:52","slug":"paznicul-de-la-cimitir-a-instalat-o-camera-ascunsa-si-a-adormit","status":"publish","type":"post","link":"https:\/\/calatorinromania.com\/?p=39408","title":{"rendered":"Paznicul de la cimitir a instalat o camer\u0103 ascuns\u0103 \u0219i a adormit"},"content":{"rendered":"\n<p>Mihai se \u00eempiedic\u0103, f\u0103c\u00e2nd c\u00e2\u021biva pa\u0219i \u00een spate. Fotografia de pe morm\u00e2nt \u00eei ar\u0103ta propriul s\u0103u chip \u2013 mai t\u00e2n\u0103r, dar inconfundabil. Acela\u0219i nas u\u0219or coroiat, aceia\u0219i ochi p\u0103trunz\u0103tori, chiar \u0219i cicatricea de deasupra spr\u00e2ncenei drepte. Sub fotografie, numele: \u201eTeodor Vasilescu, 1975-2018\u201d.<\/p>\n\n\n\n<p>Teodor \u2013 numele tat\u0103lui s\u0103u, pe care nu-l cunoscuse niciodat\u0103. Mama \u00eei spusese c\u0103 murise \u00eenainte ca el s\u0103 se nasc\u0103. Dar anul mor\u021bii era recent, doar cu \u0219ase ani \u00een urm\u0103.<\/p>\n\n\n\n<p>Cu m\u00e2inile tremur\u00e2nde, Mihai scoase telefonul \u0219i reverific\u0103 \u00eenregistrarea. Silueta era acolo, nemi\u0219cat\u0103. M\u0103ri imaginea \u0219i respira\u021bia i se opri. Figura purta haine vechi, uzate, dar fa\u021ba\u2026 fa\u021ba era identic\u0103 cu a lui.<\/p>\n\n\n\n<p>Deodat\u0103, telefonul vibr\u0103 \u00een m\u00e2na sa. Un mesaj de la un num\u0103r necunoscut: \u201eFiul meu, am \u00eencercat s\u0103 te g\u0103sesc ani de zile. Mama ta m-a min\u021bit c\u0103 ai murit la na\u0219tere. Acum c\u0103 e\u0219ti aici, avem multe de discutat. Te a\u0219tept \u00een capela veche la r\u0103s\u0103rit.\u201d<\/p>\n\n\n\n<p>Mihai privi spre orizontul \u00eentunecat. Mai erau doar dou\u0103 ore p\u00e2n\u0103 la r\u0103s\u0103rit. Inima \u00eei b\u0103tea s\u0103-i sparg\u0103 pieptul. Tat\u0103l s\u0103u era viu? Sau era ceva mult mai sinistru?<\/p>\n\n\n\n<p>Cu pa\u0219i ezitan\u021bi, se \u00eendrept\u0103 spre vechea capel\u0103 din col\u021bul cimitirului. Avea s\u0103 a\u0219tepte acolo, \u00eentre lumea celor vii \u0219i a celor mor\u021bi, pentru a descoperi un adev\u0103r care poate ar fi fost mai bine s\u0103 r\u0103m\u00e2n\u0103 \u00eengropat.<\/p>\n\n\n\n<p><strong>Dac\u0103 \u021bi-a pl\u0103cut povestea, nu uita s\u0103 o distribui cu prietenii t\u0103i! \u00cempreun\u0103 putem duce mai departe emo\u021bia \u0219i inspira\u021bia.<\/strong><\/p>\n","protected":false},"excerpt":{"rendered":"<p>Mihai se \u00eempiedic\u0103, f\u0103c\u00e2nd c\u00e2\u021biva pa\u0219i \u00een spate. Fotografia de pe morm\u00e2nt \u00eei ar\u0103ta propriul s\u0103u chip \u2013 mai t\u00e2n\u0103r, dar inconfundabil. Acela\u0219i nas u\u0219or<\/p>\n","protected":false},"author":1,"featured_media":39187,"comment_status":"closed","ping_status":"closed","sticky":false,"template":"","format":"standard","meta":[],"categories":[1],"tags":[],"_links":{"self":[{"href":"https:\/\/calatorinromania.com\/index.php?rest_route=\/wp\/v2\/posts\/39408"}],"collection":[{"href":"https:\/\/calatorinromania.com\/index.php?rest_route=\/wp\/v2\/posts"}],"about":[{"href":"https:\/\/calatorinromania.com\/index.php?rest_route=\/wp\/v2\/types\/post"}],"author":[{"embeddable":true,"href":"https:\/\/calatorinromania.com\/index.php?rest_route=\/wp\/v2\/users\/1"}],"replies":[{"embeddable":true,"href":"https:\/\/calatorinromania.com\/index.php?rest_route=%2Fwp%2Fv2%2Fcomments&post=39408"}],"version-history":[{"count":1,"href":"https:\/\/calatorinromania.com\/index.php?rest_route=\/wp\/v2\/posts\/39408\/revisions"}],"predecessor-version":[{"id":39409,"href":"https:\/\/calatorinromania.com\/index.php?rest_route=\/wp\/v2\/posts\/39408\/revisions\/39409"}],"wp:featuredmedia":[{"embeddable":true,"href":"https:\/\/calatorinromania.com\/index.php?rest_route=\/wp\/v2\/media\/39187"}],"wp:attachment":[{"href":"https:\/\/calatorinromania.com\/index.php?rest_route=%2Fwp%2Fv2%2Fmedia&parent=39408"}],"wp:term":[{"taxonomy":"category","embeddable":true,"href":"https:\/\/calatorinromania.com\/index.php?rest_route=%2Fwp%2Fv2%2Fcategories&post=39408"},{"taxonomy":"post_tag","embeddable":true,"href":"https:\/\/calatorinromania.com\/index.php?rest_route=%2Fwp%2Fv2%2Ftags&post=39408"}],"curies":[{"name":"wp","href":"https:\/\/api.w.org\/{rel}","templated":true}]}}