{"id":39396,"date":"2025-05-22T07:09:46","date_gmt":"2025-05-22T07:09:46","guid":{"rendered":"https:\/\/calatorinromania.com\/?p=39396"},"modified":"2025-05-22T07:09:46","modified_gmt":"2025-05-22T07:09:46","slug":"aluat-pufos-si-fraged-ideal-pentru-prajituri-cu-fructe","status":"publish","type":"post","link":"https:\/\/calatorinromania.com\/?p=39396","title":{"rendered":"Aluat Pufos \u0219i Fraged \u2013 Ideal pentru Prajituri cu Fructe"},"content":{"rendered":"\n<h3><strong>Ingrediente pentru o tav\u0103 de 25\u00d735 cm:<\/strong><\/h3>\n\n\n\n<p><\/p>\n\n\n\n<ul>\n<li><strong>900 g de fructe<\/strong>&nbsp;(aproximativ \u2013 mere, prune, caise, piersici, sau fructe de p\u0103dure)<\/li>\n\n\n\n<li><strong>6 ou\u0103<\/strong><\/li>\n\n\n\n<li><strong>300 g de zah\u0103r<\/strong><\/li>\n\n\n\n<li><strong>300 ml de lapte sau ap\u0103 mineral\u0103<\/strong>&nbsp;(pentru un aluat mai pufos, folosi\u021bi ap\u0103 mineral\u0103)<\/li>\n\n\n\n<li><strong>500 g de f\u0103in\u0103<\/strong><\/li>\n\n\n\n<li><strong>\u00bd plic praf de copt<\/strong><\/li>\n\n\n\n<li><strong>2 plicuri de zah\u0103r vanilat<\/strong><\/li>\n\n\n\n<li><strong>10 linguri de ulei<\/strong><\/li>\n\n\n\n<li><strong>40 g de zah\u0103r pudr\u0103<\/strong>\u00a0pentru pres\u0103rat deasupra (op\u021bional)<\/li>\n<\/ul>\n\n\n\n<p><\/p>\n\n\n\n<h3><strong>\u00a0Instruc\u021biuni Pas cu Pas:<\/strong><\/h3>\n\n\n\n<p><\/p>\n\n\n\n<h4><strong>1. Preg\u0103tirea cuptorului \u0219i a fructelor:<\/strong><\/h4>\n\n\n\n<ol>\n<li>Pre\u00eenc\u0103lzi\u021bi cuptorul la&nbsp;<strong>180\u00b0C<\/strong>.<\/li>\n\n\n\n<li>Sp\u0103la\u021bi fructele, t\u0103ia\u021bi-le \u00een jum\u0103tate sau \u00een buc\u0103\u021bi mai mici, dac\u0103 este necesar.<\/li>\n<\/ol>\n\n\n\n<p><\/p>\n\n\n\n<h4><strong>2. Preg\u0103tirea aluatului:<\/strong><\/h4>\n\n\n\n<ol>\n<li>Separa\u021bi&nbsp;<strong>albu\u0219urile<\/strong>&nbsp;de&nbsp;<strong>g\u0103lbenu\u0219uri<\/strong>.<\/li>\n\n\n\n<li>Bate\u021bi albu\u0219urile cu un mixer p\u00e2n\u0103 ob\u021bine\u021bi o&nbsp;<strong>spum\u0103 tare<\/strong>.<\/li>\n\n\n\n<li>Ad\u0103uga\u021bi zah\u0103rul treptat, mix\u00e2nd \u00een continuare, p\u00e2n\u0103 c\u00e2nd compozi\u021bia devine lucioas\u0103 \u0219i ferm\u0103.<\/li>\n\n\n\n<li>\u00cencorpora\u021bi pe r\u00e2nd:\n<ul>\n<li>G\u0103lbenu\u0219urile (amesteca\u021bi p\u00e2n\u0103 la omogenizare).<\/li>\n\n\n\n<li>Uleiul (turnat treptat, mix\u00e2nd continuu).<\/li>\n\n\n\n<li>Laptele sau apa mineral\u0103.<\/li>\n\n\n\n<li>Zaharul vanilat.<\/li>\n<\/ul>\n<\/li>\n\n\n\n<li>Amesteca\u021bi f\u0103ina cu praful de copt, apoi \u00eencorpora\u021bi-le treptat \u00een compozi\u021bie, folosind o spatul\u0103 sau mixerul la vitez\u0103 mic\u0103.<\/li>\n<\/ol>\n\n\n\n<p><\/p>\n\n\n\n<h4><strong>3. Asamblarea pr\u0103jiturii:<\/strong><\/h4>\n\n\n\n<ol>\n<li>Tapeta\u021bi tava cu h\u00e2rtie de copt.<\/li>\n\n\n\n<li>Turna\u021bi aluatul uniform \u00een tav\u0103.<\/li>\n\n\n\n<li>A\u0219eza\u021bi fructele deasupra aluatului, acoperindu-l complet. (Pentru un aspect uniform, ap\u0103sa\u021bi u\u0219or fructele \u00een aluat.)<\/li>\n<\/ol>\n\n\n\n<p><\/p>\n\n\n\n<h4><strong>4. Coacerea:<\/strong><\/h4>\n\n\n\n<ol>\n<li>Introduce\u021bi tava \u00een cuptorul pre\u00eenc\u0103lzit \u0219i coace\u021bi timp de&nbsp;<strong>45 de minute<\/strong>, sau p\u00e2n\u0103 c\u00e2nd pr\u0103jitura trece testul cu scobitoarea.<\/li>\n\n\n\n<li>Scoate\u021bi tava din cuptor \u0219i l\u0103sa\u021bi pr\u0103jitura s\u0103 se r\u0103ceasc\u0103 pu\u021bin.<\/li>\n<\/ol>\n\n\n\n<p><\/p>\n\n\n\n<h4><strong>5. Decorare \u0219i servire:<\/strong><\/h4>\n\n\n\n<ul>\n<li>Dac\u0103 dori\u021bi, pres\u0103ra\u021bi zah\u0103r pudr\u0103 deasupra pr\u0103jiturii pentru un plus de elegan\u021b\u0103.<\/li>\n\n\n\n<li>Por\u021biona\u021bi \u0219i bucura\u021bi-v\u0103 de un desert minunat, perfect pentru a fi servit al\u0103turi de o cea\u0219c\u0103 de ceai sau cafea.<\/li>\n<\/ul>\n\n\n\n<p><\/p>\n\n\n\n<h3><strong>&nbsp;Sfaturi Utile:<\/strong><\/h3>\n\n\n\n<ul>\n<li><strong>Variante de fructe:<\/strong>&nbsp;Experimenta\u021bi cu fructele preferate sau combina\u021bi mai multe tipuri.<\/li>\n\n\n\n<li><strong>Pentru extra arom\u0103:<\/strong>&nbsp;Ad\u0103uga\u021bi scor\u021bi\u0219oar\u0103 peste fructe \u00eenainte de a coace.<\/li>\n\n\n\n<li><strong>P\u0103strare:<\/strong>&nbsp;Pr\u0103jitura r\u0103m\u00e2ne proasp\u0103t\u0103 p\u00e2n\u0103 la 3 zile dac\u0103 este p\u0103strat\u0103 acoperit\u0103 \u00eentr-un loc r\u0103coros.<\/li>\n<\/ul>\n\n\n\n<p><strong>Poft\u0103 bun\u0103!\u00a0<\/strong>\u00a0Aceast\u0103 re\u021bet\u0103 simpl\u0103 \u0219i delicioas\u0103 este perfect\u0103 pentru momentele c\u00e2nd vrei s\u0103 salvezi fructele din buc\u0103t\u0103rie \u0219i s\u0103 creezi ceva magic.<\/p>\n","protected":false},"excerpt":{"rendered":"<p>Ingrediente pentru o tav\u0103 de 25\u00d735 cm: \u00a0Instruc\u021biuni Pas cu Pas: 1. Preg\u0103tirea cuptorului \u0219i a fructelor: 2. Preg\u0103tirea aluatului: 3. Asamblarea pr\u0103jiturii: 4. Coacerea:<\/p>\n","protected":false},"author":1,"featured_media":39187,"comment_status":"closed","ping_status":"closed","sticky":false,"template":"","format":"standard","meta":[],"categories":[1],"tags":[],"_links":{"self":[{"href":"https:\/\/calatorinromania.com\/index.php?rest_route=\/wp\/v2\/posts\/39396"}],"collection":[{"href":"https:\/\/calatorinromania.com\/index.php?rest_route=\/wp\/v2\/posts"}],"about":[{"href":"https:\/\/calatorinromania.com\/index.php?rest_route=\/wp\/v2\/types\/post"}],"author":[{"embeddable":true,"href":"https:\/\/calatorinromania.com\/index.php?rest_route=\/wp\/v2\/users\/1"}],"replies":[{"embeddable":true,"href":"https:\/\/calatorinromania.com\/index.php?rest_route=%2Fwp%2Fv2%2Fcomments&post=39396"}],"version-history":[{"count":1,"href":"https:\/\/calatorinromania.com\/index.php?rest_route=\/wp\/v2\/posts\/39396\/revisions"}],"predecessor-version":[{"id":39397,"href":"https:\/\/calatorinromania.com\/index.php?rest_route=\/wp\/v2\/posts\/39396\/revisions\/39397"}],"wp:featuredmedia":[{"embeddable":true,"href":"https:\/\/calatorinromania.com\/index.php?rest_route=\/wp\/v2\/media\/39187"}],"wp:attachment":[{"href":"https:\/\/calatorinromania.com\/index.php?rest_route=%2Fwp%2Fv2%2Fmedia&parent=39396"}],"wp:term":[{"taxonomy":"category","embeddable":true,"href":"https:\/\/calatorinromania.com\/index.php?rest_route=%2Fwp%2Fv2%2Fcategories&post=39396"},{"taxonomy":"post_tag","embeddable":true,"href":"https:\/\/calatorinromania.com\/index.php?rest_route=%2Fwp%2Fv2%2Ftags&post=39396"}],"curies":[{"name":"wp","href":"https:\/\/api.w.org\/{rel}","templated":true}]}}