{"id":39381,"date":"2025-05-21T07:43:50","date_gmt":"2025-05-21T07:43:50","guid":{"rendered":"https:\/\/calatorinromania.com\/?p=39381"},"modified":"2025-05-21T07:43:50","modified_gmt":"2025-05-21T07:43:50","slug":"tatal-biologic-al-unei-fete-a-aruncat-o-intr-un-rau-adanc-dar-dupa-ce-a-facut-calul-oamenii-au-fost-ingroziti","status":"publish","type":"post","link":"https:\/\/calatorinromania.com\/?p=39381","title":{"rendered":"Tat\u0103l biologic al unei fete a aruncat-o \u00eentr-un r\u00e2u ad\u00e2nc, dar dup\u0103 ce a f\u0103cut calul, oamenii au fost \u00eengrozi\u021b\u1ecb"},"content":{"rendered":"\n<p>Dar \u00een acel moment, calul de pe mal a scos un nechezat p\u0103trunz\u0103tor. Ochii s\u0103i au str\u0103lucit, mu\u0219chii s-au \u00eencordat \u2014 \u0219i s-a aruncat \u00een r\u00e2u.<\/p>\n\n\n\n<p>\u00cenota din toate puterile, despic\u00e2nd valurile cu copitele. Mi\u0219carea lui era plin\u0103 de hot\u0103r\u00e2re, care ar fi f\u0103cut s\u00e2ngele s\u0103 \u00eenghe\u021be \u00een vene oricui ar fi v\u0103zut-o.<\/p>\n\n\n\n<p>St\u0103p\u00e2nul calului, care st\u0103tea \u00een apropiere, a observat ce se \u00eent\u00e2mpl\u0103. Mai \u00eent\u00e2i \u2014 cu nedumerire, apoi \u2014 cu groaz\u0103. Realiz\u00e2nd c\u0103 animalul se gr\u0103be\u0219te s\u0103 salveze un copil care se \u00eeneca, a alergat spre mal \u0219i, f\u0103r\u0103 s\u0103 stea pe g\u00e2nduri, s-a aruncat \u00een ap\u0103 dup\u0103 el.<\/p>\n\n\n\n<p>\u00cempreun\u0103 \u2014 omul \u0219i animalul \u2014 au ajuns la feti\u021ba care se \u00eeneca. Calul o \u021binea la suprafa\u021b\u0103, \u00een timp ce omul o scotea din ap\u0103 \u0219i o ducea la mal.<\/p>\n\n\n\n<p>\u00centre timp, ma\u0219ina \u00een care venise b\u0103rbatul deja gonea pe drumul pr\u0103fuit, departe. Nici m\u0103car nu s-a uitat \u00eenapoi.<\/p>\n\n\n\n<p>C\u00e2nd feti\u021ba a fost scoas\u0103 la uscat, \u00eenc\u0103 era \u00een via\u021b\u0103. Sl\u0103bit\u0103, speriat\u0103, dar vie. \u0218i doar atunci a devenit clar c\u0103 tocmai calul roib a fost cel care s-a aruncat primul \u00een lupta cu moartea.<\/p>\n\n\n\n<p>Oamenii spun c\u0103 animalele simt totul\u2026 Dar \u00een ziua aceea el a f\u0103cut imposibilul.<\/p>\n\n\n\n<p><strong>Dac\u0103 \u021bi-a pl\u0103cut povestea, nu uita s\u0103 o distribui cu prietenii t\u0103i! \u00cempreun\u0103 putem duce mai departe emo\u021bia \u0219i inspira\u021bia.<\/strong> <\/p>\n","protected":false},"excerpt":{"rendered":"<p>Dar \u00een acel moment, calul de pe mal a scos un nechezat p\u0103trunz\u0103tor. Ochii s\u0103i au str\u0103lucit, mu\u0219chii s-au \u00eencordat \u2014 \u0219i s-a aruncat \u00een<\/p>\n","protected":false},"author":1,"featured_media":39099,"comment_status":"closed","ping_status":"closed","sticky":false,"template":"","format":"standard","meta":[],"categories":[1],"tags":[],"_links":{"self":[{"href":"https:\/\/calatorinromania.com\/index.php?rest_route=\/wp\/v2\/posts\/39381"}],"collection":[{"href":"https:\/\/calatorinromania.com\/index.php?rest_route=\/wp\/v2\/posts"}],"about":[{"href":"https:\/\/calatorinromania.com\/index.php?rest_route=\/wp\/v2\/types\/post"}],"author":[{"embeddable":true,"href":"https:\/\/calatorinromania.com\/index.php?rest_route=\/wp\/v2\/users\/1"}],"replies":[{"embeddable":true,"href":"https:\/\/calatorinromania.com\/index.php?rest_route=%2Fwp%2Fv2%2Fcomments&post=39381"}],"version-history":[{"count":1,"href":"https:\/\/calatorinromania.com\/index.php?rest_route=\/wp\/v2\/posts\/39381\/revisions"}],"predecessor-version":[{"id":39382,"href":"https:\/\/calatorinromania.com\/index.php?rest_route=\/wp\/v2\/posts\/39381\/revisions\/39382"}],"wp:featuredmedia":[{"embeddable":true,"href":"https:\/\/calatorinromania.com\/index.php?rest_route=\/wp\/v2\/media\/39099"}],"wp:attachment":[{"href":"https:\/\/calatorinromania.com\/index.php?rest_route=%2Fwp%2Fv2%2Fmedia&parent=39381"}],"wp:term":[{"taxonomy":"category","embeddable":true,"href":"https:\/\/calatorinromania.com\/index.php?rest_route=%2Fwp%2Fv2%2Fcategories&post=39381"},{"taxonomy":"post_tag","embeddable":true,"href":"https:\/\/calatorinromania.com\/index.php?rest_route=%2Fwp%2Fv2%2Ftags&post=39381"}],"curies":[{"name":"wp","href":"https:\/\/api.w.org\/{rel}","templated":true}]}}