{"id":39325,"date":"2025-05-20T05:30:46","date_gmt":"2025-05-20T05:30:46","guid":{"rendered":"https:\/\/calatorinromania.com\/?p=39325"},"modified":"2025-05-20T05:30:46","modified_gmt":"2025-05-20T05:30:46","slug":"am-salvat-un-corb-gasindu-l-ranit-dar-ceea-ce-a-adus-peste-o-luna-nu-poti-spune-cu-voce-tare","status":"publish","type":"post","link":"https:\/\/calatorinromania.com\/?p=39325","title":{"rendered":"<br><strong>Am salvat un corb, g\u0103sindu-l r\u0103nit. Dar ceea ce a adus peste o lun\u0103 \u2014 nu po\u021bi spune cu voce tare.<\/strong>"},"content":{"rendered":"\n<p>\u00centr-o sear\u0103 ploioas\u0103 de toamn\u0103, c\u00e2nd cerul era acoperit de nori de\u0219i, iar lumea \u00eentreag\u0103 era pictat\u0103 \u00een tonuri gri \u0219i mohor\u00e2te, mergeam spre cas\u0103 dup\u0103 o zi de munc\u0103 epuizant\u0103.<\/p>\n\n\n\n<p><\/p>\n\n\n\n<p>Dintr-o dat\u0103, printre zgomotul ploii \u0219i vuietul ma\u0219inilor, am auzit un \u021bip\u0103t ciudat, strident.<\/p>\n\n\n\n<p><\/p>\n\n\n\n<p>Se deosebea de celelalte sunete \u2014 ca \u0219i cum cineva cerea ajutor.<\/p>\n\n\n\n<p><\/p>\n\n\n\n<p>M-am oprit \u0219i am ascultat. Sunetul venea de dincolo de tufi\u0219urile de l\u00e2ng\u0103 locul de joac\u0103 pentru copii.<\/p>\n\n\n\n<p><\/p>\n\n\n\n<p>M-am apropiat \u0219i am v\u0103zut\u2026 un corb. Pas\u0103rea era ud\u0103, tremura din tot corpul, o arip\u0103 \u00eei at\u00e2rna ciudat.<\/p>\n\n\n\n<p><\/p>\n\n\n\n<p>Dar cel mai important \u2014 se uita la mine. Ochii lui negri erau vii, plini de durere \u0219i o speran\u021b\u0103 ciudat\u0103.<\/p>\n\n\n\n<p><\/p>\n\n\n\n<p>\u2014 Ai \u00eencurcat-o, prietene, am \u0219optit.<\/p>\n\n\n\n<p><\/p>\n\n\n\n<p>F\u0103r\u0103 s\u0103 stau pe g\u00e2nduri, mi-am dat jos geaca, am \u00eenf\u0103\u0219urat cu grij\u0103 pas\u0103rea \u00een ea \u0219i am dus-o la mine.<\/p>\n\n\n\n<p><\/p>\n\n\n\n<p>Ploaia c\u0103dea cu g\u0103leata, dar \u00een interiorul meu se \u00eenc\u0103lzise ceva \u2014 parc\u0103 \u00eent\u00e2lnirea asta nu era \u00eent\u00e2mpl\u0103toare.<\/p>\n\n\n\n<p><\/p>\n\n\n\n<p>Ajuns acas\u0103, i-am improvizat repede un \u201espital\u201d: am pus o \u021bes\u0103tur\u0103 moale, am conectat o p\u0103tur\u0103 electric\u0103, am turnat ap\u0103 \u0219i am g\u0103sit pu\u021bin\u0103 carne.<\/p>\n\n\n\n<p><\/p>\n\n\n\n<p>Araks \u2014 a\u0219a l-am numit mai t\u00e2rziu \u2014 m\u00e2nca pu\u021bin, dar se str\u0103duia.<\/p>\n\n\n\n<p><\/p>\n\n\n\n<p>Am c\u0103utat pe internet cum s\u0103 ajut o pas\u0103re r\u0103nit\u0103 \u0219i am aflat c\u0103 corbii au nevoie de lini\u0219te, fixarea corect\u0103 a membrelor v\u0103t\u0103mate \u0219i, uneori, de ajutorul unui specialist.<\/p>\n\n\n\n<p><\/p>\n\n\n\n<p>Dup\u0103 dou\u0103 zile, l-am dus la veterinar. Se pare c\u0103 Araks avea o fractur\u0103 la arip\u0103, dar cu \u00eengrijire adecvat\u0103 exista \u0219ansa de vindecare.<\/p>\n\n\n\n<p><\/p>\n\n\n\n<p>Din acel moment a \u00eenceput o via\u021b\u0103 complet diferit\u0103 \u2014 plin\u0103 de grij\u0103, cur\u0103\u021benie, c\u0103utarea hranei potrivite \u0219i curiozitate nesf\u00e2r\u0219it\u0103 din partea noului meu prieten.<\/p>\n\n\n\n<p>Araks s-a ata\u0219at repede de mine. St\u0103tea l\u00e2ng\u0103 mine c\u00e2nd m\u0103 uitam la filme, cronc\u0103nea insistent c\u00e2nd \u00eei era foame.<\/p>\n\n\n\n<p><\/p>\n\n\n\n<p>Cu timpul s-a \u00eentremat, a prins puteri. Aripa se vindeca. Deja zbura prin camer\u0103, apoi a \u00eenceput s\u0103 exploreze balconul.<\/p>\n\n\n\n<p><\/p>\n\n\n\n<p>\u00cei vedeam dorin\u021ba de libertate, dar de fiecare dat\u0103 c\u00e2nd deschideam fereastra, se \u00eentorcea. Probabil, nu era \u00eenc\u0103 preg\u0103tit.<\/p>\n\n\n\n<p><\/p>\n\n\n\n<p>\u0218i iat\u0103, \u00eentr-o diminea\u021b\u0103 m-am trezit \u0219i nu l-am g\u0103sit \u00een cu\u0219c\u0103. Inima mi s-a oprit.<\/p>\n\n\n\n<p><\/p>\n\n\n\n<p>Dar dup\u0103 un minut am auzit cunoscutul cronc\u0103nit de afar\u0103. Araks st\u0103tea pe pervaz \u2014 viu, s\u0103n\u0103tos, liber.<\/p>\n\n\n\n<p>\u2014 Bravo, b\u0103iete, am \u0219optit.<\/p>\n\n\n\n<p>A cronc\u0103nit scurt \u0219i a zburat.<\/p>\n\n\n\n<p>La \u00eenceput am crezut c\u0103 a fost un r\u0103mas bun. Dar deja a doua zi diminea\u021b\u0103, deschiz\u00e2nd ochii, am v\u0103zut ceva str\u0103lucitor pe pervaz.<\/p>\n\n\n\n<p>Apropiindu-m\u0103, am v\u0103zut o br\u0103\u021bar\u0103 de aur.<\/p>\n\n\n\n<p>Mai \u00eent\u00e2i am crezut c\u0103 e o glum\u0103 sau o coinciden\u021b\u0103. Dar apoi mi-am amintit: chiar acolo st\u0103tuse \u00eenainte s\u0103 plece.<\/p>\n\n\n\n<p>Mai t\u00e2rziu am aflat c\u0103 corbii sunt printre cele mai inteligente p\u0103s\u0103ri.<\/p>\n\n\n\n<p>\u00ce\u0219i amintesc oamenii, disting fe\u021bele, pot rezolva sarcini. Dar s\u0103 aduc\u0103 bijuterii de aur? Asta dep\u0103\u0219ea limitele.<\/p>\n\n\n\n<p>Totu\u0219i, Araks continua s\u0103 revin\u0103. \u0218i de fiecare dat\u0103 aducea ceva valoros: cercei, l\u0103n\u021bi\u0219oare, inele.<\/p>\n\n\n\n<p>Unele erau simple, altele \u2014 vizibil scumpe. Mi-am f\u0103cut chiar o cutiu\u021b\u0103 pe care am pus-o pe pervaz special pentru aceste daruri.<\/p>\n\n\n\n<p>Am \u00eenceput s\u0103 caut explica\u021bii. Poate c\u0103 Araks tr\u0103ia \u00eentr-un cartier bogat \u0219i doar g\u0103sea acele lucruri?<\/p>\n\n\n\n<p>Sau poate cineva le pierdea, iar el le aduna din \u00eent\u00e2mplare? Dar \u00een interiorul meu cre\u0219tea senza\u021bia c\u0103 era vorba de ceva mai mult.<\/p>\n\n\n\n<p>Atunci mi-am amintit o legend\u0103 veche despre corbi ca mesageri ai destinului.<\/p>\n\n\n\n<p>\u00cen mitologia scandinav\u0103, Odin avea doi corbi loiali \u2014 Hugin \u0219i Munin, care \u00eei aduceau ve\u0219ti din toat\u0103 lumea.<\/p>\n\n\n\n<p>\u00cen multe culturi, corbii simbolizeaz\u0103 nu doar viclenia, ci \u0219i \u00een\u021belepciunea, viziunea \u0219i leg\u0103tura dintre lumi.<\/p>\n\n\n\n<p>Poate c\u0103 Araks era un astfel de mesager? Sau voia doar s\u0103-mi mul\u021bumeasc\u0103 pentru c\u0103 l-am salvat?<\/p>\n\n\n\n<p>Mai t\u00e2rziu am dat peste un articol care spunea c\u0103 p\u0103s\u0103rile din familia corvidelor pot sim\u021bi emo\u021bii asem\u0103n\u0103toare cu recuno\u0219tin\u021ba.<\/p>\n\n\n\n<p>Oamenii de \u0219tiin\u021b\u0103 confirm\u0103: astfel de p\u0103s\u0103ri pot oferi \u201ecadouri\u201d celor pe care \u00eei consider\u0103 prieteni. Nu e fic\u021biune. E adev\u0103r.<\/p>\n\n\n\n<p>Oricum ar fi, sim\u021beam c\u0103 \u00eentre noi exista o leg\u0103tur\u0103 greu de explicat \u00een cuvinte. Ceva mai mult dec\u00e2t o simpl\u0103 convie\u021buire sau grij\u0103.<\/p>\n\n\n\n<p>C\u00e2nd povestea devine eveniment<\/p>\n\n\n\n<p>Dup\u0103 c\u00e2teva luni am decis s\u0103 \u00eenregistrez un video.<\/p>\n\n\n\n<p>Filmam cum vine Araks, cum \u00ee\u0219i las\u0103 trofeele misterioase, povesteam \u00eentreaga noastr\u0103 istorie de la \u00eenceput. Nu credeam c\u0103 va emo\u021biona pe cineva, dar reac\u021bia a fost uluitoare.<\/p>\n\n\n\n<p>Oamenii scriau: \u2014 Este cea mai emo\u021bionant\u0103 poveste pe care am citit-o vreodat\u0103! \u2014 Crede\u021bi \u00een magie? Acum da. \u2014 Cum e posibil a\u0219a ceva?!<\/p>\n\n\n\n<p>Cu timpul, canalul meu a adunat mii de abona\u021bi. Am \u00eenceput s\u0103 fac mini-documentare.<\/p>\n\n\n\n<p>Ornitologi comentau comportamentul lui Araks, psihologi analizau de ce povestea noastr\u0103 atingea at\u00e2t de mul\u021bi.<\/p>\n\n\n\n<p>Dar cel mai mult m\u0103 bucura un lucru: Araks continua s\u0103 revin\u0103.<\/p>\n\n\n\n<p>A devenit parte din via\u021ba mea. Talismamul meu. Prietenul meu.<\/p>\n\n\n\n<p>Araks \u00eenc\u0103 apare la fereastr\u0103. Uneori aduce ceva str\u0103lucitor, alteori doar salut\u0103 cu un cronc\u0103nit \u0219i zboar\u0103 din nou spre cer.<\/p>\n\n\n\n<p>Nu \u0219tiu c\u00e2t va mai dura povestea noastr\u0103, dar de fiecare dat\u0103 c\u00e2nd \u00eel v\u0103d silueta \u00een lumina apusului, simt recuno\u0219tin\u021b\u0103.<\/p>\n\n\n\n<p>Aceast\u0103 \u00eent\u00e2lnire m-a \u00eenv\u0103\u021bat un lucru: chiar \u0219i \u00een cele mai obi\u0219nuite zile se poate \u00eent\u00e2mpla o minune.<\/p>\n\n\n\n<p>C\u0103 grija \u0219i compasiunea se \u00eentorc mai devreme sau mai t\u00e2rziu \u2014 chiar \u0219i sub o form\u0103 nea\u0219teptat\u0103.<\/p>\n\n\n\n<p>\u0218i c\u0103 uneori, pentru a-\u021bi schimba via\u021ba, trebuie doar s\u0103 faci un pas spre cel care are nevoie de tine.<\/p>\n","protected":false},"excerpt":{"rendered":"<p>\u00centr-o sear\u0103 ploioas\u0103 de toamn\u0103, c\u00e2nd cerul era acoperit de nori de\u0219i, iar lumea \u00eentreag\u0103 era pictat\u0103 \u00een tonuri gri \u0219i mohor\u00e2te, mergeam spre cas\u0103<\/p>\n","protected":false},"author":1,"featured_media":39187,"comment_status":"closed","ping_status":"closed","sticky":false,"template":"","format":"standard","meta":[],"categories":[1],"tags":[],"_links":{"self":[{"href":"https:\/\/calatorinromania.com\/index.php?rest_route=\/wp\/v2\/posts\/39325"}],"collection":[{"href":"https:\/\/calatorinromania.com\/index.php?rest_route=\/wp\/v2\/posts"}],"about":[{"href":"https:\/\/calatorinromania.com\/index.php?rest_route=\/wp\/v2\/types\/post"}],"author":[{"embeddable":true,"href":"https:\/\/calatorinromania.com\/index.php?rest_route=\/wp\/v2\/users\/1"}],"replies":[{"embeddable":true,"href":"https:\/\/calatorinromania.com\/index.php?rest_route=%2Fwp%2Fv2%2Fcomments&post=39325"}],"version-history":[{"count":1,"href":"https:\/\/calatorinromania.com\/index.php?rest_route=\/wp\/v2\/posts\/39325\/revisions"}],"predecessor-version":[{"id":39326,"href":"https:\/\/calatorinromania.com\/index.php?rest_route=\/wp\/v2\/posts\/39325\/revisions\/39326"}],"wp:featuredmedia":[{"embeddable":true,"href":"https:\/\/calatorinromania.com\/index.php?rest_route=\/wp\/v2\/media\/39187"}],"wp:attachment":[{"href":"https:\/\/calatorinromania.com\/index.php?rest_route=%2Fwp%2Fv2%2Fmedia&parent=39325"}],"wp:term":[{"taxonomy":"category","embeddable":true,"href":"https:\/\/calatorinromania.com\/index.php?rest_route=%2Fwp%2Fv2%2Fcategories&post=39325"},{"taxonomy":"post_tag","embeddable":true,"href":"https:\/\/calatorinromania.com\/index.php?rest_route=%2Fwp%2Fv2%2Ftags&post=39325"}],"curies":[{"name":"wp","href":"https:\/\/api.w.org\/{rel}","templated":true}]}}