{"id":39323,"date":"2025-05-20T05:26:16","date_gmt":"2025-05-20T05:26:16","guid":{"rendered":"https:\/\/calatorinromania.com\/?p=39323"},"modified":"2025-05-20T05:26:17","modified_gmt":"2025-05-20T05:26:17","slug":"%f0%9f%90%a6%e2%9c%a8-au-ales-casa-ta-cu-un-scop-ce-inseamna-daca-randunicile-isi-fac-cuib-langa-tine","status":"publish","type":"post","link":"https:\/\/calatorinromania.com\/?p=39323","title":{"rendered":"\ud83d\udc26\u2728 \u201e<strong>Au ales casa ta cu un scop<\/strong>\u201d \u2013 Ce \u00eenseamn\u0103 dac\u0103 r\u00e2ndunicile \u00ee\u0219i fac cuib l\u00e2ng\u0103 tine?"},"content":{"rendered":"\n<p>C\u00e2nd vezi o <strong>r\u00e2ndunic\u0103<\/strong> zbur\u00e2nd \u00een cercuri prin curte sau st\u00e2nd lini\u0219tit\u0103 pe strea\u0219in\u0103, poate nu \u0219tii&#8230; dar ea <strong>nu a venit \u00eent\u00e2mpl\u0103tor<\/strong>. \u2728<\/p>\n\n\n\n<p><\/p>\n\n\n\n<p><strong>R\u00e2ndunicile nu aduc doar prim\u0103vara \u2014 ele aduc \u0219i speran\u021b\u0103, protec\u021bie \u0219i un strop de magie.<\/strong><br>Ai observat un cuib la tine acas\u0103? Iat\u0103 <strong>ce \u00eenseamn\u0103 cu adev\u0103rat<\/strong> \u0219i <strong>de ce ar trebui s\u0103 te bucuri<\/strong>:<\/p>\n\n\n\n<p><\/p>\n\n\n\n<h3>\ud83c\udf3c Simbolul prim\u0103verii \u0219i al re\u00eennoirii<\/h3>\n\n\n\n<p><\/p>\n\n\n\n<p>R\u00e2ndunicile se \u00eentorc \u00een fiecare an, odat\u0103 cu vremea cald\u0103. \ud83d\udd4a\ufe0f<\/p>\n\n\n\n<p><br>Apari\u021bia lor e ca un <strong>calendar natural<\/strong> care spune clar:<\/p>\n\n\n\n<p><br>\u27a1\ufe0f <strong>Iarna s-a dus, soarele e aici s\u0103 r\u0103m\u00e2n\u0103.<\/strong><\/p>\n\n\n\n<p><\/p>\n\n\n\n<h3>\ud83e\uddf1 Cuibul lor \u2013 o minune a naturii<\/h3>\n\n\n\n<p><\/p>\n\n\n\n<p>Aceste p\u0103s\u0103ri mici sunt ni\u0219te <strong>arhitecte pricepute<\/strong>.<\/p>\n\n\n\n<p><br>\ud83d\udd39 Construiesc cuiburi din <strong>lut, paie \u0219i iarb\u0103<\/strong>, cu o migal\u0103 ie\u0219it\u0103 din comun.<br>\ud83d\udd39 Fiecare cuib e un <strong>simbol al grijii, r\u0103bd\u0103rii \u0219i iubirii materne<\/strong>.<\/p>\n\n\n\n<p><\/p>\n\n\n\n<blockquote class=\"wp-block-quote\">\n<p>Nu e doar un loc unde locuiesc \u2014 <strong>e un templu al vie\u021bii<\/strong>. \u2764\ufe0f<\/p>\n\n\n\n<p><\/p>\n<\/blockquote>\n\n\n\n<h2>\ud83c\udfe0 De ce au ales r\u00e2ndunicile casa ta?<\/h2>\n\n\n\n<p><\/p>\n\n\n\n<p>Dac\u0103 \u0219i-au f\u0103cut cuib l\u00e2ng\u0103 locuin\u021ba ta, <strong>ia-o ca pe o binecuv\u00e2ntare<\/strong>. Nu e o \u00eent\u00e2mplare.<\/p>\n\n\n\n<p><\/p>\n\n\n\n<h3>1\ufe0f\u20e3 <strong>Se simt \u00een siguran\u021b\u0103 acolo<\/strong><\/h3>\n\n\n\n<p>Locuin\u021ba ta le ofer\u0103 protec\u021bie contra <strong>pr\u0103d\u0103torilor<\/strong>: pisici, \u0219oimi, bufni\u021be.<br>Strea\u0219ina sau balconul le ap\u0103r\u0103 de <strong>ploaie \u0219i v\u00e2nt<\/strong>.<\/p>\n\n\n\n<h3>2\ufe0f\u20e3 <strong>Au hran\u0103 din bel\u0219ug<\/strong><\/h3>\n\n\n\n<p>R\u00e2ndunicile se hr\u0103nesc cu insecte \ud83e\udd9f. Dac\u0103 ai o gr\u0103din\u0103 sau e\u0219ti aproape de un iaz sau r\u00e2u, atunci&#8230; ai \u0219i tu \u201erestaurant\u201d pentru ele. \ud83d\ude0a<\/p>\n\n\n\n<h3>3\ufe0f\u20e3 <strong>Le place c\u0103ldura<\/strong><\/h3>\n\n\n\n<p>Peretele casei re\u021bine c\u0103ldura, ceea ce ajut\u0103 puii s\u0103 fie feri\u021bi de frigul nop\u021bilor prim\u0103verii.<\/p>\n\n\n\n<h3>4\ufe0f\u20e3 <strong>Ai un loc \u201eperfect\u201d pentru ele<\/strong><\/h3>\n\n\n\n<p>O strea\u0219in\u0103 solid\u0103, o grind\u0103 expus\u0103, un col\u021b lini\u0219tit \u2014 pentru ele, \u00eenseamn\u0103 \u201eacas\u0103\u201d.<\/p>\n\n\n\n<h2>\ud83d\udcab Semn de noroc \u0219i protec\u021bie<\/h2>\n\n\n\n<p>\ud83d\udccc \u00cen cultura popular\u0103, r\u00e2ndunicile aduc:<br>\u2714\ufe0f <strong>Noroc \u00een cas\u0103<\/strong><br>\u2714\ufe0f <strong>Protec\u021bie \u00eempotriva relelor<\/strong><br>\u2714\ufe0f <strong>Oamenii buni au casele vizitate de p\u0103s\u0103ri curate<\/strong><\/p>\n\n\n\n<p>Mai mult, <strong>consum\u0103 o mul\u021bime de insecte<\/strong> zilnic \u2014 adio \u021b\u00e2n\u021bari! \ud83e\udd9f\u274c<\/p>\n\n\n\n<h2>\u2764\ufe0f Cum le po\u021bi ajuta?<\/h2>\n\n\n\n<p>\ud83d\udd39 Nu le deranja cuiburile.<br>\ud83d\udd39 Po\u021bi pune <strong>o mic\u0103 sc\u00e2ndur\u0103 sub cuib<\/strong> (pentru igien\u0103).<br>\ud83d\udd39 Las\u0103-le spa\u021biul lor \u0219i ele \u00ee\u021bi vor aduce lini\u0219te, triluri vesele \u0219i un aer curat de natur\u0103.<\/p>\n\n\n\n<h2>\ud83d\udde3\ufe0f Spune-ne \u0219i tu!<\/h2>\n\n\n\n<p><strong>Au venit r\u00e2ndunicile la tine acas\u0103?<\/strong> Cum te-ai sim\u021bit?<br>\ud83d\udc47 Las\u0103 un comentariu mai jos \u2014 <strong>povestea ta poate inspira \u0219i al\u021bi iubitori de natur\u0103!<\/strong><\/p>\n\n\n\n<p>\ud83d\udccc <em>R\u00e2ndunicile nu caut\u0103 un acoperi\u0219 \u2014 caut\u0103 o energie bun\u0103. Dac\u0103 au ales casa ta, \u00eenseamn\u0103 c\u0103 au sim\u021bit-o.<\/em> \u2728\ud83d\udc26<\/p>\n","protected":false},"excerpt":{"rendered":"<p>C\u00e2nd vezi o r\u00e2ndunic\u0103 zbur\u00e2nd \u00een cercuri prin curte sau st\u00e2nd lini\u0219tit\u0103 pe strea\u0219in\u0103, poate nu \u0219tii&#8230; dar ea nu a venit \u00eent\u00e2mpl\u0103tor. \u2728 R\u00e2ndunicile<\/p>\n","protected":false},"author":1,"featured_media":39187,"comment_status":"closed","ping_status":"closed","sticky":false,"template":"","format":"standard","meta":[],"categories":[1],"tags":[],"_links":{"self":[{"href":"https:\/\/calatorinromania.com\/index.php?rest_route=\/wp\/v2\/posts\/39323"}],"collection":[{"href":"https:\/\/calatorinromania.com\/index.php?rest_route=\/wp\/v2\/posts"}],"about":[{"href":"https:\/\/calatorinromania.com\/index.php?rest_route=\/wp\/v2\/types\/post"}],"author":[{"embeddable":true,"href":"https:\/\/calatorinromania.com\/index.php?rest_route=\/wp\/v2\/users\/1"}],"replies":[{"embeddable":true,"href":"https:\/\/calatorinromania.com\/index.php?rest_route=%2Fwp%2Fv2%2Fcomments&post=39323"}],"version-history":[{"count":1,"href":"https:\/\/calatorinromania.com\/index.php?rest_route=\/wp\/v2\/posts\/39323\/revisions"}],"predecessor-version":[{"id":39324,"href":"https:\/\/calatorinromania.com\/index.php?rest_route=\/wp\/v2\/posts\/39323\/revisions\/39324"}],"wp:featuredmedia":[{"embeddable":true,"href":"https:\/\/calatorinromania.com\/index.php?rest_route=\/wp\/v2\/media\/39187"}],"wp:attachment":[{"href":"https:\/\/calatorinromania.com\/index.php?rest_route=%2Fwp%2Fv2%2Fmedia&parent=39323"}],"wp:term":[{"taxonomy":"category","embeddable":true,"href":"https:\/\/calatorinromania.com\/index.php?rest_route=%2Fwp%2Fv2%2Fcategories&post=39323"},{"taxonomy":"post_tag","embeddable":true,"href":"https:\/\/calatorinromania.com\/index.php?rest_route=%2Fwp%2Fv2%2Ftags&post=39323"}],"curies":[{"name":"wp","href":"https:\/\/api.w.org\/{rel}","templated":true}]}}