{"id":39321,"date":"2025-05-20T05:17:58","date_gmt":"2025-05-20T05:17:58","guid":{"rendered":"https:\/\/calatorinromania.com\/?p=39321"},"modified":"2025-05-20T05:17:58","modified_gmt":"2025-05-20T05:17:58","slug":"traditii-de-21-mai-de-ce-trebuie-sa-aduci-in-casa-trei-fire-de-bujori-in-aceasta-zi-sfanta","status":"publish","type":"post","link":"https:\/\/calatorinromania.com\/?p=39321","title":{"rendered":"Tradi\u021bii de 21 mai! De ce trebuie s\u0103 aduci \u00een cas\u0103 trei fire de bujori \u00een aceast\u0103 zi sf\u00e2nt\u0103"},"content":{"rendered":"\n<p>\u00cen fiecare an, pe 21 mai, credincio\u0219ii ortodoc\u0219i s\u0103rb\u0103toresc pr\u0103znuirea Sfin\u021bilor \u00cemp\u0103ra\u021bi Constantin \u0219i Elena, ocazie \u00een care sunt respectate mai multe tradi\u021bii populare menite s\u0103 aduc\u0103 binecuv\u00e2ntare \u0219i protec\u021bie familiei.<\/p>\n\n\n\n<p>Una dintre obiceiurile r\u0103sp\u00e2ndite \u00een aceast\u0103 zi este aducerea \u00een cas\u0103 a cel pu\u021bin trei fire de bujori \u00eemboboci\u021bi, simbol al voii bune \u0219i al armoniei \u00een c\u0103min. Se spune c\u0103 prezen\u021ba acestor flori contribuie la adunarea \u0219i men\u021binerea bunei dispozi\u021bii \u00een familie.<\/p>\n\n\n\n<p>De asemenea, \u00een tradi\u021bia popular\u0103, unul dintre membrii familiei este indemnizat s\u0103 duc\u0103 la biseric\u0103 un buchet compus din trei bujori, flori de l\u0103m\u00e2i\u021b\u0103, p\u00e2ine \u0219i dulciuri preg\u0103tite \u00een cas\u0103, ca gest de mul\u021bumire \u0219i cerere de binecuv\u00e2ntare.<\/p>\n\n\n\n<h3>\u201eSperietoarea vr\u0103jitoarelor\u201d \u2013 o datin\u0103 pentru protejarea laptelui<\/h3>\n\n\n\n<p>Un alt obicei p\u0103strat \u00een mediul rural vizeaz\u0103 protec\u021bia laptelui de duhurile rele, considerate a putea afecta recoltarea \u0219i p\u0103strarea acestuia. Membrii familiei se adun\u0103 \u00een mijlocul gospod\u0103riei, \u00een jurul unui vas cu lapte, \u0219i bat cu linguri noi de lemn \u00een vasele \u00een care de obicei se fierbe laptele.<\/p>\n\n\n\n<p>\u00cen acela\u0219i timp, cei prezen\u021bi strig\u0103 cu putere, pentru a speria \u201evr\u0103jitoarele\u201d care, conform credin\u021belor populare, ar putea fura laptele. Acest ritual, cunoscut sub denumirea de \u201esperietoarea vr\u0103jitoarelor\u201d, are rolul de a p\u0103stra sporul laptelui \u0219i bun\u0103starea \u00een gospod\u0103rie.<\/p>\n\n\n\n<p>SURSA> https:\/\/romania.fm\/<\/p>\n","protected":false},"excerpt":{"rendered":"<p>\u00cen fiecare an, pe 21 mai, credincio\u0219ii ortodoc\u0219i s\u0103rb\u0103toresc pr\u0103znuirea Sfin\u021bilor \u00cemp\u0103ra\u021bi Constantin \u0219i Elena, ocazie \u00een care sunt respectate mai multe tradi\u021bii populare menite<\/p>\n","protected":false},"author":1,"featured_media":39187,"comment_status":"closed","ping_status":"closed","sticky":false,"template":"","format":"standard","meta":[],"categories":[1],"tags":[],"_links":{"self":[{"href":"https:\/\/calatorinromania.com\/index.php?rest_route=\/wp\/v2\/posts\/39321"}],"collection":[{"href":"https:\/\/calatorinromania.com\/index.php?rest_route=\/wp\/v2\/posts"}],"about":[{"href":"https:\/\/calatorinromania.com\/index.php?rest_route=\/wp\/v2\/types\/post"}],"author":[{"embeddable":true,"href":"https:\/\/calatorinromania.com\/index.php?rest_route=\/wp\/v2\/users\/1"}],"replies":[{"embeddable":true,"href":"https:\/\/calatorinromania.com\/index.php?rest_route=%2Fwp%2Fv2%2Fcomments&post=39321"}],"version-history":[{"count":1,"href":"https:\/\/calatorinromania.com\/index.php?rest_route=\/wp\/v2\/posts\/39321\/revisions"}],"predecessor-version":[{"id":39322,"href":"https:\/\/calatorinromania.com\/index.php?rest_route=\/wp\/v2\/posts\/39321\/revisions\/39322"}],"wp:featuredmedia":[{"embeddable":true,"href":"https:\/\/calatorinromania.com\/index.php?rest_route=\/wp\/v2\/media\/39187"}],"wp:attachment":[{"href":"https:\/\/calatorinromania.com\/index.php?rest_route=%2Fwp%2Fv2%2Fmedia&parent=39321"}],"wp:term":[{"taxonomy":"category","embeddable":true,"href":"https:\/\/calatorinromania.com\/index.php?rest_route=%2Fwp%2Fv2%2Fcategories&post=39321"},{"taxonomy":"post_tag","embeddable":true,"href":"https:\/\/calatorinromania.com\/index.php?rest_route=%2Fwp%2Fv2%2Ftags&post=39321"}],"curies":[{"name":"wp","href":"https:\/\/api.w.org\/{rel}","templated":true}]}}