{"id":39309,"date":"2025-05-19T10:51:46","date_gmt":"2025-05-19T10:51:46","guid":{"rendered":"https:\/\/calatorinromania.com\/?p=39309"},"modified":"2025-05-19T10:51:47","modified_gmt":"2025-05-19T10:51:47","slug":"doamna-care-facea-curatenie-simtea-compasiune-pentru-orfan-si-l-a-hranit-in-timp-ce-stapanii-erau-plecati-cand-s-au-intors-oamenii-bogati-nu-le-venea-sa-creada-propriilor-ochi","status":"publish","type":"post","link":"https:\/\/calatorinromania.com\/?p=39309","title":{"rendered":"Doamna care f\u0103cea cur\u0103\u021benie sim\u021bea compasiune pentru orfan \u0219i l-a hr\u0103nit, \u00een timp ce st\u0103p\u00e2nii erau pleca\u021bi. C\u00e2nd s-au \u00eentors oamenii boga\u021bi, nu le venea s\u0103 cread\u0103 propriilor ochi."},"content":{"rendered":"\n<p>Anna a lucrat \u00een casa familiei Niewier de mul\u021bi ani. \u00cen acea zi, st\u0103p\u00e2nii plecaser\u0103, iar ea, termin\u00e2nd toate treburile din cas\u0103, a decis s\u0103 se odihneasc\u0103 pu\u021bin la fereastr\u0103. Deodat\u0103, aten\u021bia i-a fost atras\u0103 de un b\u0103iat care mergea pe l\u00e2ng\u0103 gard. Era slab, purta haine rupte \u0219i p\u0103rea foarte obosit.<\/p>\n\n\n\n<p><\/p>\n\n\n\n<p>\u2014 Probabil \u00eei este foame, \u2014 g\u00e2ndi Anna, sim\u021bind compasiune pentru s\u0103rmanul copil. Privind la ceas, \u00ee\u0219i d\u0103du seama c\u0103 st\u0103p\u00e2nii nu se vor \u00eentoarce prea cur\u00e2nd \u0219i ie\u0219i afar\u0103.<\/p>\n\n\n\n<p><\/p>\n\n\n\n<p>\u2014 Bun\u0103, cum te cheam\u0103? \u2014 \u00eentreb\u0103 ea bl\u00e2nd, apropiindu-se de b\u0103iatul care privea cu aten\u021bie strada.<br>\u2014 Marius, \u2014 r\u0103spunse el, privindu-o cu ne\u00eencredere.<br>\u2014 Hai cu mine, \u2014 propuse Anna. \u2014 Te voi r\u0103spl\u0103ti cu un colac de mere, \u2014 iar b\u0103iatul, f\u0103r\u0103 s\u0103 stea pe g\u00e2nduri, o urm\u0103. \u00cei era foarte foame \u0219i nu m\u00e2ncase nimic toat\u0103 ziua.<\/p>\n\n\n<div class=\"wp-block-image\">\n<figure class=\"aligncenter\"><img decoding=\"async\" src=\"http:\/\/lifeblog.am\/wp-content\/uploads\/2025\/05\/d224302.png\" alt=\"\" class=\"wp-image-378\"\/><\/figure><\/div>\n\n\n<p>\u00cen buc\u0103t\u0103rie, Anna t\u0103ie un buc\u0103\u021bel mare de pr\u0103jitur\u0103 \u0219i puse farfuria \u00een fa\u021ba b\u0103iatului.<\/p>\n\n\n\n<p>\u2014 Ce bun\u0103tate! \u2014 exclam\u0103 Marius, mu\u0219c\u00e2nd din pr\u0103jitur\u0103. \u2014 \u0218i mama mea f\u0103cea pr\u0103jituri ca acestea!<br>\u2014 Unde este mama ta? \u2014 \u00eentreb\u0103 cu grij\u0103 Anna. B\u0103iatul se opri din m\u00e2ncat, \u00ee\u0219i l\u0103s\u0103 privirea \u00een jos.<br>\u2014 O caut de mult\u2026 A disp\u0103rut, \u2014 spuse el \u00eencet.<br>\u2014 M\u0103n\u00e2nc\u0103, m\u0103n\u00e2nc\u0103, \u2014 spuse Anna bl\u00e2nd. \u2014 Sigur o vei g\u0103si.<\/p>\n\n\n\n<p>\u00cen acel moment u\u0219a se deschise \u2014 st\u0103p\u00e2nii se \u00eentorceau. Anna tres\u0103ri, auzind pa\u0219ii.<\/p>\n\n\n\n<p>\u2014 \u0218i cine e la noi? \u2014 \u00eentreb\u0103 Sergiu, mirat, uit\u00e2ndu-se \u00een buc\u0103t\u0103rie. Ochii i s-au m\u0103rit c\u00e2nd l-a v\u0103zut pe b\u0103iat.<br>\u2014 Pe cine ai adus, Anna? \u2014 \u00eentreb\u0103 el sever.<br>\u2014 Acest copil \u00ee\u0219i caut\u0103 mama, \u00eei este foame, a\u0219a c\u0103 am hot\u0103r\u00e2t s\u0103-l hr\u0103nesc, \u2014 r\u0103spunse ea calm\u0103, ridic\u00e2nd din umeri.<\/p>\n\n\n\n<p>\u2014 Deci acum ajuti pe to\u021bi cei care ajung pe strad\u0103? \u0218i pe noi nu ne intereseaz\u0103? \u2014 se revolta Sergiu.<\/p>\n\n\n<div class=\"wp-block-image\">\n<figure class=\"aligncenter\"><img decoding=\"async\" src=\"http:\/\/lifeblog.am\/wp-content\/uploads\/2025\/05\/v224327.png\" alt=\"\" class=\"wp-image-379\"\/><\/figure><\/div>\n\n\n<p>Marius pl\u00e2nse, auzind aceste cuvinte.<br>\u2014 M\u0103 voi duce acum, \u2014 spuse el, l\u0103s\u00e2nd buc\u0103\u021bica de pr\u0103jitur\u0103 ne\u00eempu\u0219cat\u0103.<\/p>\n\n\n\n<p>Ewa interveni:<br>\u2014 A\u0219teapt\u0103, b\u0103iete, \u2014 spuse ea bl\u00e2nd. \u2014 Unde ai pierdut-o pe mama ta?<\/p>\n\n\n\n<p>Ewa a fost \u00eentotdeauna mai bun\u0103 dec\u00e2t so\u021bul ei, \u0219i, de\u0219i Sergiu o mustra frecvent pentru prea mult\u0103 bl\u00e2nde\u021be, nu putea schimba natura ei.<\/p>\n\n\n\n<p>\u2014 Locuiesc cu bunicul, dar el este r\u0103u. M\u0103 tot \u00eenjur\u0103, \u2014 m\u0103rturisi Marius, sco\u021b\u00e2nd o fotografie veche din buzunar. \u2014 Asta sunt p\u0103rin\u021bii mei, c\u00e2ndva locuiam \u00eempreun\u0103, \u2014 spuse el, d\u00e2nd fotografia st\u0103p\u00e2nilor.<\/p>\n\n\n\n<p>Ewa lu\u0103 fotografia \u0219i \u00eenghe\u021b\u0103, recunosc\u00e2nd-o pe fiica lor, Maria.<br>\u2014 Sergiu, asta e fiica noastr\u0103! \u2014 strig\u0103 ea cu voce tremur\u00e2nd\u0103, d\u00e2ndu-i fotografia so\u021bului.<\/p>\n\n\n\n<p>Sergiu o privi cu ne\u00eencredere \u0219i lu\u0103 fotografia.<br>\u2014 Marius, de unde ai aceast\u0103 fotografie? \u2014 \u00eentreb\u0103 el uimit.<\/p>\n\n\n<div class=\"wp-block-image\">\n<figure class=\"aligncenter\"><img decoding=\"async\" src=\"http:\/\/lifeblog.am\/wp-content\/uploads\/2025\/05\/g224352.png\" alt=\"\" class=\"wp-image-380\"\/><\/figure><\/div>\n\n\n<p>\u2014 Am g\u0103sit-o la bunicul. Pe spate era un adres\u0103, a\u0219a c\u0103 am venit aici. Am crezut c\u0103 mama ar putea locui aici, \u2014 r\u0103spunse b\u0103iatul, lini\u0219tindu-se pu\u021bin. \u2014 Bunicul spunea c\u0103 mama m-a p\u0103r\u0103sit, dar nu \u00eel cred!<\/p>\n\n\n\n<p>\u2014 Imposibil! \u2014 repeta Ewa, amintindu-\u0219i cum fiica lor, Maria, fugise odat\u0103 cu un b\u0103rbat pe nume Pavel. Timp de c\u00e2\u021biva ani nu aveau niciun fel de ve\u0219ti despre ea, iar mai t\u00e2rziu a revenit\u2026 \u0219i \u00een cur\u00e2nd a murit \u00eentr-un accident de ma\u0219in\u0103, \u00een drum spre cas\u0103. Acea zi a devenit co\u0219marul lor adev\u0103rat, dup\u0103 care au r\u0103mas doar ei doi.<\/p>\n\n\n\n<p>\u2014 \u0218i unde este tat\u0103l t\u0103u? \u2014 \u00eentreb\u0103 Sergiu.<br>\u2014 Tat\u0103l nu mai este. A murit acum \u0219ase luni, \u2014 r\u0103spunse Marius, pl\u00e2ng\u00e2nd din nou.<\/p>\n\n\n\n<p>Cuplul era \u0219ocat. \u00ce\u0219i g\u0103siser\u0103 nepotul! Obosi\u021bi de singur\u0103tate, au decis s\u0103-l p\u0103streze pe b\u0103iat la ei.<\/p>\n\n\n<div class=\"wp-block-image\">\n<figure class=\"aligncenter\"><img decoding=\"async\" src=\"http:\/\/lifeblog.am\/wp-content\/uploads\/2025\/05\/m224419.png\" alt=\"\" class=\"wp-image-381\"\/><\/figure><\/div>\n\n\n<p>\u2014 \u0218tii, micu\u021bule, te vom duce \u00een camera ta, \u2014 spuse Ewa.<\/p>\n\n\n\n<p>\u2014 \u0218i mama va veni? \u2014 \u00eentreb\u0103 Marius.<br>\u2014 Mama ta este acum cu tata, \u2014 r\u0103spunse trist.<\/p>\n\n\n\n<p>Marius palidise.<\/p>\n\n\n\n<p>Dup\u0103 un timp, cuplul a rezolvat formalit\u0103\u021bile pentru adop\u021bie. Bunicul nu s-a opus c\u00e2nd a aflat c\u0103 b\u0103iatul va fi adoptat de o familie \u00eenst\u0103rit\u0103.<\/p>\n\n\n\n<p>Anna era fericit\u0103. Datorit\u0103 acelei zile \u00een care \u00eent\u00e2lnise b\u0103iatul, st\u0103p\u00e2nii \u00ee\u0219i rec\u0103p\u0103taser\u0103 fericirea. Cu timpul, Marius nu mai era un s\u0103rman orfan. Ajunsese un b\u0103iat bine \u00eembr\u0103cat, cu maniere bune \u0219i o familie iubitoare.<\/p>\n","protected":false},"excerpt":{"rendered":"<p>Anna a lucrat \u00een casa familiei Niewier de mul\u021bi ani. \u00cen acea zi, st\u0103p\u00e2nii plecaser\u0103, iar ea, termin\u00e2nd toate treburile din cas\u0103, a decis s\u0103<\/p>\n","protected":false},"author":1,"featured_media":39187,"comment_status":"closed","ping_status":"closed","sticky":false,"template":"","format":"standard","meta":[],"categories":[1],"tags":[],"_links":{"self":[{"href":"https:\/\/calatorinromania.com\/index.php?rest_route=\/wp\/v2\/posts\/39309"}],"collection":[{"href":"https:\/\/calatorinromania.com\/index.php?rest_route=\/wp\/v2\/posts"}],"about":[{"href":"https:\/\/calatorinromania.com\/index.php?rest_route=\/wp\/v2\/types\/post"}],"author":[{"embeddable":true,"href":"https:\/\/calatorinromania.com\/index.php?rest_route=\/wp\/v2\/users\/1"}],"replies":[{"embeddable":true,"href":"https:\/\/calatorinromania.com\/index.php?rest_route=%2Fwp%2Fv2%2Fcomments&post=39309"}],"version-history":[{"count":1,"href":"https:\/\/calatorinromania.com\/index.php?rest_route=\/wp\/v2\/posts\/39309\/revisions"}],"predecessor-version":[{"id":39310,"href":"https:\/\/calatorinromania.com\/index.php?rest_route=\/wp\/v2\/posts\/39309\/revisions\/39310"}],"wp:featuredmedia":[{"embeddable":true,"href":"https:\/\/calatorinromania.com\/index.php?rest_route=\/wp\/v2\/media\/39187"}],"wp:attachment":[{"href":"https:\/\/calatorinromania.com\/index.php?rest_route=%2Fwp%2Fv2%2Fmedia&parent=39309"}],"wp:term":[{"taxonomy":"category","embeddable":true,"href":"https:\/\/calatorinromania.com\/index.php?rest_route=%2Fwp%2Fv2%2Fcategories&post=39309"},{"taxonomy":"post_tag","embeddable":true,"href":"https:\/\/calatorinromania.com\/index.php?rest_route=%2Fwp%2Fv2%2Ftags&post=39309"}],"curies":[{"name":"wp","href":"https:\/\/api.w.org\/{rel}","templated":true}]}}