{"id":39307,"date":"2025-05-19T10:50:13","date_gmt":"2025-05-19T10:50:13","guid":{"rendered":"https:\/\/calatorinromania.com\/?p=39307"},"modified":"2025-05-19T10:50:14","modified_gmt":"2025-05-19T10:50:14","slug":"dupa-moartea-soacrei-valia-s-a-dus-la-citirea-testamentului-unde-o-asteptau-deja-sotul-ei-si-amanta-lui-cu-un-nou-nascut-in-brate","status":"publish","type":"post","link":"https:\/\/calatorinromania.com\/?p=39307","title":{"rendered":"Dup\u0103 moartea soacrei, Valia s-a dus la citirea testamentului, unde o a\u0219teptau deja so\u021bul ei\u2026 \u0219i amanta lui cu un nou-n\u0103scut \u00een bra\u021be."},"content":{"rendered":"\n<p>\u201eTestamentul Annei Petrovna\u201d<\/p>\n\n\n\n<p>Vestea mor\u021bii Annei Petrovna a fost ca un tr\u0103snet. Valia s-a cl\u0103tinat, \u0219i-a dus m\u00e2na la piept. De\u0219i soacra era bolnav\u0103 de ani buni, nimeni nu credea c\u0103 sf\u00e2r\u0219itul era at\u00e2t de aproape. N-au fost rude de s\u00e2nge, dar leg\u0103tura lor era mai str\u00e2ns\u0103 dec\u00e2t \u00eentre multe mame \u0219i fiice adev\u0103rate.<\/p>\n\n\n\n<p>Anna Petrovna o \u021binea mereu \u00een bra\u021be pe Valia la greu. \u00cei zicea mereu:<br>\u2014 Fata mea, tu meri\u021bi mai mult dec\u00e2t ce-\u021bi ofer\u0103 Igor.<br>Dar Valia o iubea pe Igor. Sau, cel pu\u021bin, \u00eel iubea c\u00e2ndva.<\/p>\n\n\n\n<p>\u00cen ziua citirii testamentului, Valia a venit \u00een haine cernite, cu un nod \u00een g\u00e2t \u0219i o lumin\u0103 trist\u0103 \u00een privire. Dar c\u00e2nd a intrat \u00een biroul notarului, i s-a t\u0103iat respira\u021bia.<\/p>\n\n\n\n<p>Igor era deja acolo. Nu singur. L\u00e2ng\u0103 el st\u0103tea o femeie t\u00e2n\u0103r\u0103, \u00eembr\u0103cat\u0103 prea colorat pentru o ocazie ca asta, cu un nou-n\u0103scut \u00een bra\u021be. \u021ainea copilul str\u00e2ns \u0219i z\u00e2mbea fals, ca o pisic\u0103 ce tocmai a m\u00e2ncat canarul.<\/p>\n\n\n\n<p>\u2014 Ce faci tu aici? a \u00eentrebat Valia, privind c\u00e2nd la Igor, c\u00e2nd la t\u00e2n\u0103ra necunoscut\u0103.<\/p>\n\n\n\n<p>\u2014 A\u2026 p\u0103i\u2026 s\u0103 vezi\u2026 e Irina\u2026 \u0219i \u0103sta e fiul meu, Pavel, a b\u00e2iguit Igor, uit\u00e2ndu-se \u00een jos.<\/p>\n\n\n\n<p>Valia a sim\u021bit cum \u00eei fuge p\u0103m\u00e2ntul de sub picioare. Nici nu \u0219tia ce o love\u0219te mai tare: tr\u0103darea lui Igor sau faptul c\u0103 venise cu amanta la testamentul mamei lui moarte de dou\u0103 zile.<\/p>\n\n\n\n<p>Notarul a intrat, serios, cu dosarul \u00een m\u00e2n\u0103. To\u021bi s-au a\u0219ezat. Tensiunea plutea \u00een aer.<\/p>\n\n\n\n<p>\u2014 Doamn\u0103 Valentina Ivanovna, domnule Igor Petrovici, doamn\u0103 Irina\u2026 \u0219i minorul Pavel. V\u0103 rog s\u0103 p\u0103stra\u021bi lini\u0219tea. Voi citi acum ultimele dorin\u021be ale r\u0103posatei Anna Petrovna.<\/p>\n\n\n\n<p>To\u021bi s-au \u00eencordat. Valia nu se a\u0219tepta la nimic. Irina z\u00e2mbea, sigur\u0103 c\u0103 averea o s\u0103 vin\u0103 spre copilul ei. Igor p\u0103rea nervos.<\/p>\n\n\n\n<p>Notarul a \u00eenceput:<\/p>\n\n\n\n<p>\u2014 \u201eEu, Anna Petrovna, \u00een deplin\u0103tatea facult\u0103\u021bilor mintale, las tot ce am \u2013 casa de vacan\u021b\u0103 din Sochi, apartamentul din Moscova, conturile bancare \u0219i colec\u021bia de bijuterii \u2013 nurorii mele Valentina. Ea este singura care mi-a fost al\u0103turi f\u0103r\u0103 interes, cu adev\u0103rat ca o fiic\u0103.\u201d<\/p>\n\n\n\n<p>Lini\u0219te total\u0103.<\/p>\n\n\n\n<p>Irina a deschis gura, dar n-a scos niciun sunet. Igor s-a \u00eenro\u0219it p\u00e2n\u0103 \u00een urechi.<\/p>\n\n\n\n<p>Notarul a continuat cu voce \u0219i mai ferm\u0103:<\/p>\n\n\n\n<p>\u2014 \u201eFiului meu Igor nu-i las nimic. Dac\u0103 a ales s\u0103-\u0219i bat\u0103 joc de o femeie ca Valia, s\u0103 se descurce singur. Iar dac\u0103 \u00eencearc\u0103 s\u0103 conteste testamentul, s\u0103 \u0219tie c\u0103 am l\u0103sat o copie semnat\u0103 la avocatul meu din Sankt Petersburg.\u201d<\/p>\n\n\n\n<p>To\u021bi au r\u0103mas mu\u021bi. Lui Irina i-a c\u0103zut telefonul din m\u00e2n\u0103. Copilul a \u00eenceput s\u0103 pl\u00e2ng\u0103. Igor \u00eencerca s\u0103 articuleze ceva, dar p\u0103rea c\u0103 i s-a legat limba.<\/p>\n\n\n\n<p>Valia \u0219i-a ridicat u\u0219or b\u0103rbia. N-a spus nimic. Nu era bucurie \u00een privirea ei, ci o lini\u0219te amar\u0103, dar demn\u0103. S-a ridicat, a mul\u021bumit notarului \u0219i a plecat f\u0103r\u0103 s\u0103 se uite \u00eenapoi.<\/p>\n\n\n\n<p>C\u00e2nd a ie\u0219it afar\u0103, a sim\u021bit pentru prima oar\u0103 \u00een mult timp c\u0103 poate respira. Nu pentru avere. Ci pentru c\u0103, \u00een sf\u00e2r\u0219it, cineva o v\u0103zuse, o respectase \u0219i o ap\u0103rase. Chiar \u0219i dincolo de moarte.<\/p>\n","protected":false},"excerpt":{"rendered":"<p>\u201eTestamentul Annei Petrovna\u201d Vestea mor\u021bii Annei Petrovna a fost ca un tr\u0103snet. Valia s-a cl\u0103tinat, \u0219i-a dus m\u00e2na la piept. De\u0219i soacra era bolnav\u0103 de<\/p>\n","protected":false},"author":1,"featured_media":39187,"comment_status":"closed","ping_status":"closed","sticky":false,"template":"","format":"standard","meta":[],"categories":[1],"tags":[],"_links":{"self":[{"href":"https:\/\/calatorinromania.com\/index.php?rest_route=\/wp\/v2\/posts\/39307"}],"collection":[{"href":"https:\/\/calatorinromania.com\/index.php?rest_route=\/wp\/v2\/posts"}],"about":[{"href":"https:\/\/calatorinromania.com\/index.php?rest_route=\/wp\/v2\/types\/post"}],"author":[{"embeddable":true,"href":"https:\/\/calatorinromania.com\/index.php?rest_route=\/wp\/v2\/users\/1"}],"replies":[{"embeddable":true,"href":"https:\/\/calatorinromania.com\/index.php?rest_route=%2Fwp%2Fv2%2Fcomments&post=39307"}],"version-history":[{"count":1,"href":"https:\/\/calatorinromania.com\/index.php?rest_route=\/wp\/v2\/posts\/39307\/revisions"}],"predecessor-version":[{"id":39308,"href":"https:\/\/calatorinromania.com\/index.php?rest_route=\/wp\/v2\/posts\/39307\/revisions\/39308"}],"wp:featuredmedia":[{"embeddable":true,"href":"https:\/\/calatorinromania.com\/index.php?rest_route=\/wp\/v2\/media\/39187"}],"wp:attachment":[{"href":"https:\/\/calatorinromania.com\/index.php?rest_route=%2Fwp%2Fv2%2Fmedia&parent=39307"}],"wp:term":[{"taxonomy":"category","embeddable":true,"href":"https:\/\/calatorinromania.com\/index.php?rest_route=%2Fwp%2Fv2%2Fcategories&post=39307"},{"taxonomy":"post_tag","embeddable":true,"href":"https:\/\/calatorinromania.com\/index.php?rest_route=%2Fwp%2Fv2%2Ftags&post=39307"}],"curies":[{"name":"wp","href":"https:\/\/api.w.org\/{rel}","templated":true}]}}