{"id":39278,"date":"2025-05-16T10:20:07","date_gmt":"2025-05-16T10:20:07","guid":{"rendered":"https:\/\/calatorinromania.com\/?p=39278"},"modified":"2025-05-16T10:20:07","modified_gmt":"2025-05-16T10:20:07","slug":"fiul-si-nora-si-au-alungat-tatal-batran-din-propria-casa-batranul-era-aproape-inghetat-cand-deodata-cineva-i-a-atins-usor-fata-cand-si-a-deschis-ochii-a-incremenit-de-frica","status":"publish","type":"post","link":"https:\/\/calatorinromania.com\/?p=39278","title":{"rendered":"Fiul \u0219i nora \u0219i-au alungat tat\u0103l b\u0103tr\u00e2n din propria cas\u0103. B\u0103tr\u00e2nul era aproape \u00eenghe\u021bat c\u00e2nd, deodat\u0103, cineva i-a atins u\u0219or fa\u021ba. C\u00e2nd \u0219i-a deschis ochii, a \u00eencremenit de fric\u0103\u2026"},"content":{"rendered":"\n<p>\u00cen acea noapte rece de toamn\u0103, nu-\u0219i mai sim\u021bea nici m\u00e2inile, nici picioarele. Un strat sub\u021bire de z\u0103pad\u0103 \u00eei acoperea \u00eencet umerii, iar v\u00e2ntul \u00eenghe\u021bat \u00eei str\u0103pungea haina veche \u0219i uzat\u0103. Nu \u0219tia c\u00e2t timp trecuse de c\u00e2nd fiul s\u0103u, cu care \u00eemp\u0103r\u021bise acea cas\u0103 mai bine de patruzeci de ani, \u00eei tr\u00e2ntise u\u0219a \u00een fa\u021b\u0103.<\/p>\n\n\n\n<p>\u2014 Maria \u0219i cu mine nu avem suficient spa\u021biu, iar s\u0103 avem grij\u0103 de tine e o mare responsabilitate. \u00cen\u021belegi, nu-i a\u0219a, tat\u0103? \u2014 a spus fiul, evit\u00e2nd s\u0103-\u0219i priveasc\u0103 p\u0103rintele \u00een ochi.<br>\u2014 \u00cen\u021beleg, \u2014 a r\u0103spuns b\u0103tr\u00e2nul cu voce joas\u0103, de\u0219i tot ce era \u00een el urla de durere. Nu \u00een\u021belegea. Nu putea crede c\u0103 propriul s\u0103u fiu, cel pe care l-a crescut \u0219i c\u0103ruia i-a d\u0103ruit cei mai frumo\u0219i ani din via\u021b\u0103, \u00eei putea spune a\u0219a ceva.<\/p>\n\n\n\n<p>Ziua \u00een care \u0219i-a p\u0103r\u0103sit casa avea s\u0103 r\u0103m\u00e2n\u0103 \u00eentip\u0103rit\u0103 pentru totdeauna \u00een memoria sa. O pung\u0103 veche cu c\u00e2teva lucruri, capul s\u0103u \u00eenc\u0103run\u021bit, plecat de ru\u0219ine, \u0219i lacrimile pe care abia le putea st\u0103p\u00e2ni. Nu \u0219tia unde s\u0103 mearg\u0103. Vecinii evitau s\u0103-l priveasc\u0103, iar g\u00e2ndul de a ajunge la un azil \u00eel \u00eengrozea. Ora\u0219ul i se p\u0103rea at\u00e2t de str\u0103in, at\u00e2t de rece.<\/p>\n\n\n\n<p>A\u0219ezat pe o banc\u0103 veche din parc, \u00ee\u0219i amintea de so\u021bia lui. Cum construiser\u0103 acea cas\u0103 \u00eempreun\u0103, cum \u00ee\u0219i crescuser\u0103 fiul, cum visaser\u0103 la viitor. Ea spunea mereu:<br>\u2014 C\u00e2nd vom fi b\u0103tr\u00e2ni, vom sta \u00eempreun\u0103 l\u00e2ng\u0103 foc \u0219i ne vom aminti de tinere\u021bea noastr\u0103.<br>Dar ea nu mai era. Murise cu doi ani \u00een urm\u0103, iar de atunci, fiul \u0219i nora \u00eel priveau ca pe o povar\u0103.<\/p>\n\n\n\n<p>\u00cenchiz\u00e2nd ochii, sim\u021bea cum trupul i se amor\u021be\u0219te \u00eencet. Respira\u021bia i-a devenit greoaie, g\u00e2ndurile i s-au amestecat. \u201eA\u0219a se simte moartea?\u201d \u2014 i-a trecut prin minte. \u0218i, deodat\u0103\u2026 o atingere bl\u00e2nd\u0103 \u0219i cald\u0103 pe fa\u021b\u0103 l-a f\u0103cut s\u0103 tresar\u0103. A deschis \u00eencet ochii \u0219i a \u00eencremenit.<\/p>\n\n\n\n<p>\u00cen fa\u021ba lui era un c\u00e2ine b\u0103tr\u00e2n de pe strad\u0103, pe care \u00eel hr\u0103nise ani de zile l\u00e2ng\u0103 casa lui. Privirea lui bl\u00e2nd\u0103 \u0219i loial\u0103 \u00eel urm\u0103rea cu \u00eengrijorare. L-a lins pe m\u00e2n\u0103, sc\u00e2ncind \u00eenceti\u0219or, de parc\u0103 \u00eel implora s\u0103 se ridice.<\/p>\n\n\n\n<p>\u2014 Ai venit, feti\u021bo? \u2014 a \u0219optit el cu un z\u00e2mbet slab.<\/p>\n\n\n\n<p>C\u00e2inele a \u00eenceput s\u0103 dea din coad\u0103 \u0219i s\u0103 se frece de picioarele lui \u00eenghe\u021bate, ca \u0219i cum \u00eencerca s\u0103-l \u00eenc\u0103lzeasc\u0103. Sim\u021bindu-i c\u0103ldura, lacrimile au \u00eenceput s\u0103-i curg\u0103 pe obrazul b\u0103tr\u00e2nului. Nimeni altcineva nu-\u0219i mai amintea de el. Nimeni, \u00een afar\u0103 de acel c\u00e2ine vagabond.<\/p>\n\n\n\n<p>Cu greu, sprijinindu-se de banc\u0103, b\u0103tr\u00e2nul s-a ridicat. C\u00e2inele mergea l\u00e2ng\u0103 el, uit\u00e2ndu-se din c\u00e2nd \u00een c\u00e2nd spre el, ca \u0219i cum i-ar fi spus: \u201eUrmeaz\u0103-m\u0103\u201d.<\/p>\n\n\n\n<p>\u2014 Unde mergem, feti\u021bo? \u2014 a \u00eentrebat el cu o am\u0103r\u0103ciune \u00een glas.<\/p>\n\n\n\n<p>Ea doar a dat vesel\u0103 din coad\u0103 \u0219i l-a condus prin str\u0103zile pustii. Dup\u0103 c\u00e2teva minute, au ajuns la un vechi ad\u0103post abandonat, care fusese c\u00e2ndva un depozit. C\u00e2inele a sc\u00e2ncit \u00eencet \u0219i a \u00eempins u\u0219a cu botul.<\/p>\n\n\n\n<p>\u00cen\u0103untru era pu\u021bin\u0103 paie, aerul mirosea a umezeal\u0103, dar era mai bine dec\u00e2t nimic. B\u0103tr\u00e2nul s-a a\u0219ezat pe podea, s-a sprijinit de perete, a tras c\u00e2inele l\u00e2ng\u0103 el \u0219i i-a m\u00e2ng\u00e2iat blana murdar\u0103, dar familiar\u0103.<\/p>\n\n\n\n<p>\u2014 Mul\u021bumesc, \u2014 a \u0219optit el, \u2014 m\u0103car tu nu m-ai abandonat\u2026<\/p>\n\n\n\n<p>A \u00eenchis ochii, sim\u021bind c\u0103ldura animalului care se ghemuise l\u00e2ng\u0103 el. Trecutul se estompa \u00eencet din memoria sa, l\u0103s\u00e2nd doar speran\u021ba slab\u0103 c\u0103 poate Dumnezeu \u00eenc\u0103 \u00eel vede \u0219i nu l-a p\u0103r\u0103sit.<\/p>\n\n\n\n<p>A doua zi diminea\u021b\u0103, un trec\u0103tor l-a g\u0103sit pe b\u0103tr\u00e2n tremur\u00e2nd al\u0103turi de c\u00e2inele s\u0103u credincios pe pridvorul ad\u0103postului abandonat. C\u00e2inele \u00eel \u00eenc\u0103lzise cu trupul s\u0103u toat\u0103 noaptea. Trec\u0103torul a chemat o ambulan\u021b\u0103, iar b\u0103tr\u00e2nul a fost dus la spital. C\u00e2nd \u0219i-a revenit, primul lucru pe care l-a \u00eentrebat a fost:<\/p>\n\n\n\n<p>\u2014 Unde este c\u00e2inele meu?<\/p>\n\n\n\n<p>Asistenta a z\u00e2mbit:<\/p>\n\n\n\n<p>\u2014 Te a\u0219teapt\u0103 la intrare. Nu s-a mi\u0219cat de acolo.<\/p>\n\n\n\n<p>\u00cen acea zi, b\u0103tr\u00e2nul a \u00een\u021beles c\u0103 adev\u0103rata loialitate nu depinde de leg\u0103turile de s\u00e2nge. Uneori, chiar \u0219i cei mai apropia\u021bi oameni te pot tr\u0103da, \u00een timp ce cei pe care \u00eei considerai str\u0103ini se dovedesc a fi cei mai fideli prieteni.<\/p>\n\n\n\n<p>Nu s-a mai \u00eentors niciodat\u0103 la casa lui. Fiul \u0219i nora sa au v\u00e2ndut-o la scurt timp dup\u0103 acel incident. B\u0103tr\u00e2nul s-a mutat \u00eentr-un ad\u0103post unde a fost \u00eengrijit. Dar cel mai important lucru era c\u0103 acel c\u00e2ine loial, acela\u0219i care venise la el \u00een noaptea rece \u00een care era gata s\u0103-\u0219i p\u0103r\u0103seasc\u0103 aceast\u0103 lume, a r\u0103mas mereu al\u0103turi de el.<\/p>\n","protected":false},"excerpt":{"rendered":"<p>\u00cen acea noapte rece de toamn\u0103, nu-\u0219i mai sim\u021bea nici m\u00e2inile, nici picioarele. Un strat sub\u021bire de z\u0103pad\u0103 \u00eei acoperea \u00eencet umerii, iar v\u00e2ntul \u00eenghe\u021bat<\/p>\n","protected":false},"author":1,"featured_media":39187,"comment_status":"closed","ping_status":"closed","sticky":false,"template":"","format":"standard","meta":[],"categories":[1],"tags":[],"_links":{"self":[{"href":"https:\/\/calatorinromania.com\/index.php?rest_route=\/wp\/v2\/posts\/39278"}],"collection":[{"href":"https:\/\/calatorinromania.com\/index.php?rest_route=\/wp\/v2\/posts"}],"about":[{"href":"https:\/\/calatorinromania.com\/index.php?rest_route=\/wp\/v2\/types\/post"}],"author":[{"embeddable":true,"href":"https:\/\/calatorinromania.com\/index.php?rest_route=\/wp\/v2\/users\/1"}],"replies":[{"embeddable":true,"href":"https:\/\/calatorinromania.com\/index.php?rest_route=%2Fwp%2Fv2%2Fcomments&post=39278"}],"version-history":[{"count":1,"href":"https:\/\/calatorinromania.com\/index.php?rest_route=\/wp\/v2\/posts\/39278\/revisions"}],"predecessor-version":[{"id":39279,"href":"https:\/\/calatorinromania.com\/index.php?rest_route=\/wp\/v2\/posts\/39278\/revisions\/39279"}],"wp:featuredmedia":[{"embeddable":true,"href":"https:\/\/calatorinromania.com\/index.php?rest_route=\/wp\/v2\/media\/39187"}],"wp:attachment":[{"href":"https:\/\/calatorinromania.com\/index.php?rest_route=%2Fwp%2Fv2%2Fmedia&parent=39278"}],"wp:term":[{"taxonomy":"category","embeddable":true,"href":"https:\/\/calatorinromania.com\/index.php?rest_route=%2Fwp%2Fv2%2Fcategories&post=39278"},{"taxonomy":"post_tag","embeddable":true,"href":"https:\/\/calatorinromania.com\/index.php?rest_route=%2Fwp%2Fv2%2Ftags&post=39278"}],"curies":[{"name":"wp","href":"https:\/\/api.w.org\/{rel}","templated":true}]}}