{"id":39274,"date":"2025-05-16T07:19:39","date_gmt":"2025-05-16T07:19:39","guid":{"rendered":"https:\/\/calatorinromania.com\/?p=39274"},"modified":"2025-05-16T07:19:40","modified_gmt":"2025-05-16T07:19:40","slug":"tatal-care-creste-singur-doua-fetite-mici-se-trezeste-pentru-a-pregati-micul-dejun-spre-surprinderea-lui-totul-era-deja-gata","status":"publish","type":"post","link":"https:\/\/calatorinromania.com\/?p=39274","title":{"rendered":"Tat\u0103l care cre\u0219te singur dou\u0103 feti\u021be mici se treze\u0219te pentru a preg\u0103ti micul dejun. Spre surprinderea lui totul era deja gata."},"content":{"rendered":"\n<h3>DISCLAIMER: Acest site este neutru din punct de vedere politic \u0219i nu sus\u021bine niciun partid sau ideologie politic\u0103.<\/h3>\n\n\n\n<p>Via\u021ba ca tat\u0103 singur<\/p>\n\n\n\n<p>Via\u021ba ca tat\u0103 singur este un v\u00e2rtej nesf\u00e2r\u0219it de responsabilit\u0103\u021bi \u0219i emo\u021bii.<\/p>\n\n\n\n<p>Cele dou\u0103 feti\u021be ale mele, de patru \u0219i cinci ani, sunt totul pentru mine.<\/p>\n\n\n\n<p>De c\u00e2nd so\u021bia mea m-a p\u0103r\u0103sit, spun\u00e2nd c\u0103 este \u00eenc\u0103 t\u00e2n\u0103r\u0103 \u0219i vrea s\u0103 exploreze lumea, port greutatea at\u00e2t a educa\u021biei c\u00e2t \u0219i a \u00eengrijirii lor.<\/p>\n\n\n\n<p>Fiecare diminea\u021b\u0103 este o curs\u0103 contra cronometru pentru a le \u00eembr\u0103ca, a le hr\u0103ni \u0219i a le duce la gr\u0103dini\u021b\u0103 \u00eenainte s\u0103 plec la serviciu.<\/p>\n\n\n\n<p>Oboseala este un tovar\u0103\u0219 constant, dar z\u00e2mbetele \u0219i r\u00e2sul lor compenseaz\u0103 totul.<\/p>\n\n\n\n<p>Dar recent s-a \u00eent\u00e2mplat ceva ciudat care mi-a r\u0103sturnat complet rutina agitat\u0103.<\/p>\n\n\n\n<p>Misterul micului dejun<\/p>\n\n\n\n<p>A fost o diminea\u021b\u0103 obi\u0219nuit\u0103. Ca de obicei, m-am trezit obosit \u0219i epuizat \u0219i am \u00eenceput ritualul familiar de a-mi preg\u0103ti feti\u021bele.<\/p>\n\n\n\n<p>Am mers \u00een buc\u0103t\u0103rie, unde m\u0103 a\u0219teptam s\u0103 le toarn lapte peste fulgii de ov\u0103z.<\/p>\n\n\n\n<p>Spre surprinderea mea, pe mas\u0103 erau trei farfurii cu cl\u0103tite proasp\u0103t f\u0103cute, gem \u0219i fructe.<\/p>\n\n\n\n<p>Prima mea reac\u021bie a fost de ne\u00eencredere. M-am \u00eentrebat dac\u0103 cumva preg\u0103tisem micul dejun \u00een timp ce dormeam.<\/p>\n\n\n\n<p>Am c\u0103utat repede prin cas\u0103, dar nu era nimeni.<\/p>\n\n\n\n<p>Feti\u021bele mele, \u0219i ele \u00eenc\u0103 adormite, p\u0103reau c\u0103 nu \u00een\u021belegeau \u00eentreb\u0103rile mele despre micul dejun misterios.<\/p>\n\n\n\n<p>Ele pur \u0219i simplu se bucurau de cl\u0103titele delicioase cu o veselie nevinovat\u0103.<\/p>\n\n\n\n<p>\u00cen ciuda ciud\u0103\u021beniei \u00eentregii situa\u021bii, m-am gr\u0103bit la serviciu, incapabil s\u0103 scap din minte evenimentele ciudate ale dimine\u021bii.<\/p>\n\n\n\n<p>Surpriza din gr\u0103din\u0103<\/p>\n\n\n\n<p>Ziua la serviciu a trecut ca \u00eentr-un vis.<\/p>\n\n\n\n<p>G\u00e2ndurile mele tot reveneau la cl\u0103tite \u0219i la casa goal\u0103. M-am convins c\u0103 a fost un incident izolat, poate o uitare de-a mea.<\/p>\n\n\n\n<p>Dar c\u00e2nd am ajuns acas\u0103 \u00een seara aceea, m-a a\u0219teptat o alt\u0103 surpriz\u0103.<\/p>\n\n\n\n<p>Iarba, pe care o neglijasem din cauza programului meu \u00eenc\u0103rcat, fusese proasp\u0103t tuns\u0103.<\/p>\n\n\n\n<p>Iarba era t\u0103iat\u0103 frumos, iar marginile erau perfecte.<\/p>\n\n\n\n<p>r\u0103ta ca \u0219i cum un gr\u0103dinar profesionist ar fi lucrat acolo.<\/p>\n\n\n\n<p>Nu mai puteam s\u0103 consider asta o simpl\u0103 \u00eent\u00e2mplare.<\/p>\n\n\n\n<p>Cineva m\u0103 ajutase, dar cine? \u0218i de ce o f\u0103cuse \u00eentr-un mod at\u00e2t de misterios? Curiozitatea mea a fost trezit\u0103, \u0219i \u0219tiam c\u0103 trebuie s\u0103 aflu cine era acest binef\u0103c\u0103tor misterios.<\/p>\n\n\n\n<p>Descoperirea<\/p>\n\n\n\n<p>Hot\u0103r\u00e2t s\u0103 aflu adev\u0103rul, mi-am setat alarma pentru diminea\u021ba urm\u0103toare mai devreme.<\/p>\n\n\n\n<p>M-am furi\u0219at din pat, \u00eencerc\u00e2nd s\u0103 nu le trezesc pe feti\u021be, \u0219i m-am ascuns \u00een buc\u0103t\u0103rie.<\/p>\n\n\n\n<p>Inima \u00eemi b\u0103tea cu putere de a\u0219teptare, \u00een timp ce minutele treceau.<\/p>\n\n\n\n<p>La 6 diminea\u021ba am auzit sc\u00e2r\u021b\u00e2ind u\u0219a din spate. Respira\u021bia mi s-a oprit c\u00e2nd am privit printr-o fanta a u\u0219ii.<\/p>\n\n\n\n<p>Spre \u0219ocul meu, am v\u0103zut pe vecinii mei mai \u00een v\u00e2rst\u0103, domnul \u0219i doamna Harris, intr\u00e2nd u\u0219or \u00een buc\u0103t\u0103rie.<\/p>\n\n\n\n<p>Doamna Harris se mi\u0219ca cu o abilitate uimitoare \u0219i a pus un platou cu cl\u0103tite pe mas\u0103, ca \u0219i cum ar fi f\u0103cut-o deja de multe ori, \u00een timp ce domnul Harris st\u0103tea atent l\u00e2ng\u0103 u\u0219\u0103.<\/p>\n\n\n\n<p>Ei au fost \u00eentotdeauna amabili cu noi, ne-au salutat frecvent \u0219i au schimbat c\u00e2teva cuvinte, dar nu m-a\u0219 fi a\u0219teptat niciodat\u0103 la o asemenea generozitate.<\/p>\n\n\n\n<p>\u201eV-am dat o cheie de rezerv\u0103 c\u00e2nd m-am mutat, nu-i a\u0219a?\u201d am \u00eentrebat brusc, amintindu-mi de acordul nostru.<\/p>\n\n\n\n<p>\u201eDa, a\u0219a este\u201d, a r\u0103spuns domnul Harris, z\u00e2mbind u\u0219or.<\/p>\n\n\n\n<p>\u201eAm observat c\u0103 \u00ee\u021bi este greu s\u0103 faci fa\u021b\u0103 tuturor singur. Am vrut doar s\u0103 te ajut\u0103m pu\u021bin, f\u0103r\u0103 ca tu s\u0103 te sim\u021bi urm\u0103rit.\u201d<\/p>\n\n\n\n<p>Cuvintele lor m-au l\u0103sat f\u0103r\u0103 cuvinte.<\/p>\n\n\n\n<p>Aceast\u0103 pereche amabil\u0103 \u0219i discret\u0103 s-a \u00eengrijit de noi \u00een lini\u0219te, observ\u00e2ndu-ne dificult\u0103\u021bile \u0219i ajut\u00e2ndu-ne \u00een cel mai atent mod.<\/p>\n\n\n\n<p>\u201eDe ce nu mi-a\u021bi spus asta direct?\u201d am \u00eentrebat, \u00eenc\u0103 \u00eencerc\u00e2nd s\u0103 procesez totul.<\/p>\n\n\n\n<p>\u201eNu am vrut s\u0103 fim intruzivi\u201d, a explicat doamna Harris.<\/p>\n\n\n\n<p>\u201e\u0218tim c\u00e2t de m\u00e2ndru e\u0219ti \u0219i nu am vrut s\u0103 te facem s\u0103 te sim\u021bi c\u0103 nu po\u021bi face fa\u021b\u0103 singur. Dar uneori, chiar \u0219i cei mai puternici au nevoie de pu\u021bin ajutor.\u201d<\/p>\n\n\n\n<p>Lacrimi mi-au umplut ochii c\u00e2nd le-am mul\u021bumit din toat\u0103 inima.<\/p>\n\n\n\n<p>Bun\u0103tatea lor m-a emo\u021bionat profund \u0219i am realizat c\u00e2t de noroco\u0219i suntem s\u0103 avem astfel de vecini grijulii.<\/p>\n\n\n\n<p>Un nou \u00eenceput<\/p>\n\n\n\n<p>De atunci, familia Harris a devenit o parte important\u0103 din via\u021ba noastr\u0103.<\/p>\n\n\n\n<p>Doamna Harris m\u0103 ajuta cu feti\u021bele c\u00e2nd eram \u00een \u00eent\u00e2rziere, g\u0103tea din c\u00e2nd \u00een c\u00e2nd \u0219i \u00eemi d\u0103dea c\u00e2teva sfaturi pentru a-mi gestiona mai bine timpul.<\/p>\n\n\n\n<p>Domnul Harris se ocupa de iarb\u0103 \u0219i de alte mici treburi prin jurul casei.<\/p>\n\n\n\n<p>Familia noastr\u0103 mic\u0103 s-a extins pentru a-i include \u0219i pe ei, iar feti\u021bele i-au iubit ca pe ni\u0219te bunici de rezerv\u0103.<\/p>\n\n\n\n<p>Faptele lor neegoiste de bun\u0103tate mi-au amintit c\u0103 este \u00een regul\u0103 s\u0103 accepti ajutor \u0219i c\u0103 comunitatea \u0219i sprijinul sunt esen\u021biale.<\/p>\n\n\n\n<p>Via\u021ba ca tat\u0103 singur este \u00eenc\u0103 o provocare, dar acum este plin\u0103 de mai mult\u0103 bucurie \u0219i mult mai mult\u0103 iubire, datorit\u0103 \u00eengerilor no\u0219tri p\u0103zitori nea\u0219tepta\u021bi. <\/p>\n","protected":false},"excerpt":{"rendered":"<p>DISCLAIMER: Acest site este neutru din punct de vedere politic \u0219i nu sus\u021bine niciun partid sau ideologie politic\u0103. Via\u021ba ca tat\u0103 singur Via\u021ba ca tat\u0103<\/p>\n","protected":false},"author":1,"featured_media":39187,"comment_status":"closed","ping_status":"closed","sticky":false,"template":"","format":"standard","meta":[],"categories":[1],"tags":[],"_links":{"self":[{"href":"https:\/\/calatorinromania.com\/index.php?rest_route=\/wp\/v2\/posts\/39274"}],"collection":[{"href":"https:\/\/calatorinromania.com\/index.php?rest_route=\/wp\/v2\/posts"}],"about":[{"href":"https:\/\/calatorinromania.com\/index.php?rest_route=\/wp\/v2\/types\/post"}],"author":[{"embeddable":true,"href":"https:\/\/calatorinromania.com\/index.php?rest_route=\/wp\/v2\/users\/1"}],"replies":[{"embeddable":true,"href":"https:\/\/calatorinromania.com\/index.php?rest_route=%2Fwp%2Fv2%2Fcomments&post=39274"}],"version-history":[{"count":1,"href":"https:\/\/calatorinromania.com\/index.php?rest_route=\/wp\/v2\/posts\/39274\/revisions"}],"predecessor-version":[{"id":39275,"href":"https:\/\/calatorinromania.com\/index.php?rest_route=\/wp\/v2\/posts\/39274\/revisions\/39275"}],"wp:featuredmedia":[{"embeddable":true,"href":"https:\/\/calatorinromania.com\/index.php?rest_route=\/wp\/v2\/media\/39187"}],"wp:attachment":[{"href":"https:\/\/calatorinromania.com\/index.php?rest_route=%2Fwp%2Fv2%2Fmedia&parent=39274"}],"wp:term":[{"taxonomy":"category","embeddable":true,"href":"https:\/\/calatorinromania.com\/index.php?rest_route=%2Fwp%2Fv2%2Fcategories&post=39274"},{"taxonomy":"post_tag","embeddable":true,"href":"https:\/\/calatorinromania.com\/index.php?rest_route=%2Fwp%2Fv2%2Ftags&post=39274"}],"curies":[{"name":"wp","href":"https:\/\/api.w.org\/{rel}","templated":true}]}}