{"id":39272,"date":"2025-05-16T07:17:53","date_gmt":"2025-05-16T07:17:53","guid":{"rendered":"https:\/\/calatorinromania.com\/?p=39272"},"modified":"2025-05-16T07:17:53","modified_gmt":"2025-05-16T07:17:53","slug":"cine-te-crezi-mai-tu","status":"publish","type":"post","link":"https:\/\/calatorinromania.com\/?p=39272","title":{"rendered":"\u2014 Cine te crezi, m\u0103i tu?!"},"content":{"rendered":"\n<p>\u2014 Cine te crezi, m\u0103i tu?! \u2014 izbucni Gustav, cu o voce care f\u0103cea pere\u021bii s\u0103 vibreze. \u2014 Te ui\u021bi la mine ca \u0219i cum ai fi cineva important! Ia-\u021bi mizeriile \u0219i dispari!<\/p>\n\n\n\n<p>Sofia nu clipea. \u00cel fixa cu o lini\u0219te care-l enerva \u0219i mai tare. Nu i-a r\u0103spuns. S-a \u00eentors calm \u0219i a ie\u0219it din birou, duc\u00e2nd cu ea g\u0103leata \u0219i mopul. Dar \u00een spatele acelei uniforme modeste se contura deja un plan. Avea suficiente informa\u021bii, observa\u021bii \u0219i suspiciuni c\u00e2t s\u0103 \u0219tie exact unde s\u0103 loveasc\u0103.<\/p>\n\n\n\n<p>\u00cen seara aceea, \u00een apartamentul pe care \u0219i-l \u00eenchiriase aproape de firm\u0103, Sofia a a\u0219ternut pe h\u00e2rtie tot ce aflase: contracte dubioase, angaj\u0103ri \u201epe pile\u201d, cheltuieli f\u0103r\u0103 justificare \u0219i lips\u0103 total\u0103 de viziune managerial\u0103. \u0218tia ce are de f\u0103cut. Ziua urm\u0103toare nu va mai veni cu mopul \u00een m\u00e2n\u0103, ci cu documente.<\/p>\n\n\n\n<p>C\u00e2teva zile mai t\u00e2rziu, Sofia s-a prezentat la \u0219edin\u021ba de consiliu \u00een costum elegant, tuns\u0103, machiat\u0103, complet diferit\u0103. Angaja\u021bii care p\u00e2n\u0103 atunci o v\u0103zuser\u0103 cu mopul \u00een m\u00e2n\u0103 se uitau la ea ca la o apari\u021bie. Gustav \u00eenghe\u021b\u0103 c\u00e2nd o z\u0103ri intr\u00e2nd.<\/p>\n\n\n\n<p>\u2014 Ce\u2026 ce cau\u021bi aici?! \u2014 b\u00e2igui el.<\/p>\n\n\n\n<p>Sofia se opri l\u00e2ng\u0103 scaunul lui \u0219i, cu o voce ferm\u0103, dar calm\u0103, spuse:<\/p>\n\n\n\n<p>\u2014 A venit timpul s\u0103 ne uit\u0103m adev\u0103rul \u00een fa\u021b\u0103. \u0218i s\u0103-l cur\u0103\u021b\u0103m. Nu cu mopul, de data asta.<\/p>\n\n\n\n<p>Ridic\u0103 un dosar gros \u0219i \u00eel tr\u00e2nti pe mas\u0103. H\u00e2rtiile se \u00eempr\u0103\u0219tiar\u0103 \u00een fa\u021ba tuturor.<\/p>\n\n\n\n<p>\u2014 Ce-i asta?! \u2014 m\u00e2r\u00e2i Gustav.<\/p>\n\n\n\n<p>\u2014 Asta, domnule director, sunt dovezi. Conturi umflate. Achizi\u021bii fictive. Contracte \u00eencheiate cu firme care nu exist\u0103. \u0218i toate semnate de dumneata.<\/p>\n\n\n\n<p>O lini\u0219te grea se a\u0219ternu \u00een sal\u0103. Membrii consiliului se uitau unii la al\u021bii, uimi\u021bi. Unul dintre ei, un b\u0103rbat \u00een v\u00e2rst\u0103 cu ochelari gro\u0219i, \u00ee\u0219i d\u0103du jos lentilele \u0219i \u00eentreb\u0103:<\/p>\n\n\n\n<p>\u2014 Cine sunte\u021bi, domni\u0219oar\u0103?<\/p>\n\n\n\n<p>Sofia \u00ee\u0219i \u00eendrept\u0103 umerii.<\/p>\n\n\n\n<p>\u2014 Numele meu este Sofia Dumont. Sunt fiica lui Robert Dumont. Fondatorul acestei companii. \u0218i de ast\u0103zi, conduc\u0103torul ei interimar, cu mandat direct din partea tat\u0103lui meu.<\/p>\n\n\n\n<p>Un murmur de surpriz\u0103 str\u0103b\u0103tu sala. Gustav p\u0103li.<\/p>\n\n\n\n<p>\u2014 Asta e o fars\u0103! \u2014 strig\u0103 el. \u2014 Nu ai dreptul!<\/p>\n\n\n\n<p>Sofia scoase o copie a unei procuri notariale.<\/p>\n\n\n\n<p>\u2014 Ba da. \u0218i nu doar c\u0103 am dreptul, dar am \u0219i dovada c\u0103 ai prejudiciat compania cu sute de mii de euro. \u00cen spatele fiec\u0103rui document din acest dosar st\u0103 o echip\u0103 de auditori independen\u021bi. Vrei s\u0103 verific\u0103m \u00eempreun\u0103?<\/p>\n\n\n\n<p>Gustav \u00eencerc\u0103 s\u0103 r\u00e2d\u0103, dar r\u00e2sul lui suna fals.<\/p>\n\n\n\n<p>\u2014 E\u0219ti nebun\u0103\u2026<\/p>\n\n\n\n<p>\u2014 Nu. Sunt preg\u0103tit\u0103.<\/p>\n\n\n\n<p>\u00cen urm\u0103toarele s\u0103pt\u0103m\u00e2ni, Sofia a declan\u0219at o cur\u0103\u021benie intern\u0103 masiv\u0103. A concediat toate rudele \u0219i pilele introduse de Gustav, a restructurat departamentele-cheie \u0219i a introdus un nou sistem de control financiar. S-a \u00eent\u00e2lnit cu fiecare angajat \u00een parte, a ascultat, a \u00eentrebat \u0219i a notat.<\/p>\n\n\n\n<p>Oamenii, ini\u021bial sceptici, au \u00eenceput s\u0103 o respecte. Vedeau cum lucra cot la cot cu ei, cum venea diminea\u021ba devreme \u0219i pleca ultima. Nu \u021bipa. Nu amenin\u021ba. Dar to\u021bi \u0219tiau c\u0103 nicio gre\u0219eal\u0103 nu-i sc\u0103pa.<\/p>\n\n\n\n<p>\u00centr-o vineri sear\u0103, c\u00e2nd Sofia st\u0103tea \u00een birou \u0219i analiza noile cifre, cineva b\u0103tu la u\u0219\u0103. Era doamna Marta, o contabil\u0103 trecut\u0103 de cincizeci de ani, care lucrase \u00een companie de la \u00eenceputuri.<\/p>\n\n\n\n<p>\u2014 Domni\u0219oar\u0103 Sofia, \u2014 spuse ea timid \u2014 s\u0103 \u0219ti\u021bi c\u0103 am lucrat sub mul\u021bi directori. Dar e pentru prima dat\u0103 c\u00e2nd simt c\u0103 merit\u0103 s\u0103 vin la munc\u0103.<\/p>\n\n\n\n<p>Sofia z\u00e2mbi.<\/p>\n\n\n\n<p>\u2014 Mul\u021bumesc, Marta. Asta \u00eenseamn\u0103 mult.<\/p>\n\n\n\n<p>Dou\u0103 luni mai t\u00e2rziu, profitul companiei ie\u0219ise din zona ro\u0219ie. Clien\u021bii vechi reveneau, iar presa de afaceri \u00eencepuse s\u0103 scrie despre \u201erevolu\u021bia t\u0103cut\u0103\u201d din firma Dumont. Gustav\u2026 disp\u0103ruse. Probabil fugea de ancheta deschis\u0103 \u00eentre timp. Dar nimeni nu-l pl\u00e2ngea.<\/p>\n\n\n\n<p>\u00centr-o dup\u0103-amiaz\u0103, Sofia se afla din nou \u00een biroul tat\u0103lui ei. De data asta, \u00eens\u0103, ea st\u0103tea pe fotoliul principal. Robert o privea cu m\u00e2ndrie.<\/p>\n\n\n\n<p>\u2014 Nu doar c\u0103 ai salvat firma, dar ai f\u0103cut-o cu stil, \u2014 zise el. \u2014 Ai demonstrat c\u0103 nu trebuie s\u0103 porne\u0219ti de sus ca s\u0103 ajungi departe.<\/p>\n\n\n\n<p>Sofia \u00eenclin\u0103 capul.<\/p>\n\n\n\n<p>\u2014 \u00cenc\u0103 e drum lung. Dar acum\u2026 nu mai merg singur\u0103.<\/p>\n\n\n\n<p>Robert z\u00e2mbi larg.<\/p>\n\n\n\n<p>\u2014 E\u0219ti lider. Nu pentru c\u0103 ai un titlu. Ci pentru c\u0103 oamenii te urmeaz\u0103.<\/p>\n\n\n\n<p>Sofia privi pe fereastr\u0103. Cerul se luminase, iar ploaia se oprise.<\/p>\n\n\n\n<p>\u2014 Timpul pentru cur\u0103\u021benie s-a terminat, \u2014 spuse ea. \u2014 Acum construim.<\/p>\n","protected":false},"excerpt":{"rendered":"<p>\u2014 Cine te crezi, m\u0103i tu?! \u2014 izbucni Gustav, cu o voce care f\u0103cea pere\u021bii s\u0103 vibreze. \u2014 Te ui\u021bi la mine ca \u0219i cum<\/p>\n","protected":false},"author":1,"featured_media":39187,"comment_status":"closed","ping_status":"closed","sticky":false,"template":"","format":"standard","meta":[],"categories":[1],"tags":[],"_links":{"self":[{"href":"https:\/\/calatorinromania.com\/index.php?rest_route=\/wp\/v2\/posts\/39272"}],"collection":[{"href":"https:\/\/calatorinromania.com\/index.php?rest_route=\/wp\/v2\/posts"}],"about":[{"href":"https:\/\/calatorinromania.com\/index.php?rest_route=\/wp\/v2\/types\/post"}],"author":[{"embeddable":true,"href":"https:\/\/calatorinromania.com\/index.php?rest_route=\/wp\/v2\/users\/1"}],"replies":[{"embeddable":true,"href":"https:\/\/calatorinromania.com\/index.php?rest_route=%2Fwp%2Fv2%2Fcomments&post=39272"}],"version-history":[{"count":1,"href":"https:\/\/calatorinromania.com\/index.php?rest_route=\/wp\/v2\/posts\/39272\/revisions"}],"predecessor-version":[{"id":39273,"href":"https:\/\/calatorinromania.com\/index.php?rest_route=\/wp\/v2\/posts\/39272\/revisions\/39273"}],"wp:featuredmedia":[{"embeddable":true,"href":"https:\/\/calatorinromania.com\/index.php?rest_route=\/wp\/v2\/media\/39187"}],"wp:attachment":[{"href":"https:\/\/calatorinromania.com\/index.php?rest_route=%2Fwp%2Fv2%2Fmedia&parent=39272"}],"wp:term":[{"taxonomy":"category","embeddable":true,"href":"https:\/\/calatorinromania.com\/index.php?rest_route=%2Fwp%2Fv2%2Fcategories&post=39272"},{"taxonomy":"post_tag","embeddable":true,"href":"https:\/\/calatorinromania.com\/index.php?rest_route=%2Fwp%2Fv2%2Ftags&post=39272"}],"curies":[{"name":"wp","href":"https:\/\/api.w.org\/{rel}","templated":true}]}}