{"id":39246,"date":"2025-05-15T07:02:35","date_gmt":"2025-05-15T07:02:35","guid":{"rendered":"https:\/\/calatorinromania.com\/?p=39246"},"modified":"2025-05-15T07:02:35","modified_gmt":"2025-05-15T07:02:35","slug":"ce-tragedie","status":"publish","type":"post","link":"https:\/\/calatorinromania.com\/?p=39246","title":{"rendered":"\u2014 Ce tragedie?"},"content":{"rendered":"\n<h3>DISCLAIMER: Acest site este neutru din punct de vedere politic \u0219i nu sus\u021bine niciun partid sau ideologie politic\u0103.<\/h3>\n\n\n\n<p>\u2014 Ce tragedie? \u2014 \u00eentreb\u0103 Michael, \u00eencrunt\u00e2ndu-se.<\/p>\n\n\n\n<p>B\u0103tr\u00e2na oft\u0103, tr\u0103g\u00e2ndu-\u0219i \u0219alul mai aproape de umeri.<\/p>\n\n\n\n<p>\u2014 Un accident de ma\u0219in\u0103. S-a \u00eent\u00e2mplat exact la intrarea pe pod. O femeie \u0219i b\u0103ie\u021belul ei au fost lovi\u021bi. Mama a murit pe loc. Copilul a fost dus la spital. C\u00e2nd am venit aici a doua zi\u2026 ea \u2014 spuse, ar\u0103t\u00e2nd spre c\u00e2ine \u2014 st\u0103tea deja acolo.<\/p>\n\n\n\n<p>Michael \u0219i Leo se priveau \u00een t\u0103cere. V\u00e2ntul rece b\u0103tea u\u0219or printre grinzile podului, iar c\u00e2inele r\u0103m\u00e2nea nemi\u0219cat, privind apa cu o melancolie dureroas\u0103. Oamenii din jur se retr\u0103geau \u00eencet, l\u0103s\u00e2nd loc lini\u0219tii.<\/p>\n\n\n\n<p>\u2014 Trebuie s\u0103 afl\u0103m mai multe, \u2014 spuse Michael. \u2014 Poate e chipul unei leg\u0103turi care nu s-a rupt.<\/p>\n\n\n\n<p>La sec\u021bie, cei doi ofi\u021beri \u00eencepur\u0103 s\u0103 cerceteze. Confirmarea nu \u00eent\u00e2rzie: \u00eentr-adev\u0103r, cu o s\u0103pt\u0103m\u00e2n\u0103 \u00een urm\u0103, la exact aceea\u0219i or\u0103, o femeie \u0219i fiul ei fuseser\u0103 victimele unui accident grav. Mama murise. Copilul, pe nume David, se afla \u00een spital \u00een stare grav\u0103. \u00cen fi\u0219a lor de familie era men\u021bionat un c\u00e2ine \u2014 Hera, ciob\u0103neasc\u0103 german\u0103.<\/p>\n\n\n\n<p>Michael str\u00e2nse dosarul la piept \u0219i plec\u0103 direct la spital.<\/p>\n\n\n\n<p>\u2014 Trebuie s\u0103 o aducem pe Hera la David, \u2014 \u00eei spuse asistentei.<\/p>\n\n\n\n<p>\u2014 Copilul \u00eenc\u0103 nu vorbe\u0219te, dar reac\u021bioneaz\u0103 la sunete. Poate\u2026 poate \u00eel va ajuta, \u2014 r\u0103spunse femeia cu un z\u00e2mbet cald.<\/p>\n\n\n\n<p>Diminea\u021ba urm\u0103toare, Hera fu dus\u0103 cu grij\u0103 \u00een salon. Nu l\u0103tra, nu f\u0103cea zgomot. Doar privirea ei p\u0103rea s\u0103 str\u0103bat\u0103 fiecare col\u021b al camerei, p\u00e2n\u0103 c\u00e2nd z\u0103ri patul alb, \u0219i pe el \u2014 un trup mic, nemi\u0219cat.<\/p>\n\n\n\n<p>C\u00e2inele se apropie \u00eencet. \u00ce\u0219i a\u0219ez\u0103 botul pe marginea patului, cu o tandre\u021be sf\u00e2\u0219ietoare. \u0218i atunci, ceva miraculos se \u00eent\u00e2mpl\u0103: degetele b\u0103ie\u021belului se mi\u0219car\u0103 u\u0219or \u0219i atinse urechea c\u0103\u021belei.<\/p>\n\n\n\n<p>\u2014 Reac\u021bioneaz\u0103! \u2014 strig\u0103 o asistent\u0103, iar medicii n\u0103v\u0103lir\u0103 \u00een camer\u0103.<\/p>\n\n\n\n<p>Zi dup\u0103 zi, Hera venea. St\u0103tea ore \u00een \u0219ir l\u00e2ng\u0103 patul lui David. Iar el, \u00eencepuse s\u0103 z\u00e2mbeasc\u0103 din nou. Mai t\u00e2rziu, vorbi. Primul cuv\u00e2nt rostit dup\u0103 tragedie a fost:<br>\u2014 Hera\u2026<\/p>\n\n\n\n<p>Trei luni mai t\u00e2rziu, David fusese externat. Fusese \u00eencredin\u021bat unei m\u0103tu\u0219i, singura rud\u0103 apropiat\u0103. Era o femeie cald\u0103, pe nume Clara, care \u00eei amenajase camera cu fotografii ale p\u0103rin\u021bilor \u0219i perne cu l\u0103bu\u021be de c\u00e2ine.<\/p>\n\n\n\n<p>Michael \u00eei vizita din c\u00e2nd \u00een c\u00e2nd. Rela\u021bia cu b\u0103iatul devenise special\u0103. \u00centr-o dup\u0103-amiaz\u0103, Clara se apropie de poli\u021bist cu o can\u0103 de ceai.<\/p>\n\n\n\n<p>\u2014 \u0218ti\u021bi\u2026 David \u00ee\u0219i dore\u0219te s\u0103 fi\u021bi na\u0219ul lui. Zice c\u0103 dumneavoastr\u0103 l-a\u021bi adus \u00eenapoi. \u0218i pe Hera.<\/p>\n\n\n\n<p>Michael z\u00e2mbi. Ochii i se umezir\u0103, dar vocea \u00eei r\u0103mase ferm\u0103.<\/p>\n\n\n\n<p>\u2014 Ar fi o onoare.<\/p>\n\n\n\n<p>Anii au trecut. David crescuse \u00eentr-un t\u00e2n\u0103r vesel, pasionat de animale. \u00cempreun\u0103 cu Hera, mergea la centre de copii cu dizabilit\u0103\u021bi. C\u0103\u021belu\u0219a, deja \u00een v\u00e2rst\u0103, devenise simbolul speran\u021bei. La o gal\u0103 organizat\u0103 de prim\u0103rie, David \u021binu un discurs:<\/p>\n\n\n\n<p>\u2014 Hera mi-a salvat via\u021ba. Nu doar cu loialitatea ei, ci prin amintirea mamei. Prin ea am \u00eenv\u0103\u021bat ce \u00eenseamn\u0103 iubirea pur\u0103.<\/p>\n\n\n\n<p>C\u00e2nd, \u00eentr-o toamn\u0103, Hera se stinse lini\u0219tit \u00een somn, David plant\u0103 un copac \u00een parc, l\u00e2ng\u0103 podul unde totul \u00eencepuse. Sub el, o plac\u0103 mic\u0103 scria:<\/p>\n\n\n\n<p>\u201eHera \u2014 prietena care a vegheat \u00eentre lumi.\u201d<\/p>\n\n\n\n<p>Michael, deja pensionat, privea totul cu inima plin\u0103.<\/p>\n\n\n\n<p>\u2014 Uneori, o inim\u0103 de c\u00e2ine poate repara o inim\u0103 de copil. \u0218i mai mult dec\u00e2t at\u00e2t\u2026 poate uni suflete.<\/p>\n","protected":false},"excerpt":{"rendered":"<p>DISCLAIMER: Acest site este neutru din punct de vedere politic \u0219i nu sus\u021bine niciun partid sau ideologie politic\u0103. \u2014 Ce tragedie? \u2014 \u00eentreb\u0103 Michael, \u00eencrunt\u00e2ndu-se.<\/p>\n","protected":false},"author":1,"featured_media":39187,"comment_status":"closed","ping_status":"closed","sticky":false,"template":"","format":"standard","meta":[],"categories":[1],"tags":[],"_links":{"self":[{"href":"https:\/\/calatorinromania.com\/index.php?rest_route=\/wp\/v2\/posts\/39246"}],"collection":[{"href":"https:\/\/calatorinromania.com\/index.php?rest_route=\/wp\/v2\/posts"}],"about":[{"href":"https:\/\/calatorinromania.com\/index.php?rest_route=\/wp\/v2\/types\/post"}],"author":[{"embeddable":true,"href":"https:\/\/calatorinromania.com\/index.php?rest_route=\/wp\/v2\/users\/1"}],"replies":[{"embeddable":true,"href":"https:\/\/calatorinromania.com\/index.php?rest_route=%2Fwp%2Fv2%2Fcomments&post=39246"}],"version-history":[{"count":1,"href":"https:\/\/calatorinromania.com\/index.php?rest_route=\/wp\/v2\/posts\/39246\/revisions"}],"predecessor-version":[{"id":39247,"href":"https:\/\/calatorinromania.com\/index.php?rest_route=\/wp\/v2\/posts\/39246\/revisions\/39247"}],"wp:featuredmedia":[{"embeddable":true,"href":"https:\/\/calatorinromania.com\/index.php?rest_route=\/wp\/v2\/media\/39187"}],"wp:attachment":[{"href":"https:\/\/calatorinromania.com\/index.php?rest_route=%2Fwp%2Fv2%2Fmedia&parent=39246"}],"wp:term":[{"taxonomy":"category","embeddable":true,"href":"https:\/\/calatorinromania.com\/index.php?rest_route=%2Fwp%2Fv2%2Fcategories&post=39246"},{"taxonomy":"post_tag","embeddable":true,"href":"https:\/\/calatorinromania.com\/index.php?rest_route=%2Fwp%2Fv2%2Ftags&post=39246"}],"curies":[{"name":"wp","href":"https:\/\/api.w.org\/{rel}","templated":true}]}}