{"id":39244,"date":"2025-05-15T06:16:09","date_gmt":"2025-05-15T06:16:09","guid":{"rendered":"https:\/\/calatorinromania.com\/?p=39244"},"modified":"2025-05-15T06:16:10","modified_gmt":"2025-05-15T06:16:10","slug":"o-fosta-detinuta-s-a-casatorit-cu-un-bogatas-in-scaun-cu-rotile-vecinii-doar-susoteau-si-aratau-cu-degetul-dar-in-prima-noapte-de-nunta-tipatul-ei-i-a-lasat-pe-toti-masca","status":"publish","type":"post","link":"https:\/\/calatorinromania.com\/?p=39244","title":{"rendered":"O fost\u0103 de\u021binut\u0103 s-a c\u0103s\u0103torit cu un bog\u0103ta\u0219 \u00een scaun cu rotile \u2014 vecinii doar \u0219u\u0219oteau \u0219i ar\u0103tau cu degetul! Dar \u00een prima noapte de nunt\u0103, \u021bip\u0103tul ei i-a l\u0103sat pe to\u021bi masc\u0103\u2026"},"content":{"rendered":"\n<p><strong>\u201e\u021aip\u0103tul din noaptea nun\u021bii\u201d<\/strong><\/p>\n\n\n\n<p>Dup\u0103 nunt\u0103, Iulia \u0219i Victor s-au \u00eentors \u00een apartamentul lor din cartierul vechi, la marginea Rus\u00e1novk\u0103i. Era lini\u0219te pe strad\u0103, dar \u00een capul Iuliei \u2014 g\u00e2ndurile trop\u0103iau ca ni\u0219te cai speria\u021bi.<\/p>\n\n\n\n<p>\u2014 Obosit\u0103? \u2014 o \u00eentreb\u0103 Victor, cu o voce cald\u0103, \u00een timp ce ro\u021bile scaunului lui fo\u0219neau pe parchetul lucios.<\/p>\n\n\n\n<p>\u2014 Nu&#8230; Doar cople\u0219it\u0103, \u2014 z\u00e2mbi ea slab.<\/p>\n\n\n\n<p>Se aplec\u0103 spre el \u0219i \u00eel s\u0103rut\u0103 pe frunte. Ochii b\u0103rbatului, de un albastru sp\u0103l\u0103cit, se umezir\u0103. Nu \u0219tia dac\u0103 din recuno\u0219tin\u021b\u0103 sau fric\u0103. Poate am\u00e2ndou\u0103.<\/p>\n\n\n\n<p>Vecinii nu se lini\u0219iser\u0103 nici dup\u0103 petrecere. Doamna Marga de la trei deja suna pe cineva.<\/p>\n\n\n\n<p>\u2014 Auzi, drag\u0103, cic\u0103 s-au dus acas\u0103. \u00ce\u021bi dai seama, prima noapte\u2026 cu el a\u0219a. \u0218i ea\u2026 cine \u0219tie ce plan are. Nu-mi spune mie c\u0103 e iubire! Ai v\u0103zut ce privire are fata aia? Parc\u0103 ascunde ceva&#8230;<\/p>\n\n\n\n<p>**<\/p>\n\n\n\n<p>Ora 23:47.<br>\u00cen dormitorul cu pere\u021bi v\u0103rui\u021bi recent, Iulia st\u0103tea pe marginea patului. Rochia alb\u0103 era aruncat\u0103 pe sp\u0103tarul scaunului. Victor \u00ee\u0219i a\u0219tepta t\u0103cut so\u021bia. Se sim\u021bea vulnerabil, dar fericit.<\/p>\n\n\n\n<p>\u2014 Vreau s\u0103-\u021bi spun ceva, Victor, \u2014 rosti ea, cu glas sc\u0103zut.<\/p>\n\n\n\n<p>\u2014 Spune, iubito.<\/p>\n\n\n\n<p>\u2014 Nu \u021bi-am ascuns niciodat\u0103 c\u0103 am fost \u00eenchis\u0103. \u0218tii povestea&#8230; dar nu \u021bi-am spus TOTUL.<\/p>\n\n\n\n<p>Victor o privea cu aten\u021bie. Nu p\u0103rea speriat. Doar&#8230; curios.<\/p>\n\n\n\n<p>\u2014 Acolo, \u00een penitenciar, am \u00eenv\u0103\u021bat multe. Despre oameni. Despre manipulare. Despre supravie\u021buire. \u0218i despre&#8230; control.<\/p>\n\n\n\n<p>Un fior \u00eei trecu prin spate b\u0103rbatului.<\/p>\n\n\n\n<p>\u2014 Iulia, ce vrei s\u0103 spui?<\/p>\n\n\n\n<p>Femeia se ridic\u0103, calm\u0103, \u0219i scoase dintr-un sertar un dosar vechi. \u00cel puse pe mas\u0103.<\/p>\n\n\n\n<p>\u2014 Despre accidentul t\u0103u. Ai zis c\u0103 a fost o fr\u00e2n\u0103 defect\u0103. Un ghinion. Dar eu \u0219tiam&#8230; c\u0103 nu a fost \u00eent\u00e2mplare. \u0218tiam cine ai fost. \u0218i ce ai f\u0103cut.<\/p>\n\n\n\n<p>Victor r\u0103mase mut.<\/p>\n\n\n\n<p>\u2014 Te numeai altfel atunci, dar te-am recunoscut. Tu ai distrus familia mea, afacerea tat\u0103lui meu&#8230; \u0219i ai disp\u0103rut. P\u00e2n\u0103 \u00eentr-o zi, c\u00e2nd te-am v\u0103zut \u00eentr-un interviu TV, \u00een scaun cu rotile. Atunci am \u0219tiut: roata s-a \u00eentors.<\/p>\n\n\n\n<p>Un fo\u0219net sec.<\/p>\n\n\n\n<p>Victor \u00eencerca s\u0103 ajung\u0103 la telefon, dar Iulia deja \u00eel avea \u00een m\u00e2n\u0103.<\/p>\n\n\n\n<p>\u2014 Ce vrei de la mine? \u2014 \u00eentreb\u0103 el, palid.<\/p>\n\n\n\n<p>\u2014 Adev\u0103rul. Adev\u0103rul care o s\u0103-i lase pe to\u021bi cu gura c\u0103scat\u0103. \u0218i libertatea mea complet\u0103.<\/p>\n\n\n\n<p>\u00cen acel moment, din apartament se auzi un \u021bip\u0103t. Unul scurt, dar sf\u00e2\u0219ietor.<\/p>\n\n\n\n<p>Vecinii tres\u0103rir\u0103. Marga deja se uita pe vizor.<\/p>\n\n\n\n<p>\u2014 Ce-a fost aia?!<\/p>\n\n\n\n<p>\u2014 \u021ai-am zis eu c\u0103 o s\u0103 se \u00eent\u00e2mple ceva, \u2014 \u0219opti cineva de la doi.<\/p>\n\n\n\n<p>**<\/p>\n\n\n\n<p>Dar nimeni nu avea s\u0103 afle adev\u0103rul \u00een noaptea aia. Pentru c\u0103, diminea\u021ba, Victor a fost dus cu ambulan\u021ba \u2014 un atac de panic\u0103 sever, urmat de un blocaj respirator. Nu vorbi cu nimeni. Nu denun\u021b\u0103 nimic. T\u0103cea.<\/p>\n\n\n\n<p>Iulia, \u00een schimb, era senin\u0103. Ie\u0219ea cu plasele de cump\u0103r\u0103turi, d\u0103dea bun\u0103 diminea\u021ba tuturor \u0219i z\u00e2mbea frumos.<\/p>\n\n\n\n<p>\u0218i atunci vecinii au \u00eenceput s\u0103 \u0219u\u0219oteasc\u0103 din nou:<\/p>\n\n\n\n<p>\u2014 Ce femeie!<br>\u2014 Cine \u0219tie ce i-o fi f\u0103cut?<br>\u2014 Dar uite cum a \u00eenflorit! Radiaz\u0103!<\/p>\n\n\n\n<p>**<\/p>\n\n\n\n<p>Adev\u0103rul?<\/p>\n\n\n\n<p>Iulia nu c\u0103uta r\u0103zbunare. C\u0103uta eliberare. \u0218i o avea. Cu fiecare clip\u0103 \u00een care Victor tr\u0103ia cu adev\u0103rul pe con\u0219tiin\u021b\u0103, Iulia sim\u021bea c\u0103 via\u021ba \u00eencepe, \u00een sf\u00e2r\u0219it, s\u0103-i apar\u021bin\u0103. <\/p>\n","protected":false},"excerpt":{"rendered":"<p>\u201e\u021aip\u0103tul din noaptea nun\u021bii\u201d Dup\u0103 nunt\u0103, Iulia \u0219i Victor s-au \u00eentors \u00een apartamentul lor din cartierul vechi, la marginea Rus\u00e1novk\u0103i. Era lini\u0219te pe strad\u0103, dar<\/p>\n","protected":false},"author":1,"featured_media":39099,"comment_status":"closed","ping_status":"closed","sticky":false,"template":"","format":"standard","meta":[],"categories":[1],"tags":[],"_links":{"self":[{"href":"https:\/\/calatorinromania.com\/index.php?rest_route=\/wp\/v2\/posts\/39244"}],"collection":[{"href":"https:\/\/calatorinromania.com\/index.php?rest_route=\/wp\/v2\/posts"}],"about":[{"href":"https:\/\/calatorinromania.com\/index.php?rest_route=\/wp\/v2\/types\/post"}],"author":[{"embeddable":true,"href":"https:\/\/calatorinromania.com\/index.php?rest_route=\/wp\/v2\/users\/1"}],"replies":[{"embeddable":true,"href":"https:\/\/calatorinromania.com\/index.php?rest_route=%2Fwp%2Fv2%2Fcomments&post=39244"}],"version-history":[{"count":1,"href":"https:\/\/calatorinromania.com\/index.php?rest_route=\/wp\/v2\/posts\/39244\/revisions"}],"predecessor-version":[{"id":39245,"href":"https:\/\/calatorinromania.com\/index.php?rest_route=\/wp\/v2\/posts\/39244\/revisions\/39245"}],"wp:featuredmedia":[{"embeddable":true,"href":"https:\/\/calatorinromania.com\/index.php?rest_route=\/wp\/v2\/media\/39099"}],"wp:attachment":[{"href":"https:\/\/calatorinromania.com\/index.php?rest_route=%2Fwp%2Fv2%2Fmedia&parent=39244"}],"wp:term":[{"taxonomy":"category","embeddable":true,"href":"https:\/\/calatorinromania.com\/index.php?rest_route=%2Fwp%2Fv2%2Fcategories&post=39244"},{"taxonomy":"post_tag","embeddable":true,"href":"https:\/\/calatorinromania.com\/index.php?rest_route=%2Fwp%2Fv2%2Ftags&post=39244"}],"curies":[{"name":"wp","href":"https:\/\/api.w.org\/{rel}","templated":true}]}}